{"id":23982,"date":"2025-03-20T08:27:51","date_gmt":"2025-03-20T12:27:51","guid":{"rendered":"https:\/\/belacereais.com.br\/2025\/milho\/forte-valorizacao-do-milho-preocupa-setor-suinicola\/"},"modified":"2025-03-20T08:27:51","modified_gmt":"2025-03-20T12:27:51","slug":"forte-valorizacao-do-milho-preocupa-setor-suinicola","status":"publish","type":"post","link":"https:\/\/belacereais.com.br\/en\/2025\/milho\/forte-valorizacao-do-milho-preocupa-setor-suinicola\/","title":{"rendered":"Strong appreciation of corn worries swine sector"},"content":{"rendered":"<p><\/p>\n<div id=\"mvp-content-main\" class=\"left relative\">\n<p>The successive increases in corn prices have worried the national pig farming sector regarding the activity margin.<\/p>\n<p>Cepea surveys show that, in the partial of this year (up to March 18), the cereal traded in the Campinas region (SP) \u2013 represented by the Esalq\/BM&amp;FBovespa Indicator \u2013 has already risen a significant 24%.<\/p>\n<p>This week, the average value of cereals sold in S\u00e3o Paulo reached R$$ 90\/60 kg bag, a nominal level that has not been seen since April 2022.<\/p>\n<p>According to Cepea&#039;s Grains team, the boost comes from low corn stocks and heated demand.<\/p>\n<p>Live pig prices are falling, reflecting, according to the Research Center, the supply of animals exceeding the demand from slaughterhouses for new batches.<\/p>\n<\/p><\/div>\n<h6><em>THE <strong>Bela Cereais<\/strong> works with the best grains on the market and also keeps you up to date with the latest news and analyses on agribusiness.<br \/>\nDon&#039;t forget to follow our social networks.<\/em><\/h6>\n<p><a href=\"https:\/\/opresenterural.com.br\/forte-valorizacao-do-milho-preocupa-setor-suinicola\/\" target=\"_blank\" rel=\"noopener\">Access News Source <\/a><\/p>","protected":false},"excerpt":{"rendered":"<p>Os seguidos aumentos nos pre\u00e7os do milho t\u00eam preocupado o setor suin\u00edcola nacional quanto \u00e0&hellip;<\/p>","protected":false},"author":1,"featured_media":23983,"comment_status":"","ping_status":"","sticky":false,"template":"","format":"standard","meta":{"footnotes":""},"categories":[223],"tags":[],"class_list":["post-23982","post","type-post","status-publish","format-standard","has-post-thumbnail","hentry","category-milho"],"_links":{"self":[{"href":"https:\/\/belacereais.com.br\/en\/wp-json\/wp\/v2\/posts\/23982","targetHints":{"allow":["GET"]}}],"collection":[{"href":"https:\/\/belacereais.com.br\/en\/wp-json\/wp\/v2\/posts"}],"about":[{"href":"https:\/\/belacereais.com.br\/en\/wp-json\/wp\/v2\/types\/post"}],"author":[{"embeddable":true,"href":"https:\/\/belacereais.com.br\/en\/wp-json\/wp\/v2\/users\/1"}],"replies":[{"embeddable":true,"href":"https:\/\/belacereais.com.br\/en\/wp-json\/wp\/v2\/comments?post=23982"}],"version-history":[{"count":0,"href":"https:\/\/belacereais.com.br\/en\/wp-json\/wp\/v2\/posts\/23982\/revisions"}],"wp:featuredmedia":[{"embeddable":true,"href":"https:\/\/belacereais.com.br\/en\/wp-json\/wp\/v2\/media\/23983"}],"wp:attachment":[{"href":"https:\/\/belacereais.com.br\/en\/wp-json\/wp\/v2\/media?parent=23982"}],"wp:term":[{"taxonomy":"category","embeddable":true,"href":"https:\/\/belacereais.com.br\/en\/wp-json\/wp\/v2\/categories?post=23982"},{"taxonomy":"post_tag","embeddable":true,"href":"https:\/\/belacereais.com.br\/en\/wp-json\/wp\/v2\/tags?post=23982"}],"curies":[{"name":"wp","href":"https:\/\/api.w.org\/{rel}","templated":true}]}}