{"id":24999,"date":"2025-06-11T14:40:34","date_gmt":"2025-06-11T18:40:34","guid":{"rendered":"https:\/\/belacereais.com.br\/2025\/safra\/plano-safra-deve-ser-politica-de-estado-nao-questao-ideologica-defende-presidente-da-fpa\/"},"modified":"2025-06-11T14:40:34","modified_gmt":"2025-06-11T18:40:34","slug":"plano-safra-deve-ser-politica-de-estado-nao-questao-ideologica-defende-presidente-da-fpa","status":"publish","type":"post","link":"https:\/\/belacereais.com.br\/en\/2025\/safra\/plano-safra-deve-ser-politica-de-estado-nao-questao-ideologica-defende-presidente-da-fpa\/","title":{"rendered":"\u201cSafra Plan should be a state policy, not an ideological issue\u201d, says FPA president"},"content":{"rendered":"<p><\/p>\n<div id=\"mvp-content-main\" class=\"left relative\">\n<p class=\"v1MsoNormal\">The Parliamentary Front for Agriculture (FPA) held the 2025\/2026 Harvest Plan Seminar on Tuesday (10) with the aim of discussing weaknesses in the current program and seeking solutions that ensure greater predictability, a greater volume of resources and more robust rural insurance in the country. The event brought together parliamentarians, agricultural leaders, risk management experts and financial market representatives to discuss concrete proposals for improving support for rural producers.<\/p>\n<p class=\"v1MsoNormal\">For the president of the FPA, congressman Pedro Lupion (PP-PR), this year&#039;s harvest plan is \u201cextremely challenging\u201d given the scenario of high production costs, rising freight rates and lack of guarantees regarding interest rate equalization. According to him, the biggest challenge is to transform the program into a state policy, free from ideological or electoral biases. \u201cWe have to treat the harvest plan as a strategic issue for the country, focused on a sector that is essential to the economy. Food inflation is not fought on the supermarket shelf or at the import port, but rather by supporting our producers. This is the time to value Brazilian agriculture,\u201d he stated.<\/p>\n<p class=\"v1MsoNormal\">Lupion said he will meet with the Minister of Agriculture, Carlos F\u00e1varo, to discuss financing for the sector and the possible taxation of instruments such as LCA and Fiagro. According to him, measures of this type discourage investment in agriculture and represent the worst possible scenario. \u201cCeasing to be attractive to investors is the worst possible path, which is why we need to find alternatives for financing the sector. We are moving in the opposite direction, especially when we have ministers who do not talk to Congress. We do not know what will be done in the harvest plan or where the money will come from,\u201d he warned.<\/p>\n<div id=\"attachment_184595\" style=\"width: 310px\" class=\"wp-caption alignleft\"><a href=\"https:\/\/i0.wp.com\/opresenterural.com.br\/wp-content\/uploads\/2025\/06\/54580682194_d100b873c8_c-750x375-1.jpg?ssl=1\" target=\"_blank\" rel=\"noopener\"><img data-recalc-dims=\"1\" decoding=\"async\" aria-describedby=\"caption-attachment-184595\" data-attachment-id=\"184595\" src=\"https:\/\/opresenterural.com.br\/plano-safra-deve-ser-politica-de-estado-nao-questao-ideologica-defende-presidente-da-fpa\/54580682194_d100b873c8_c-750x375\/\" data-orig-file=\"https:\/\/i0.wp.com\/opresenterural.com.br\/wp-content\/uploads\/2025\/06\/54580682194_d100b873c8_c-750x375-1.jpg?fit=750%2C375&amp;ssl=1\" data-orig-size=\"750,375\" data-comments-opened=\"0\" data-image-meta='{\"aperture\":\"0\",\"credit\":\"\",\"camera\":\"\",\"caption\":\"\",\"created_timestamp\":\"0\",\"copyright\":\"\",\"focal_length\":\"0\",\"iso\":\"0\",\"shutter_speed\":\"0\",\"title\":\"\",\"orientation\":\"0\"}' data-image-title=\"Frente parlamentar\" data-image-description=\"\" data-image-caption=\"&lt;p&gt;Foto: FPA&lt;\/p&gt;\" data-medium-file=\"https:\/\/i0.wp.com\/opresenterural.com.br\/wp-content\/uploads\/2025\/06\/54580682194_d100b873c8_c-750x375-1.jpg?fit=300%2C150&amp;ssl=1\" data-large-file=\"https:\/\/i0.wp.com\/opresenterural.com.br\/wp-content\/uploads\/2025\/06\/54580682194_d100b873c8_c-750x375-1.jpg?fit=740%2C370&amp;ssl=1\" class=\"size-medium wp-image-184595\" alt=\"\" width=\"300\" height=\"150\" srcset=\"https:\/\/i0.wp.com\/opresenterural.com.br\/wp-content\/uploads\/2025\/06\/54580682194_d100b873c8_c-750x375-1.jpg?resize=300%2C150&amp;ssl=1 300w, https:\/\/i0.wp.com\/opresenterural.com.br\/wp-content\/uploads\/2025\/06\/54580682194_d100b873c8_c-750x375-1.jpg?resize=600%2C300&amp;ssl=1 600w, https:\/\/i0.wp.com\/opresenterural.com.br\/wp-content\/uploads\/2025\/06\/54580682194_d100b873c8_c-750x375-1.jpg?w=750&amp;ssl=1 750w\" sizes=\"(max-width: 300px) 100vw, 300px\"><\/a><\/p>\n<p id=\"caption-attachment-184595\" class=\"wp-caption-text\">Photo: FPA<\/p>\n<\/div>\n<p class=\"v1MsoNormal\">Senator Tereza Cristina (PP-MS), vice-president of the FPA in the Senate, also expressed concern about the government&#039;s lack of definition and criticized public spending. For her, there is a structural problem: the government collects a lot, but spends poorly. \u201cI said some time ago that I would not like to be Minister of Agriculture at this time. I knew that it would be a difficult harvest plan due to fiscal disorganization. Even though it collects, the government does not prioritize the sector that drives the economy the most. We want to be partners with Minister F\u00e1varo, but we need to deliver a plan that is compatible with the importance of agriculture,\u201d she stated.<\/p>\n<p class=\"v1MsoNormal\">The vice president of the FPA in the Chamber of Deputies, Congressman Arnaldo Jardim (Cidadania-SP), defended objective measures to reduce bureaucracy and bring what is announced by the government closer to what actually reaches producers. He reinforced that the agricultural sector is not subsidized, contrary to what is often said. \u201cWhat we are asking for is the result of dialogue with agricultural entities. We are not just demanding, we have been suggesting alternatives for some time so that the plan is fair to rural producers. Our sector is not subsidized as most people think and we are always fighting so that rural workers have the minimum wage to be able to work\u201d, he explained.<\/p>\n<h4 class=\"v1MsoNormal\"><strong>Criticism of the government<\/strong><\/h4>\n<p class=\"v1MsoNormal\">During the seminar, members of parliament also criticized the federal government. Congressman Rodolfo Nogueira (PL-MS), president of the Chamber of Deputies\u2019 Agriculture Committee (CAPADR), stated that there is an alignment between ministries against the agricultural sector. \u201cWe are concerned about rural producers. This government is persecuting the productive sector. It is difficult to be diplomatic when you observe the way the agricultural sector is treated. There is an alignment between ministries against producers,\u201d he said.<a href=\"https:\/\/i0.wp.com\/opresenterural.com.br\/wp-content\/uploads\/2025\/05\/shutterstock_2118742478-1.jpg?ssl=1\" target=\"_blank\" rel=\"noopener\"><img fetchpriority=\"high\" data-recalc-dims=\"1\" decoding=\"async\" data-attachment-id=\"183002\" src=\"https:\/\/opresenterural.com.br\/agronegocio-a-caminho-da-recuperacao\/pouringsoybeangrainintotractortrailerafterharvestat-6\/\" data-orig-file=\"https:\/\/i0.wp.com\/opresenterural.com.br\/wp-content\/uploads\/2025\/05\/shutterstock_2118742478-1.jpg?fit=1400%2C832&amp;ssl=1\" data-orig-size=\"1400,832\" data-comments-opened=\"0\" data-image-meta='{\"aperture\":\"0\",\"credit\":\"Shutterstock\",\"camera\":\"\",\"caption\":\"\",\"created_timestamp\":\"0\",\"copyright\":\"Copyright (c) 2022 Fotokostic\\\/Shutterstock.  No use without permission.\",\"focal_length\":\"0\",\"iso\":\"0\",\"shutter_speed\":\"0\",\"title\":\"Pouring,Soy,Bean,Grain,Into,Tractor,Trailer,After,Harvest,At\",\"orientation\":\"1\"}' data-image-title=\"milho colheita\" data-image-description=\"\" data-image-caption=\"&lt;p&gt;Foto: shutterstock&lt;\/p&gt;\" data-medium-file=\"https:\/\/i0.wp.com\/opresenterural.com.br\/wp-content\/uploads\/2025\/05\/shutterstock_2118742478-1.jpg?fit=300%2C178&amp;ssl=1\" data-large-file=\"https:\/\/i0.wp.com\/opresenterural.com.br\/wp-content\/uploads\/2025\/05\/shutterstock_2118742478-1.jpg?fit=740%2C440&amp;ssl=1\" class=\"size-medium wp-image-183002 alignright\" alt=\"\" width=\"300\" height=\"178\" srcset=\"https:\/\/i0.wp.com\/opresenterural.com.br\/wp-content\/uploads\/2025\/05\/shutterstock_2118742478-1.jpg?resize=300%2C178&amp;ssl=1 300w, https:\/\/i0.wp.com\/opresenterural.com.br\/wp-content\/uploads\/2025\/05\/shutterstock_2118742478-1.jpg?resize=1024%2C609&amp;ssl=1 1024w, https:\/\/i0.wp.com\/opresenterural.com.br\/wp-content\/uploads\/2025\/05\/shutterstock_2118742478-1.jpg?resize=768%2C456&amp;ssl=1 768w, https:\/\/i0.wp.com\/opresenterural.com.br\/wp-content\/uploads\/2025\/05\/shutterstock_2118742478-1.jpg?resize=600%2C357&amp;ssl=1 600w, https:\/\/i0.wp.com\/opresenterural.com.br\/wp-content\/uploads\/2025\/05\/shutterstock_2118742478-1.jpg?w=1400&amp;ssl=1 1400w\" sizes=\"(max-width: 300px) 100vw, 300px\"><\/a><\/p>\n<p class=\"v1MsoNormal\">Congressman S\u00e9rgio Souza (MDB-PR), former president of the FPA, stated that the group\u2019s actions have been aimed more at containing setbacks than at celebrating advances. He criticized public spending and defended the productive sector. \u201cThe government spends a lot and spends poorly. It takes its hands out of the pockets of those who produce because it doesn\u2019t know how to manage. This harms the agricultural sector and, consequently, society as a whole,\u201d he stated.<\/p>\n<p class=\"v1MsoNormal\">Senator Jaime Bagattoli (PL-SC) reinforced the need for the government to recognize the strategic importance of the agricultural sector. \u201cBrazil is facing difficulties, but the government still does not understand that agriculture is the driving force of the country. There is a lack of security for those who work and invest in the sector,\u201d he assessed.<\/p>\n<h4 class=\"v1MsoNormal\"><strong>Rural Credit<\/strong><\/h4>\n<p class=\"v1MsoNormal\">One of the central points of the debate was the need to expand and diversify rural credit sources, with greater predictability and less risk. For Linda Murasawa, director of Fractal, the cycles of climate and economic instability compromise producers\u2019 access to financing. \u201cWe are living in a time of extreme risks, which raise interest rates. The greater the risk, the higher the cost of credit and the greater the crop losses. This reduces the supply of insurance and may exclude producers from the financing system in the future. It is a worrying situation,\u201d she warned.<\/p>\n<p class=\"v1MsoNormal\">For Octaciano Neto, rural producer and founder of Zera.ag, if there is no control over public spending, the country will have to find an increasingly difficult solution. \u201cIf Brazil spends less than it collects, we will have a chance. But if everything continues as it is, we will not have rates that can be worked on and the sector will continue to struggle with the next plans.\u201d<\/p>\n<\/p><\/div>\n<h6><em>THE <strong>Bela Cereais<\/strong> works with the best grains on the market and also keeps you up to date with the latest news and analyses on agribusiness.<br \/>\nDon&#039;t forget to follow our social networks.<\/em><\/h6>\n<p><a href=\"https:\/\/opresenterural.com.br\/plano-safra-deve-ser-politica-de-estado-nao-questao-ideologica-defende-presidente-da-fpa\/\" target=\"_blank\" rel=\"noopener\">Access News Source <\/a><\/p>","protected":false},"excerpt":{"rendered":"<p>A Frente Parlamentar da Agropecu\u00e1ria (FPA) realizou nesta ter\u00e7a-feira (10) o Semin\u00e1rio Plano Safra 2025\/2026,&hellip;<\/p>","protected":false},"author":1,"featured_media":25000,"comment_status":"","ping_status":"","sticky":false,"template":"","format":"standard","meta":{"footnotes":""},"categories":[258],"tags":[],"class_list":["post-24999","post","type-post","status-publish","format-standard","has-post-thumbnail","hentry","category-safra"],"_links":{"self":[{"href":"https:\/\/belacereais.com.br\/en\/wp-json\/wp\/v2\/posts\/24999","targetHints":{"allow":["GET"]}}],"collection":[{"href":"https:\/\/belacereais.com.br\/en\/wp-json\/wp\/v2\/posts"}],"about":[{"href":"https:\/\/belacereais.com.br\/en\/wp-json\/wp\/v2\/types\/post"}],"author":[{"embeddable":true,"href":"https:\/\/belacereais.com.br\/en\/wp-json\/wp\/v2\/users\/1"}],"replies":[{"embeddable":true,"href":"https:\/\/belacereais.com.br\/en\/wp-json\/wp\/v2\/comments?post=24999"}],"version-history":[{"count":0,"href":"https:\/\/belacereais.com.br\/en\/wp-json\/wp\/v2\/posts\/24999\/revisions"}],"wp:featuredmedia":[{"embeddable":true,"href":"https:\/\/belacereais.com.br\/en\/wp-json\/wp\/v2\/media\/25000"}],"wp:attachment":[{"href":"https:\/\/belacereais.com.br\/en\/wp-json\/wp\/v2\/media?parent=24999"}],"wp:term":[{"taxonomy":"category","embeddable":true,"href":"https:\/\/belacereais.com.br\/en\/wp-json\/wp\/v2\/categories?post=24999"},{"taxonomy":"post_tag","embeddable":true,"href":"https:\/\/belacereais.com.br\/en\/wp-json\/wp\/v2\/tags?post=24999"}],"curies":[{"name":"wp","href":"https:\/\/api.w.org\/{rel}","templated":true}]}}