{"id":25328,"date":"2025-07-22T08:45:13","date_gmt":"2025-07-22T12:45:13","guid":{"rendered":"https:\/\/belacereais.com.br\/2025\/safra\/cambio-alto-e-safra-menor-sustentam-precos-do-trigo-no-sul\/"},"modified":"2025-07-22T08:45:13","modified_gmt":"2025-07-22T12:45:13","slug":"cambio-alto-e-safra-menor-sustentam-precos-do-trigo-no-sul","status":"publish","type":"post","link":"https:\/\/belacereais.com.br\/en\/2025\/safra\/cambio-alto-e-safra-menor-sustentam-precos-do-trigo-no-sul\/","title":{"rendered":"High exchange rates and smaller harvests support wheat prices in the South"},"content":{"rendered":"<p><\/p>\n<div id=\"mvp-content-main\" class=\"left relative\">\n<p>The higher exchange rate, which increases import parity, and the prospect of a smaller harvest supported wheat prices last week in Rio Grande do Sul and Paran\u00e1, according to Cepea surveys.<\/p>\n<p>According to the Research Center, sellers remain steadfast, monitoring crop development and\/or focusing on completing the current season&#039;s cultivation.<\/p>\n<p>Buyers continue to purchase according to market opportunities and especially seek imported products.<\/p>\n<p>In S\u00e3o Paulo, however, there was a greater decline in buyers and, as a result, some sellers ended up giving in to the requests, according to Cepea surveys.<\/p>\n<p>In the field, sowing reached 91% of the area destined for wheat cultivation in Brazil, in line with the equivalent interval in 2024 and with the average of the last five years.<\/p>\n<\/div>\n<h6><em>THE <strong>Bela Cereais<\/strong> works with the best grains on the market and also keeps you up to date with the latest news and analyses on agribusiness.<br \/>\nDon&#039;t forget to follow our social networks.<\/em><\/h6>\n<p><a href=\"https:\/\/opresenterural.com.br\/cambio-alto-e-safra-menor-sustentam-precos-do-trigo-no-sul\/\" target=\"_blank\" rel=\"noopener\">Access News Source <\/a><\/p>","protected":false},"excerpt":{"rendered":"<p>A maior taxa de c\u00e2mbio, que eleva a paridade de importa\u00e7\u00e3o, e a perspectiva de&hellip;<\/p>","protected":false},"author":1,"featured_media":24936,"comment_status":"","ping_status":"","sticky":false,"template":"","format":"standard","meta":{"footnotes":""},"categories":[258],"tags":[],"class_list":["post-25328","post","type-post","status-publish","format-standard","has-post-thumbnail","hentry","category-safra"],"_links":{"self":[{"href":"https:\/\/belacereais.com.br\/en\/wp-json\/wp\/v2\/posts\/25328","targetHints":{"allow":["GET"]}}],"collection":[{"href":"https:\/\/belacereais.com.br\/en\/wp-json\/wp\/v2\/posts"}],"about":[{"href":"https:\/\/belacereais.com.br\/en\/wp-json\/wp\/v2\/types\/post"}],"author":[{"embeddable":true,"href":"https:\/\/belacereais.com.br\/en\/wp-json\/wp\/v2\/users\/1"}],"replies":[{"embeddable":true,"href":"https:\/\/belacereais.com.br\/en\/wp-json\/wp\/v2\/comments?post=25328"}],"version-history":[{"count":0,"href":"https:\/\/belacereais.com.br\/en\/wp-json\/wp\/v2\/posts\/25328\/revisions"}],"wp:featuredmedia":[{"embeddable":true,"href":"https:\/\/belacereais.com.br\/en\/wp-json\/wp\/v2\/media\/24936"}],"wp:attachment":[{"href":"https:\/\/belacereais.com.br\/en\/wp-json\/wp\/v2\/media?parent=25328"}],"wp:term":[{"taxonomy":"category","embeddable":true,"href":"https:\/\/belacereais.com.br\/en\/wp-json\/wp\/v2\/categories?post=25328"},{"taxonomy":"post_tag","embeddable":true,"href":"https:\/\/belacereais.com.br\/en\/wp-json\/wp\/v2\/tags?post=25328"}],"curies":[{"name":"wp","href":"https:\/\/api.w.org\/{rel}","templated":true}]}}