{"id":25729,"date":"2025-09-12T14:39:04","date_gmt":"2025-09-12T18:39:04","guid":{"rendered":"https:\/\/belacereais.com.br\/2025\/exportacoes\/exportacoes-do-agronegocio-caem-em-agosto-apos-pico-em-julho\/"},"modified":"2025-09-12T14:39:04","modified_gmt":"2025-09-12T18:39:04","slug":"exportacoes-do-agronegocio-caem-em-agosto-apos-pico-em-julho","status":"publish","type":"post","link":"https:\/\/belacereais.com.br\/en\/2025\/exportacoes\/exportacoes-do-agronegocio-caem-em-agosto-apos-pico-em-julho\/","title":{"rendered":"Agribusiness exports fall in August after peak in July"},"content":{"rendered":"<p><\/p>\n<div id=\"mvp-content-main\" class=\"left relative\">\n<p data-start=\"316\" data-end=\"604\">Brazilian agribusiness exports totaled US$15.6 billion in August, according to data from the Secretariat of Foreign Trade (Secex) compiled by Ita\u00fa BBA Agro. The result represents a decrease of 8.31 TQ compared to July, but shows an increase of 1.51 TQ compared to August 2024.<\/p>\n<p data-start=\"606\" data-end=\"959\">Soybeans were the highlight of the month, with 9.3 million tons shipped, an increase of 16% compared to the same period last year, driven by demand from China, which took 85% of the grain. Despite the increase in volume, the average price fell 4.4%, to US$$ 415.4\/t. Soybean oil also gained ground, with a 40% increase in foreign sales.<\/p>\n<div id=\"attachment_163483\" style=\"width: 310px\" class=\"wp-caption alignleft\"><img fetchpriority=\"high\" data-recalc-dims=\"1\" decoding=\"async\" aria-describedby=\"caption-attachment-163483\" data-attachment-id=\"163483\" data-permalink=\"https:\/\/opresenterural.com.br\/apos-crescer-por-quatro-anos-seguidos-faturamento-com-exportacao-do-agro-pode-recuar-em-2024\/conteineres_-foto-claudio-neves-portos-do-parana-2\/\" data-orig-file=\"https:\/\/i0.wp.com\/opresenterural.com.br\/wp-content\/uploads\/2024\/11\/conteineres_-Foto-Claudio-Neves-Portos-do-Paran%C3%A1.jpg?fit=1400%2C933&amp;ssl=1\" data-orig-size=\"1400,933\" data-comments-opened=\"0\" data-image-meta='{\"aperture\":\"4.8\",\"credit\":\"ClaudioNeves\",\"camera\":\"NIKON D810\",\"caption\":\"\",\"created_timestamp\":\"1578656592\",\"copyright\":\"ClaudioNeves\",\"focal_length\":\"70\",\"iso\":\"400\",\"shutter_speed\":\"0.0005\",\"title\":\"\",\"orientation\":\"1\"}' data-image-title=\"conteineres_ Foto Claudio Neves Portos do Paran\u00e1\" data-image-description data-image-caption=\"&lt;p&gt;Foto: Claudio Neves&lt;\/p&gt;\" data-medium-file=\"https:\/\/i0.wp.com\/opresenterural.com.br\/wp-content\/uploads\/2024\/11\/conteineres_-Foto-Claudio-Neves-Portos-do-Paran%C3%A1.jpg?fit=300%2C200&amp;ssl=1\" data-large-file=\"https:\/\/i0.wp.com\/opresenterural.com.br\/wp-content\/uploads\/2024\/11\/conteineres_-Foto-Claudio-Neves-Portos-do-Paran%C3%A1.jpg?fit=740%2C493&amp;ssl=1\" class=\"size-medium wp-image-163483\" src=\"https:\/\/i0.wp.com\/opresenterural.com.br\/wp-content\/uploads\/2024\/11\/conteineres_-Foto-Claudio-Neves-Portos-do-Paran%C3%A1.jpg?resize=300%2C200&amp;ssl=1\" alt width=\"300\" height=\"200\" srcset=\"https:\/\/i0.wp.com\/opresenterural.com.br\/wp-content\/uploads\/2024\/11\/conteineres_-Foto-Claudio-Neves-Portos-do-Paran%C3%A1.jpg?resize=300%2C200&amp;ssl=1 300w, https:\/\/i0.wp.com\/opresenterural.com.br\/wp-content\/uploads\/2024\/11\/conteineres_-Foto-Claudio-Neves-Portos-do-Paran%C3%A1.jpg?resize=1024%2C682&amp;ssl=1 1024w, https:\/\/i0.wp.com\/opresenterural.com.br\/wp-content\/uploads\/2024\/11\/conteineres_-Foto-Claudio-Neves-Portos-do-Paran%C3%A1.jpg?resize=768%2C512&amp;ssl=1 768w, https:\/\/i0.wp.com\/opresenterural.com.br\/wp-content\/uploads\/2024\/11\/conteineres_-Foto-Claudio-Neves-Portos-do-Paran%C3%A1.jpg?resize=600%2C400&amp;ssl=1 600w, https:\/\/i0.wp.com\/opresenterural.com.br\/wp-content\/uploads\/2024\/11\/conteineres_-Foto-Claudio-Neves-Portos-do-Paran%C3%A1.jpg?w=1400&amp;ssl=1 1400w\" sizes=\"(max-width: 300px) 100vw, 300px\"><\/p>\n<p id=\"caption-attachment-163483\" class=\"wp-caption-text\">Photo: Claudio Neves<\/p>\n<\/div>\n<p data-start=\"961\" data-end=\"1415\">In the livestock sector, fresh beef shipments reached 269,000 tons, a record for August and 24% higher than in 2024. The average price per ton continued to rise, reaching US$$ 5,600.47, 26% higher year-over-year. Chicken meat volume fell 3.2% compared to the same month last year, with a 12.9% drop in prices, while pork shipments grew 1.5%, with an average price increase of 4.9%.<\/p>\n<p data-start=\"1417\" data-end=\"1706\">In the sugar-energy sector, ethanol exports increased 15% in volume, but prices fell 7.5% to US$$ (523.6\/m\u00b3). VHP sugar saw a 5.4% drop in shipments and a 12% drop in prices, while refined sugar grew 3% in volume, but with a 16% depreciation.<\/p>\n<p data-start=\"1708\" data-end=\"1899\">Among the products that registered a sharp decline, green coffee stood out, with a 31% drop in export volume. Despite this, prices soared 47%, reaching US$$ 6,179.7\/t.<\/p>\n<p data-start=\"1901\" data-end=\"2212\">Sales to the United States were impacted by the recently imposed tariffs. Total exports to the country fell 18.5% compared to August 2024, with agribusiness accounting for only 28% of the total US$2.8 billion. Forestry products, coffee, and beef were among the most affected.<\/p>\n<\/div>\n<h6><em>THE <strong>Bela Cereais<\/strong> works with the best grains on the market and also keeps you up to date with the latest news and analyses on agribusiness.<br \/>\nDon&#039;t forget to follow our social networks.<\/em><\/h6>\n<p><a href=\"https:\/\/opresenterural.com.br\/exportacoes-do-agronegocio-caem-em-agosto-apos-pico-em-julho\/\" target=\"_blank\" rel=\"noopener\">Access News Source <\/a><\/p>","protected":false},"excerpt":{"rendered":"<p>As exporta\u00e7\u00f5es do agroneg\u00f3cio brasileiro somaram US$ 15,6 bilh\u00f5es em agosto, segundo dados da Secretaria&hellip;<\/p>","protected":false},"author":1,"featured_media":25730,"comment_status":"","ping_status":"","sticky":false,"template":"","format":"standard","meta":{"footnotes":""},"categories":[7],"tags":[],"class_list":["post-25729","post","type-post","status-publish","format-standard","has-post-thumbnail","hentry","category-exportacoes"],"_links":{"self":[{"href":"https:\/\/belacereais.com.br\/en\/wp-json\/wp\/v2\/posts\/25729","targetHints":{"allow":["GET"]}}],"collection":[{"href":"https:\/\/belacereais.com.br\/en\/wp-json\/wp\/v2\/posts"}],"about":[{"href":"https:\/\/belacereais.com.br\/en\/wp-json\/wp\/v2\/types\/post"}],"author":[{"embeddable":true,"href":"https:\/\/belacereais.com.br\/en\/wp-json\/wp\/v2\/users\/1"}],"replies":[{"embeddable":true,"href":"https:\/\/belacereais.com.br\/en\/wp-json\/wp\/v2\/comments?post=25729"}],"version-history":[{"count":0,"href":"https:\/\/belacereais.com.br\/en\/wp-json\/wp\/v2\/posts\/25729\/revisions"}],"wp:featuredmedia":[{"embeddable":true,"href":"https:\/\/belacereais.com.br\/en\/wp-json\/wp\/v2\/media\/25730"}],"wp:attachment":[{"href":"https:\/\/belacereais.com.br\/en\/wp-json\/wp\/v2\/media?parent=25729"}],"wp:term":[{"taxonomy":"category","embeddable":true,"href":"https:\/\/belacereais.com.br\/en\/wp-json\/wp\/v2\/categories?post=25729"},{"taxonomy":"post_tag","embeddable":true,"href":"https:\/\/belacereais.com.br\/en\/wp-json\/wp\/v2\/tags?post=25729"}],"curies":[{"name":"wp","href":"https:\/\/api.w.org\/{rel}","templated":true}]}}