{"id":25749,"date":"2025-09-16T11:03:30","date_gmt":"2025-09-16T15:03:30","guid":{"rendered":"https:\/\/belacereais.com.br\/2025\/soja\/porto-de-paranagua-lidera-exportacao-de-soja-e-amplia-de-farelo-e-proteinas-animais\/"},"modified":"2025-09-16T11:03:30","modified_gmt":"2025-09-16T15:03:30","slug":"porto-de-paranagua-lidera-exportacao-de-soja-e-amplia-de-farelo-e-proteinas-animais","status":"publish","type":"post","link":"https:\/\/belacereais.com.br\/en\/2025\/soja\/porto-de-paranagua-lidera-exportacao-de-soja-e-amplia-de-farelo-e-proteinas-animais\/","title":{"rendered":"Port of Paranagu\u00e1 leads soybean exports and expands bran and animal protein exports"},"content":{"rendered":"<p><\/p>\n<div id=\"mvp-content-main\" class=\"left relative\">\n<p>The Port of Paranagu\u00e1 led soybean exports throughout Brazil in August, with a volume of 2 million tons, reaching US$1.5 million FOB\u2014the price corresponding to the product&#039;s price at the point of shipment. This figure represents 21.7% of the country&#039;s total export volume in the same period.<\/p>\n<p>From January to August 2025, 11.3 million tons of soybeans were shipped from the Port of Paranagu\u00e1, equivalent to US$1.5 billion FOB. This amount exceeds the total exported by Paran\u00e1 producers by US$1.2 billion, according to data released last week by the Paran\u00e1 Institute for Economic and Social Development (Ipardes).<\/p>\n<p>The difference lies in the fact that the Port of Paranagu\u00e1 also handles cargo from other states. &quot;This clearly demonstrates that we are ready to serve our entire hinterland, which includes Paran\u00e1 and parts of Santa Catarina, S\u00e3o Paulo, Mato Grosso do Sul, Mato Grosso, and Goi\u00e1s,&quot; emphasizes Luiz Fernando Garcia, CEO of Portos do Paran\u00e1.<\/p>\n<p><img fetchpriority=\"high\" data-recalc-dims=\"1\" decoding=\"async\" data-attachment-id=\"165013\" data-permalink=\"https:\/\/opresenterural.com.br\/com-vendas-recordes-ao-oriente-medio-exportacoes-do-parana-chegam-a-us-21-bilhoes-no-ano\/farelo-de-soja-foto-claudio-neves-portos-do-parana2\/\" data-orig-file=\"https:\/\/i0.wp.com\/opresenterural.com.br\/wp-content\/uploads\/2024\/12\/farelo-de-soja-Foto-Claudio-Neves-Portos-do-Paran%C3%A12.jpg?fit=1400%2C933&amp;ssl=1\" data-orig-size=\"1400,933\" data-comments-opened=\"0\" data-image-meta='{\"aperture\":\"4\",\"credit\":\"Claudio Neves\",\"camera\":\"Canon EOS 6D Mark II\",\"caption\":\"\",\"created_timestamp\":\"1681294712\",\"copyright\":\"2020 - Portos do Parana\",\"focal_length\":\"17\",\"iso\":\"250\",\"shutter_speed\":\"0.0004\",\"title\":\"\",\"orientation\":\"1\"}' data-image-title=\"farelo de soja Foto Claudio Neves Portos do Paran\u00e12\" data-image-description data-image-caption data-medium-file=\"https:\/\/i0.wp.com\/opresenterural.com.br\/wp-content\/uploads\/2024\/12\/farelo-de-soja-Foto-Claudio-Neves-Portos-do-Paran%C3%A12.jpg?fit=300%2C200&amp;ssl=1\" data-large-file=\"https:\/\/i0.wp.com\/opresenterural.com.br\/wp-content\/uploads\/2024\/12\/farelo-de-soja-Foto-Claudio-Neves-Portos-do-Paran%C3%A12.jpg?fit=740%2C493&amp;ssl=1\" class=\"size-medium wp-image-165013 alignleft\" src=\"https:\/\/i0.wp.com\/opresenterural.com.br\/wp-content\/uploads\/2024\/12\/farelo-de-soja-Foto-Claudio-Neves-Portos-do-Paran%C3%A12.jpg?resize=300%2C200&amp;ssl=1\" alt width=\"300\" height=\"200\" srcset=\"https:\/\/i0.wp.com\/opresenterural.com.br\/wp-content\/uploads\/2024\/12\/farelo-de-soja-Foto-Claudio-Neves-Portos-do-Paran%C3%A12.jpg?resize=300%2C200&amp;ssl=1 300w, https:\/\/i0.wp.com\/opresenterural.com.br\/wp-content\/uploads\/2024\/12\/farelo-de-soja-Foto-Claudio-Neves-Portos-do-Paran%C3%A12.jpg?resize=1024%2C682&amp;ssl=1 1024w, https:\/\/i0.wp.com\/opresenterural.com.br\/wp-content\/uploads\/2024\/12\/farelo-de-soja-Foto-Claudio-Neves-Portos-do-Paran%C3%A12.jpg?resize=768%2C512&amp;ssl=1 768w, https:\/\/i0.wp.com\/opresenterural.com.br\/wp-content\/uploads\/2024\/12\/farelo-de-soja-Foto-Claudio-Neves-Portos-do-Paran%C3%A12.jpg?resize=600%2C400&amp;ssl=1 600w, https:\/\/i0.wp.com\/opresenterural.com.br\/wp-content\/uploads\/2024\/12\/farelo-de-soja-Foto-Claudio-Neves-Portos-do-Paran%C3%A12.jpg?w=1400&amp;ssl=1 1400w\" sizes=\"(max-width: 300px) 100vw, 300px\">The main destination for soybeans exported during the period was China, which accounted for more than 90% of demand. Next came Thailand (2.2%) and Iraq (1.6%).<\/p>\n<p>Although a third of the month was marked by rain, which paralyzed operations, the Port of Paranagu\u00e1 handled 7 million tons in August, the highest amount recorded for the month in the historical average.<\/p>\n<p>According to Port Operations Director Gabriel Vieira, even with the increase in grain shipments, vessels are not waiting in line to dock. &quot;Our export corridor doesn&#039;t face a single day of queues beyond what is necessary for clearance and docking procedures,&quot; he emphasizes.<\/p>\n<h4><strong>Leadership in the export of animal protein<\/strong><\/h4>\n<p>Another notable commodity throughout the month was frozen chicken, with 185,500 tons moved, representing 49.61 metric tons of domestic exports\u2014practically half of all Brazilian exports. The main export origins are the states of Paran\u00e1 and part of Santa Catarina.<\/p>\n<p>In 2025, 1.7 million tons of chicken were exported through Paranagu\u00e1. This represents 44.41 TP4T of all domestic exports, solidifying the port as the world&#039;s largest chicken export corridor. In FOB terms, the product was shipped abroad worth over US$1 TP5T 2.4 billion.<\/p>\n<h4><strong>Soybean meal<\/strong><\/h4>\n<p>Another product that has been gaining increasing market share is soybean meal. Exports registered through the Port of Paranagu\u00e1 represent 29.11 TP4T of national movement, the second-largest volume in Brazil, with 4.5 million tons shipped in 2025. In August alone, 508,000 tons were handled.<\/p>\n<p>The main destinations were the Netherlands (Holland), France, South Korea, Spain, Indonesia, and Germany. In the eighth month of the year, France led the way in bran imports.<\/p>\n<\/div>\n<h6><em>THE <strong>Bela Cereais<\/strong> works with the best grains on the market and also keeps you up to date with the latest news and analyses on agribusiness.<br \/>\nDon&#039;t forget to follow our social networks.<\/em><\/h6>\n<p><a href=\"https:\/\/opresenterural.com.br\/porto-de-paranagua-lidera-exportacao-de-soja-e-amplia-de-farelo-e-proteinas-animais\/\" target=\"_blank\" rel=\"noopener\">Access News Source <\/a><\/p>","protected":false},"excerpt":{"rendered":"<p>The Port of Paranagu\u00e1 led soybean exports throughout Brazil in the month\u2026<\/p>","protected":false},"author":1,"featured_media":25750,"comment_status":"","ping_status":"","sticky":false,"template":"","format":"standard","meta":{"footnotes":""},"categories":[259],"tags":[],"class_list":["post-25749","post","type-post","status-publish","format-standard","has-post-thumbnail","hentry","category-soja"],"_links":{"self":[{"href":"https:\/\/belacereais.com.br\/en\/wp-json\/wp\/v2\/posts\/25749","targetHints":{"allow":["GET"]}}],"collection":[{"href":"https:\/\/belacereais.com.br\/en\/wp-json\/wp\/v2\/posts"}],"about":[{"href":"https:\/\/belacereais.com.br\/en\/wp-json\/wp\/v2\/types\/post"}],"author":[{"embeddable":true,"href":"https:\/\/belacereais.com.br\/en\/wp-json\/wp\/v2\/users\/1"}],"replies":[{"embeddable":true,"href":"https:\/\/belacereais.com.br\/en\/wp-json\/wp\/v2\/comments?post=25749"}],"version-history":[{"count":0,"href":"https:\/\/belacereais.com.br\/en\/wp-json\/wp\/v2\/posts\/25749\/revisions"}],"wp:featuredmedia":[{"embeddable":true,"href":"https:\/\/belacereais.com.br\/en\/wp-json\/wp\/v2\/media\/25750"}],"wp:attachment":[{"href":"https:\/\/belacereais.com.br\/en\/wp-json\/wp\/v2\/media?parent=25749"}],"wp:term":[{"taxonomy":"category","embeddable":true,"href":"https:\/\/belacereais.com.br\/en\/wp-json\/wp\/v2\/categories?post=25749"},{"taxonomy":"post_tag","embeddable":true,"href":"https:\/\/belacereais.com.br\/en\/wp-json\/wp\/v2\/tags?post=25749"}],"curies":[{"name":"wp","href":"https:\/\/api.w.org\/{rel}","templated":true}]}}