{"id":25967,"date":"2025-10-20T15:10:36","date_gmt":"2025-10-20T19:10:36","guid":{"rendered":"https:\/\/belacereais.com.br\/2025\/safra\/trigo-brasileiro-segue-em-queda-com-avanco-da-colheita-e-oferta-externa-abundante\/"},"modified":"2025-10-20T15:10:36","modified_gmt":"2025-10-20T19:10:36","slug":"trigo-brasileiro-segue-em-queda-com-avanco-da-colheita-e-oferta-externa-abundante","status":"publish","type":"post","link":"https:\/\/belacereais.com.br\/en\/2025\/safra\/trigo-brasileiro-segue-em-queda-com-avanco-da-colheita-e-oferta-externa-abundante\/","title":{"rendered":"Trigo brasileiro segue em queda com avan\u00e7o da colheita e oferta externa abundante"},"content":{"rendered":"<p><\/p>\n<div id=\"mvp-content-main\" class=\"left relative\">\n<article class=\"text-token-text-primary w-full focus:outline-none [--shadow-height:45px] has-data-writing-block:pointer-events-none has-data-writing-block:-mt-(--shadow-height) has-data-writing-block:pt-(--shadow-height) [&amp;:has([data-writing-block])&gt;*]:pointer-events-auto scroll-mt-[calc(var(--header-height)+min(200px,max(70px,20svh)))]\" dir=\"auto\" tabindex=\"-1\" data-turn-id=\"request-WEB:7acb7185-c63c-4e5f-8dac-a1dc7816b660-34\" data-testid=\"conversation-turn-50\" data-scroll-anchor=\"true\" data-turn=\"assistant\">\n<div class=\"text-base my-auto mx-auto pb-10 [--thread-content-margin:--spacing(4)] thread-sm:[--thread-content-margin:--spacing(6)] thread-lg:[--thread-content-margin:--spacing(16)] px-(--thread-content-margin)\">\n<div class=\"[--thread-content-max-width:40rem] thread-lg:[--thread-content-max-width:48rem] mx-auto max-w-(--thread-content-max-width) flex-1 group\/turn-messages focus-visible:outline-hidden relative flex w-full min-w-0 flex-col agent-turn\" tabindex=\"-1\">\n<div class=\"flex max-w-full flex-col grow\">\n<div class=\"min-h-8 text-message relative flex w-full flex-col items-end gap-2 text-start break-words whitespace-normal [.text-message+&amp;]:mt-1\" dir=\"auto\" data-message-author-role=\"assistant\" data-message-id=\"4f85afb8-bb04-4a76-b923-fdacbbdab0f5\" data-message-model-slug=\"gpt-5-mini\">\n<div class=\"flex w-full flex-col gap-1 empty:hidden first:pt-[1px]\">\n<div class=\"markdown prose dark:prose-invert w-full break-words light markdown-new-styling\">\n<p data-start=\"334\" data-end=\"713\">O mercado de trigo brasileiro manteve a press\u00e3o sobre os pre\u00e7os entre setembro e o in\u00edcio de outubro, refletindo o avan\u00e7o da colheita nacional, a ampla oferta internacional e a postura cautelosa dos moinhos. No Paran\u00e1, a saca de 60 kg encerrou setembro a R$ 70,39, recuo de 7% em rela\u00e7\u00e3o a agosto, e continuou caindo em outubro, chegando a R$ 64,56 na primeira quinzena do m\u00eas.<\/p>\n<p data-start=\"715\" data-end=\"917\">O movimento de baixa \u00e9 explicado pelo ritmo acelerado da colheita, especialmente em S\u00e3o Paulo e no Paran\u00e1, aliado ao estoque confort\u00e1vel dos moinhos, que t\u00eam comprado trigo nacional de forma moderada.<\/p>\n<div id=\"attachment_161936\" style=\"width: 310px\" class=\"wp-caption alignleft\"><img fetchpriority=\"high\" data-recalc-dims=\"1\" decoding=\"async\" aria-describedby=\"caption-attachment-161936\" data-attachment-id=\"161936\" data-permalink=\"https:\/\/opresenterural.com.br\/alta-externa-e-a-possivel-publicacao-de-edital-de-compra-elevam-os-precos-do-trigo-no-brasil\/lavoura-de-trigo-tibagi-12-09-2019-fotojaelson-lucas-aen-3\/\" data-orig-file=\"https:\/\/i0.wp.com\/opresenterural.com.br\/wp-content\/uploads\/2024\/11\/trigo-Foto-Jaelson-Lucas-AEN.jpg?fit=1400%2C933&amp;ssl=1\" data-orig-size=\"1400,933\" data-comments-opened=\"0\" data-image-meta='{\"aperture\":\"22\",\"credit\":\"Jaelson Lucas\\\/Arquivo AEN\",\"camera\":\"Canon EOS 5D Mark III\",\"caption\":\"Lavoua de trigo. Tibagi, 12\\\/09\\\/2019 Foto:Jaelson Lucas \\\/ AEN\",\"created_timestamp\":\"1568127394\",\"copyright\":\"\",\"focal_length\":\"24\",\"iso\":\"320\",\"shutter_speed\":\"0.008\",\"title\":\"Lavoura de trigo. Tibagi, 12\\\/09\\\/2019 Foto:Jaelson Lucas \\\/ AEN\",\"orientation\":\"1\"}' data-image-title=\"Lavoura de trigo. Tibagi, 12\/09\/2019 Foto:Jaelson Lucas \/ AEN\" data-image-description data-image-caption=\"&lt;p&gt;Foto: Jaelson Lucas &lt;\/p&gt;\" data-medium-file=\"https:\/\/i0.wp.com\/opresenterural.com.br\/wp-content\/uploads\/2024\/11\/trigo-Foto-Jaelson-Lucas-AEN.jpg?fit=300%2C200&amp;ssl=1\" data-large-file=\"https:\/\/i0.wp.com\/opresenterural.com.br\/wp-content\/uploads\/2024\/11\/trigo-Foto-Jaelson-Lucas-AEN.jpg?fit=740%2C493&amp;ssl=1\" class=\"size-medium wp-image-161936\" src=\"https:\/\/i0.wp.com\/opresenterural.com.br\/wp-content\/uploads\/2024\/11\/trigo-Foto-Jaelson-Lucas-AEN.jpg?resize=300%2C200&amp;ssl=1\" alt width=\"300\" height=\"200\" srcset=\"https:\/\/i0.wp.com\/opresenterural.com.br\/wp-content\/uploads\/2024\/11\/trigo-Foto-Jaelson-Lucas-AEN.jpg?resize=300%2C200&amp;ssl=1 300w, https:\/\/i0.wp.com\/opresenterural.com.br\/wp-content\/uploads\/2024\/11\/trigo-Foto-Jaelson-Lucas-AEN.jpg?resize=1024%2C682&amp;ssl=1 1024w, https:\/\/i0.wp.com\/opresenterural.com.br\/wp-content\/uploads\/2024\/11\/trigo-Foto-Jaelson-Lucas-AEN.jpg?resize=768%2C512&amp;ssl=1 768w, https:\/\/i0.wp.com\/opresenterural.com.br\/wp-content\/uploads\/2024\/11\/trigo-Foto-Jaelson-Lucas-AEN.jpg?resize=600%2C400&amp;ssl=1 600w, https:\/\/i0.wp.com\/opresenterural.com.br\/wp-content\/uploads\/2024\/11\/trigo-Foto-Jaelson-Lucas-AEN.jpg?w=1400&amp;ssl=1 1400w\" sizes=\"(max-width: 300px) 100vw, 300px\"><\/p>\n<p id=\"caption-attachment-161936\" class=\"wp-caption-text\">Photo: Jaelson Lucas<\/p>\n<\/div>\n<p data-start=\"919\" data-end=\"1238\">Apesar do avan\u00e7o da colheita, as importa\u00e7\u00f5es continuam consistentes. Em setembro, o Brasil trouxe 569 mil toneladas de trigo, sendo 87% da Argentina e 7% do Paraguai. A suspens\u00e3o tempor\u00e1ria das retenciones argentinas entre os dias 22 e 24 de setembro ainda incentivou a entrada do produto estrangeiro no pa\u00eds.<\/p>\n<p data-start=\"1240\" data-end=\"1679\">No cen\u00e1rio internacional, os pre\u00e7os do trigo tamb\u00e9m apresentaram vi\u00e9s de baixa. O Soft Red Winter em Chicago encerrou setembro a 514,64 centavos de d\u00f3lar por bushel, queda de 9,9% na compara\u00e7\u00e3o anual, enquanto o Hard Red Winter registrou baixa de 13,4% frente a setembro de 2024. Em outubro, as cota\u00e7\u00f5es continuaram recuando, atingindo os menores patamares desde 2020, com negocia\u00e7\u00f5es a 498,50 centavos de d\u00f3lar por bushel no dia 10.<\/p>\n<p data-start=\"1681\" data-end=\"1905\" data-is-last-node data-is-only-node>O cen\u00e1rio indica que, apesar da oferta abundante e das importa\u00e7\u00f5es, o mercado deve permanecer pressionado nos pr\u00f3ximos meses, com os moinhos mantendo postura conservadora e os produtores atentos \u00e0 volatilidade internacional.<\/p>\n<\/div>\n<\/div>\n<\/div>\n<\/div>\n<\/div>\n<\/div>\n<\/article>\n<\/div>\n<h6><em>THE <strong>Bela Cereais<\/strong> works with the best grains on the market and also keeps you up to date with the latest news and analyses on agribusiness.<br \/>\nDon&#039;t forget to follow our social networks.<\/em><\/h6>\n<p><a href=\"https:\/\/opresenterural.com.br\/trigo-brasileiro-segue-em-queda-com-avanco-da-colheita-e-oferta-externa-abundante\/\" target=\"_blank\" rel=\"noopener\">Access News Source <\/a><\/p>","protected":false},"excerpt":{"rendered":"<p>O mercado de trigo brasileiro manteve a press\u00e3o sobre os pre\u00e7os entre setembro e o&hellip;<\/p>","protected":false},"author":1,"featured_media":25968,"comment_status":"","ping_status":"","sticky":false,"template":"","format":"standard","meta":{"footnotes":""},"categories":[258],"tags":[],"class_list":["post-25967","post","type-post","status-publish","format-standard","has-post-thumbnail","hentry","category-safra"],"_links":{"self":[{"href":"https:\/\/belacereais.com.br\/en\/wp-json\/wp\/v2\/posts\/25967","targetHints":{"allow":["GET"]}}],"collection":[{"href":"https:\/\/belacereais.com.br\/en\/wp-json\/wp\/v2\/posts"}],"about":[{"href":"https:\/\/belacereais.com.br\/en\/wp-json\/wp\/v2\/types\/post"}],"author":[{"embeddable":true,"href":"https:\/\/belacereais.com.br\/en\/wp-json\/wp\/v2\/users\/1"}],"replies":[{"embeddable":true,"href":"https:\/\/belacereais.com.br\/en\/wp-json\/wp\/v2\/comments?post=25967"}],"version-history":[{"count":0,"href":"https:\/\/belacereais.com.br\/en\/wp-json\/wp\/v2\/posts\/25967\/revisions"}],"wp:featuredmedia":[{"embeddable":true,"href":"https:\/\/belacereais.com.br\/en\/wp-json\/wp\/v2\/media\/25968"}],"wp:attachment":[{"href":"https:\/\/belacereais.com.br\/en\/wp-json\/wp\/v2\/media?parent=25967"}],"wp:term":[{"taxonomy":"category","embeddable":true,"href":"https:\/\/belacereais.com.br\/en\/wp-json\/wp\/v2\/categories?post=25967"},{"taxonomy":"post_tag","embeddable":true,"href":"https:\/\/belacereais.com.br\/en\/wp-json\/wp\/v2\/tags?post=25967"}],"curies":[{"name":"wp","href":"https:\/\/api.w.org\/{rel}","templated":true}]}}