{"id":25971,"date":"2025-10-21T08:34:19","date_gmt":"2025-10-21T12:34:19","guid":{"rendered":"https:\/\/belacereais.com.br\/2025\/safra\/chuvas-preocupam-produtores-de-trigo-no-parana\/"},"modified":"2025-10-21T08:34:19","modified_gmt":"2025-10-21T12:34:19","slug":"chuvas-preocupam-produtores-de-trigo-no-parana","status":"publish","type":"post","link":"https:\/\/belacereais.com.br\/en\/2025\/safra\/chuvas-preocupam-produtores-de-trigo-no-parana\/","title":{"rendered":"Chuvas preocupam produtores de trigo no Paran\u00e1"},"content":{"rendered":"<p><\/p>\n<div id=\"mvp-content-main\" class=\"left relative\">\n<p>Chuvas registradas no Paran\u00e1 come\u00e7am a deixar produtores de trigo em alerta, apontam levantamentos do Cepea. Segundo o Centro de Pesquisas, al\u00e9m de ocasionarem atrasos na colheita do cereal, as precipita\u00e7\u00f5es podem comprometer as lavouras que ainda est\u00e3o no campo.<\/p>\n<p>J\u00e1 no Rio Grande do Sul, as condi\u00e7\u00f5es clim\u00e1ticas (chuvas fracas) v\u00eam mantendo o potencial produtivo elevado. De acordo com a Emater\/RS, a produtividade no estado deve crescer 17,26% em rela\u00e7\u00e3o ao ano anterior, para 3,261 t\/ha, resultando em produ\u00e7\u00e3o de 3,721 milh\u00f5es de toneladas, 0,57% acima da safra passada.<\/p>\n<div id=\"attachment_163699\" style=\"width: 310px\" class=\"wp-caption alignleft\"><img fetchpriority=\"high\" data-recalc-dims=\"1\" decoding=\"async\" aria-describedby=\"caption-attachment-163699\" data-attachment-id=\"163699\" data-permalink=\"https:\/\/opresenterural.com.br\/diferentes-cenarios-mostram-como-o-trigo-avanca-no-cerrado-brasileiro\/potencialtrigocooperativas_joao_leonardo_pires-2\/\" data-orig-file=\"https:\/\/i0.wp.com\/opresenterural.com.br\/wp-content\/uploads\/2024\/11\/PotencialTrigoCooperativas_Joao_Leonardo_Pires.jpg?fit=900%2C642&amp;ssl=1\" data-orig-size=\"900,642\" data-comments-opened=\"0\" data-image-meta='{\"aperture\":\"5.6\",\"credit\":\"\",\"camera\":\"DSC-P32\",\"caption\":\"\",\"created_timestamp\":\"1227694316\",\"copyright\":\"\",\"focal_length\":\"5\",\"iso\":\"100\",\"shutter_speed\":\"0.001\",\"title\":\"\",\"orientation\":\"1\"}' data-image-title=\"PotencialTrigoCooperativas_Joao_Leonardo_Pires\" data-image-description data-image-caption=\"&lt;p&gt;Foto: Joao Leonardo&lt;\/p&gt;\" data-medium-file=\"https:\/\/i0.wp.com\/opresenterural.com.br\/wp-content\/uploads\/2024\/11\/PotencialTrigoCooperativas_Joao_Leonardo_Pires.jpg?fit=300%2C214&amp;ssl=1\" data-large-file=\"https:\/\/i0.wp.com\/opresenterural.com.br\/wp-content\/uploads\/2024\/11\/PotencialTrigoCooperativas_Joao_Leonardo_Pires.jpg?fit=740%2C528&amp;ssl=1\" class=\"size-medium wp-image-163699\" src=\"https:\/\/i0.wp.com\/opresenterural.com.br\/wp-content\/uploads\/2024\/11\/PotencialTrigoCooperativas_Joao_Leonardo_Pires.jpg?resize=300%2C214&amp;ssl=1\" alt width=\"300\" height=\"214\" srcset=\"https:\/\/i0.wp.com\/opresenterural.com.br\/wp-content\/uploads\/2024\/11\/PotencialTrigoCooperativas_Joao_Leonardo_Pires.jpg?resize=300%2C214&amp;ssl=1 300w, https:\/\/i0.wp.com\/opresenterural.com.br\/wp-content\/uploads\/2024\/11\/PotencialTrigoCooperativas_Joao_Leonardo_Pires.jpg?resize=768%2C548&amp;ssl=1 768w, https:\/\/i0.wp.com\/opresenterural.com.br\/wp-content\/uploads\/2024\/11\/PotencialTrigoCooperativas_Joao_Leonardo_Pires.jpg?resize=600%2C428&amp;ssl=1 600w, https:\/\/i0.wp.com\/opresenterural.com.br\/wp-content\/uploads\/2024\/11\/PotencialTrigoCooperativas_Joao_Leonardo_Pires.jpg?w=900&amp;ssl=1 900w\" sizes=\"(max-width: 300px) 100vw, 300px\"><\/p>\n<p id=\"caption-attachment-163699\" class=\"wp-caption-text\">Foto: Joao Leonardo<\/p>\n<\/div>\n<p>O maior rendimento no RS e tamb\u00e9m em SC elevou a estimativa de produ\u00e7\u00e3o e de produtividade brasileira para 2025, conforme relat\u00f3rio divulgado neste m\u00eas pela Conab. A safra agora \u00e9 projetada em 7,698 milh\u00f5es de toneladas, 2,2% acima do previsto em setembro, mas 2,4% menor que a de 2024.<\/p>\n<p>Quanto \u00e0 produtividade, houve aumento de 2,1% frente ao relat\u00f3rio passado e \u00e9 estimada para ser 21,8% maior que a da temporada anterior, a 3,142 t\/ha.<\/p>\n<p>Com a expectativa de uma safra com boa produtividade, d\u00f3lar enfraquecido e alta produ\u00e7\u00e3o na Argentina (principal pa\u00eds origem das importa\u00e7\u00f5es brasileiras), levantamento do Cepea mostra que as cota\u00e7\u00f5es no Brasil seguem pressionadas.<\/p>\n<\/div>\n<h6><em>THE <strong>Bela Cereais<\/strong> works with the best grains on the market and also keeps you up to date with the latest news and analyses on agribusiness.<br \/>\nDon&#039;t forget to follow our social networks.<\/em><\/h6>\n<p><a href=\"https:\/\/opresenterural.com.br\/chuvas-preocupam-produtores-de-trigo-no-parana\/\" target=\"_blank\" rel=\"noopener\">Access News Source <\/a><\/p>","protected":false},"excerpt":{"rendered":"<p>Chuvas registradas no Paran\u00e1 come\u00e7am a deixar produtores de trigo em alerta, apontam levantamentos do&hellip;<\/p>","protected":false},"author":1,"featured_media":25972,"comment_status":"","ping_status":"","sticky":false,"template":"","format":"standard","meta":{"footnotes":""},"categories":[258],"tags":[],"class_list":["post-25971","post","type-post","status-publish","format-standard","has-post-thumbnail","hentry","category-safra"],"_links":{"self":[{"href":"https:\/\/belacereais.com.br\/en\/wp-json\/wp\/v2\/posts\/25971","targetHints":{"allow":["GET"]}}],"collection":[{"href":"https:\/\/belacereais.com.br\/en\/wp-json\/wp\/v2\/posts"}],"about":[{"href":"https:\/\/belacereais.com.br\/en\/wp-json\/wp\/v2\/types\/post"}],"author":[{"embeddable":true,"href":"https:\/\/belacereais.com.br\/en\/wp-json\/wp\/v2\/users\/1"}],"replies":[{"embeddable":true,"href":"https:\/\/belacereais.com.br\/en\/wp-json\/wp\/v2\/comments?post=25971"}],"version-history":[{"count":0,"href":"https:\/\/belacereais.com.br\/en\/wp-json\/wp\/v2\/posts\/25971\/revisions"}],"wp:featuredmedia":[{"embeddable":true,"href":"https:\/\/belacereais.com.br\/en\/wp-json\/wp\/v2\/media\/25972"}],"wp:attachment":[{"href":"https:\/\/belacereais.com.br\/en\/wp-json\/wp\/v2\/media?parent=25971"}],"wp:term":[{"taxonomy":"category","embeddable":true,"href":"https:\/\/belacereais.com.br\/en\/wp-json\/wp\/v2\/categories?post=25971"},{"taxonomy":"post_tag","embeddable":true,"href":"https:\/\/belacereais.com.br\/en\/wp-json\/wp\/v2\/tags?post=25971"}],"curies":[{"name":"wp","href":"https:\/\/api.w.org\/{rel}","templated":true}]}}