{"id":25979,"date":"2025-10-22T09:30:48","date_gmt":"2025-10-22T13:30:48","guid":{"rendered":"https:\/\/belacereais.com.br\/2025\/exportacoes\/menor-oferta-e-retomada-das-exportacoes-impulsionam-precos-da-carne-de-frango\/"},"modified":"2025-10-22T09:30:48","modified_gmt":"2025-10-22T13:30:48","slug":"menor-oferta-e-retomada-das-exportacoes-impulsionam-precos-da-carne-de-frango","status":"publish","type":"post","link":"https:\/\/belacereais.com.br\/en\/2025\/exportacoes\/menor-oferta-e-retomada-das-exportacoes-impulsionam-precos-da-carne-de-frango\/","title":{"rendered":"Menor oferta e retomada das exporta\u00e7\u00f5es impulsionam pre\u00e7os da carne de frango"},"content":{"rendered":"<p><\/p>\n<div id=\"mvp-content-main\" class=\"left relative\">\n<p data-start=\"166\" data-end=\"498\">O mercado de carne de frango apresentou sinais de recupera\u00e7\u00e3o em setembro, ap\u00f3s meses de press\u00e3o nos pre\u00e7os. A melhora foi impulsionada pela redu\u00e7\u00e3o no alojamento de pintos, pela retomada das exporta\u00e7\u00f5es e pela diminui\u00e7\u00e3o dos excedentes de produto n\u00e3o exportado, fatores que ajudaram a equilibrar a oferta e a demanda.<\/p>\n<p data-start=\"500\" data-end=\"749\">Em S\u00e3o Paulo, o pre\u00e7o do frango inteiro congelado subiu 16% entre o in\u00edcio de setembro e 10 de outubro, atingindo R$ 8,20 por quilo. Antes do epis\u00f3dio de gripe avi\u00e1ria no Rio Grande do Sul, o produto era negociado a R$ 8,80\/kg.<\/p>\n<p data-start=\"751\" data-end=\"957\">Do lado da oferta, os alojamentos de agosto ca\u00edram pela primeira vez em 14 meses, na compara\u00e7\u00e3o com o mesmo per\u00edodo do ano anterior, reduzindo a disponibilidade interna e dando sustenta\u00e7\u00e3o aos pre\u00e7os.<\/p>\n<div id=\"attachment_183675\" style=\"width: 310px\" class=\"wp-caption alignleft\"><img fetchpriority=\"high\" data-recalc-dims=\"1\" decoding=\"async\" aria-describedby=\"caption-attachment-183675\" data-attachment-id=\"183675\" data-permalink=\"https:\/\/opresenterural.com.br\/jordania-e-kuwait-reduzem-restricoes-a-carne-de-frango-brasileira\/carne-de-frango-foto-mapa\/\" data-orig-file=\"https:\/\/i0.wp.com\/opresenterural.com.br\/wp-content\/uploads\/2025\/06\/carne-de-frango-foto-mapa.jpg?fit=768%2C467&amp;ssl=1\" data-orig-size=\"768,467\" data-comments-opened=\"0\" data-image-meta='{\"aperture\":\"0\",\"credit\":\"\",\"camera\":\"\",\"caption\":\"\",\"created_timestamp\":\"0\",\"copyright\":\"\",\"focal_length\":\"0\",\"iso\":\"0\",\"shutter_speed\":\"0\",\"title\":\"\",\"orientation\":\"0\"}' data-image-title=\"carne de frango foto mapa\" data-image-description data-image-caption=\"&lt;p&gt;Foto: Mapa&lt;\/p&gt;\" data-medium-file=\"https:\/\/i0.wp.com\/opresenterural.com.br\/wp-content\/uploads\/2025\/06\/carne-de-frango-foto-mapa.jpg?fit=300%2C182&amp;ssl=1\" data-large-file=\"https:\/\/i0.wp.com\/opresenterural.com.br\/wp-content\/uploads\/2025\/06\/carne-de-frango-foto-mapa.jpg?fit=740%2C450&amp;ssl=1\" class=\"size-medium wp-image-183675\" src=\"https:\/\/i0.wp.com\/opresenterural.com.br\/wp-content\/uploads\/2025\/06\/carne-de-frango-foto-mapa.jpg?resize=300%2C182&amp;ssl=1\" alt width=\"300\" height=\"182\" srcset=\"https:\/\/i0.wp.com\/opresenterural.com.br\/wp-content\/uploads\/2025\/06\/carne-de-frango-foto-mapa.jpg?resize=300%2C182&amp;ssl=1 300w, https:\/\/i0.wp.com\/opresenterural.com.br\/wp-content\/uploads\/2025\/06\/carne-de-frango-foto-mapa.jpg?resize=600%2C365&amp;ssl=1 600w, https:\/\/i0.wp.com\/opresenterural.com.br\/wp-content\/uploads\/2025\/06\/carne-de-frango-foto-mapa.jpg?w=768&amp;ssl=1 768w\" sizes=\"(max-width: 300px) 100vw, 300px\"><\/p>\n<p id=\"caption-attachment-183675\" class=\"wp-caption-text\">Photo: Map<\/p>\n<\/div>\n<p data-start=\"959\" data-end=\"1182\">Os custos de produ\u00e7\u00e3o da avicultura subiram cerca de 1% em setembro, enquanto os pre\u00e7os m\u00e9dios do frango abatido avan\u00e7aram 5% frente a agosto, o que ampliou o spread para 38%, segundo estimativas do setor.<\/p>\n<p data-start=\"1184\" data-end=\"1523\">No mercado externo, as exporta\u00e7\u00f5es de carne de frango in natura somaram 414,9 mil toneladas em setembro, o melhor desempenho de 2025 at\u00e9 o momento e praticamente igual ao volume registrado em setembro de 2024. Os embarques haviam despencado em junho, quando os bloqueios sanit\u00e1rios reduziram as vendas para 291 mil toneladas.<\/p>\n<p data-start=\"1525\" data-end=\"1826\">Entre os principais destinos das exporta\u00e7\u00f5es do m\u00eas est\u00e3o M\u00e9xico, Ar\u00e1bia Saudita, Filipinas, Coreia do Sul, Chile e Singapura. Apesar da rea\u00e7\u00e3o, o acumulado do ano ainda registra queda de 9,3% em rela\u00e7\u00e3o a 2024, com a China e a Uni\u00e3o Europeia mantendo restri\u00e7\u00f5es sanit\u00e1rias at\u00e9 setembro.<\/p>\n<p data-start=\"1828\" data-end=\"2157\" data-is-last-node data-is-only-node>A Uni\u00e3o Europeia reabriu o mercado brasileiro no dia 18, com exce\u00e7\u00e3o do Rio Grande do Sul, que deve retomar os embarques em outubro. J\u00e1 a China enviou uma miss\u00e3o t\u00e9cnica para inspecionar o sistema de defesa sanit\u00e1ria nacional, etapa considerada decisiva para a reabertura do mercado chin\u00eas \u00e0 carne de frango brasileira.<\/p>\n<\/div>\n<h6><em>THE <strong>Bela Cereais<\/strong> works with the best grains on the market and also keeps you up to date with the latest news and analyses on agribusiness.<br \/>\nDon&#039;t forget to follow our social networks.<\/em><\/h6>\n<p><a href=\"https:\/\/opresenterural.com.br\/menor-oferta-e-retomada-das-exportacoes-impulsionam-precos-da-carne-de-frango\/\" target=\"_blank\" rel=\"noopener\">Access News Source <\/a><\/p>","protected":false},"excerpt":{"rendered":"<p>O mercado de carne de frango apresentou sinais de recupera\u00e7\u00e3o em setembro, ap\u00f3s meses de&hellip;<\/p>","protected":false},"author":1,"featured_media":25980,"comment_status":"","ping_status":"","sticky":false,"template":"","format":"standard","meta":{"footnotes":""},"categories":[7],"tags":[],"class_list":["post-25979","post","type-post","status-publish","format-standard","has-post-thumbnail","hentry","category-exportacoes"],"_links":{"self":[{"href":"https:\/\/belacereais.com.br\/en\/wp-json\/wp\/v2\/posts\/25979","targetHints":{"allow":["GET"]}}],"collection":[{"href":"https:\/\/belacereais.com.br\/en\/wp-json\/wp\/v2\/posts"}],"about":[{"href":"https:\/\/belacereais.com.br\/en\/wp-json\/wp\/v2\/types\/post"}],"author":[{"embeddable":true,"href":"https:\/\/belacereais.com.br\/en\/wp-json\/wp\/v2\/users\/1"}],"replies":[{"embeddable":true,"href":"https:\/\/belacereais.com.br\/en\/wp-json\/wp\/v2\/comments?post=25979"}],"version-history":[{"count":0,"href":"https:\/\/belacereais.com.br\/en\/wp-json\/wp\/v2\/posts\/25979\/revisions"}],"wp:featuredmedia":[{"embeddable":true,"href":"https:\/\/belacereais.com.br\/en\/wp-json\/wp\/v2\/media\/25980"}],"wp:attachment":[{"href":"https:\/\/belacereais.com.br\/en\/wp-json\/wp\/v2\/media?parent=25979"}],"wp:term":[{"taxonomy":"category","embeddable":true,"href":"https:\/\/belacereais.com.br\/en\/wp-json\/wp\/v2\/categories?post=25979"},{"taxonomy":"post_tag","embeddable":true,"href":"https:\/\/belacereais.com.br\/en\/wp-json\/wp\/v2\/tags?post=25979"}],"curies":[{"name":"wp","href":"https:\/\/api.w.org\/{rel}","templated":true}]}}