{"id":25985,"date":"2025-10-22T13:17:21","date_gmt":"2025-10-22T17:17:21","guid":{"rendered":"https:\/\/belacereais.com.br\/2025\/safra\/chuvas-desiguais-dividem-o-cenario-agricola-brasileiro\/"},"modified":"2025-10-22T13:17:21","modified_gmt":"2025-10-22T17:17:21","slug":"chuvas-desiguais-dividem-o-cenario-agricola-brasileiro","status":"publish","type":"post","link":"https:\/\/belacereais.com.br\/en\/2025\/safra\/chuvas-desiguais-dividem-o-cenario-agricola-brasileiro\/","title":{"rendered":"Chuvas desiguais dividem o cen\u00e1rio agr\u00edcola brasileiro"},"content":{"rendered":"<p><\/p>\n<div id=\"mvp-content-main\" class=\"left relative\">\n<p data-start=\"131\" data-end=\"538\">As condi\u00e7\u00f5es clim\u00e1ticas de setembro dividiram o cen\u00e1rio agr\u00edcola brasileiro. No Sul, a boa umidade favoreceu o in\u00edcio da safra de gr\u00e3os, permitindo o avan\u00e7o do plantio de milho e soja em estados como Rio Grande do Sul, Santa Catarina e Paran\u00e1. J\u00e1 no Centro-Oeste e Sudeste, o atraso e a irregularidade das chuvas trouxeram incertezas aos produtores, especialmente em Mato Grosso, Minas Gerais e S\u00e3o Paulo.<\/p>\n<p data-start=\"540\" data-end=\"813\">No Mato Grosso, o in\u00edcio das precipita\u00e7\u00f5es ainda foi insuficiente para garantir ritmo acelerado \u00e0 semeadura, limitando o avan\u00e7o da soja. Em S\u00e3o Paulo e Minas Gerais, o d\u00e9ficit h\u00eddrico comprometeu parte das lavouras tempor\u00e1rias e trouxe apreens\u00e3o para as culturas perenes.<\/p>\n<p data-start=\"815\" data-end=\"1249\">Entre essas, o caf\u00e9 foi uma das mais afetadas. As primeiras chuvas estimularam a florada, mas a falta de continuidade preocupa os cafeicultores. No caso da laranja, as precipita\u00e7\u00f5es tamb\u00e9m n\u00e3o foram suficientes para garantir uma florada uniforme. J\u00e1 a cana-de-a\u00e7\u00facar apresentou recupera\u00e7\u00e3o: as chuvas de fim de setembro ajudaram na reposi\u00e7\u00e3o h\u00eddrica e reduziram queimadas, embora tenham causado pausas pontuais na colheita e moagem.<\/p>\n<p data-start=\"1251\" data-end=\"1625\">No trigo, o clima foi positivo, favorecendo o enchimento dos gr\u00e3os e o avan\u00e7o da colheita, principalmente no Paran\u00e1 e em S\u00e3o Paulo. Mesmo com perdas pontuais por geadas, as produtividades se mantiveram satisfat\u00f3rias. No Rio Grande do Sul, as chuvas e as temperaturas amenas contribu\u00edram para o bom desenvolvimento das lavouras, compensando o menor investimento na cultura.<\/p>\n<p data-start=\"1627\" data-end=\"1940\" data-is-last-node data-is-only-node>No exterior, os Estados Unidos mant\u00eam uma proje\u00e7\u00e3o otimista para milho e soja, apesar dos riscos clim\u00e1ticos localizados. J\u00e1 na Argentina, o excesso de chuvas nas principais regi\u00f5es produtoras trouxe boas perspectivas para a safra de milho e trigo, refor\u00e7ando o otimismo regional com o retorno das precipita\u00e7\u00f5es.<\/p>\n<\/div>\n<h6><em>THE <strong>Bela Cereais<\/strong> works with the best grains on the market and also keeps you up to date with the latest news and analyses on agribusiness.<br \/>\nDon&#039;t forget to follow our social networks.<\/em><\/h6>\n<p><a href=\"https:\/\/opresenterural.com.br\/chuvas-desiguais-dividem-o-cenario-agricola-brasileiro\/\" target=\"_blank\" rel=\"noopener\">Access News Source <\/a><\/p>","protected":false},"excerpt":{"rendered":"<p>As condi\u00e7\u00f5es clim\u00e1ticas de setembro dividiram o cen\u00e1rio agr\u00edcola brasileiro. No Sul, a boa umidade&hellip;<\/p>","protected":false},"author":1,"featured_media":25986,"comment_status":"","ping_status":"","sticky":false,"template":"","format":"standard","meta":{"footnotes":""},"categories":[258],"tags":[],"class_list":["post-25985","post","type-post","status-publish","format-standard","has-post-thumbnail","hentry","category-safra"],"_links":{"self":[{"href":"https:\/\/belacereais.com.br\/en\/wp-json\/wp\/v2\/posts\/25985","targetHints":{"allow":["GET"]}}],"collection":[{"href":"https:\/\/belacereais.com.br\/en\/wp-json\/wp\/v2\/posts"}],"about":[{"href":"https:\/\/belacereais.com.br\/en\/wp-json\/wp\/v2\/types\/post"}],"author":[{"embeddable":true,"href":"https:\/\/belacereais.com.br\/en\/wp-json\/wp\/v2\/users\/1"}],"replies":[{"embeddable":true,"href":"https:\/\/belacereais.com.br\/en\/wp-json\/wp\/v2\/comments?post=25985"}],"version-history":[{"count":0,"href":"https:\/\/belacereais.com.br\/en\/wp-json\/wp\/v2\/posts\/25985\/revisions"}],"wp:featuredmedia":[{"embeddable":true,"href":"https:\/\/belacereais.com.br\/en\/wp-json\/wp\/v2\/media\/25986"}],"wp:attachment":[{"href":"https:\/\/belacereais.com.br\/en\/wp-json\/wp\/v2\/media?parent=25985"}],"wp:term":[{"taxonomy":"category","embeddable":true,"href":"https:\/\/belacereais.com.br\/en\/wp-json\/wp\/v2\/categories?post=25985"},{"taxonomy":"post_tag","embeddable":true,"href":"https:\/\/belacereais.com.br\/en\/wp-json\/wp\/v2\/tags?post=25985"}],"curies":[{"name":"wp","href":"https:\/\/api.w.org\/{rel}","templated":true}]}}