{"id":25995,"date":"2025-10-23T14:56:19","date_gmt":"2025-10-23T18:56:19","guid":{"rendered":"https:\/\/belacereais.com.br\/2025\/safra\/chuvas-voltam-com-mais-regularidade-e-la-nina-deve-se-manter-ate-2026\/"},"modified":"2025-10-23T14:56:19","modified_gmt":"2025-10-23T18:56:19","slug":"chuvas-voltam-com-mais-regularidade-e-la-nina-deve-se-manter-ate-2026","status":"publish","type":"post","link":"https:\/\/belacereais.com.br\/en\/2025\/safra\/chuvas-voltam-com-mais-regularidade-e-la-nina-deve-se-manter-ate-2026\/","title":{"rendered":"Chuvas voltam com mais regularidade e La Ni\u00f1a deve se manter at\u00e9 2026"},"content":{"rendered":"<p><\/p>\n<div id=\"mvp-content-main\" class=\"left relative\">\n<p data-start=\"189\" data-end=\"567\">Os principais modelos meteorol\u00f3gicos \u2014 americano e europeu \u2014 convergiram em suas proje\u00e7\u00f5es e indicam uma melhora na distribui\u00e7\u00e3o das chuvas nos pr\u00f3ximos dias em v\u00e1rias regi\u00f5es do Brasil. Ap\u00f3s um in\u00edcio de outubro ainda marcado por irregularidades, as precipita\u00e7\u00f5es come\u00e7aram a retornar com maior intensidade, especialmente no interior de S\u00e3o Paulo e em partes do Centro-Oeste.<\/p>\n<p data-start=\"569\" data-end=\"878\">Essa mudan\u00e7a no padr\u00e3o clim\u00e1tico deve acelerar o ritmo do plantio de gr\u00e3os, que vinha mais lento por causa da falta de umidade no solo. No caso de culturas perenes como o caf\u00e9 e a laranja, a expectativa \u00e9 que a melhor consist\u00eancia e a boa distribui\u00e7\u00e3o das chuvas contribuam para a uniformidade das floradas.<\/p>\n<div id=\"attachment_74409\" style=\"width: 310px\" class=\"wp-caption alignleft\"><img fetchpriority=\"high\" data-recalc-dims=\"1\" decoding=\"async\" aria-describedby=\"caption-attachment-74409\" data-attachment-id=\"74409\" data-permalink=\"https:\/\/opresenterural.com.br\/a-influencia-das-alteracoes-climaticas-no-aumento-da-producao-agricola\/brandt-campo-com-chuva-a-influencia-das-alteracoes-climaticas-no-aumento-da-producao-agricola-foto-divulgacao\/\" data-orig-file=\"https:\/\/i0.wp.com\/opresenterural.com.br\/wp-content\/uploads\/2021\/04\/BRANDT-campo-com-chuva-A-influencia-das-alteracoes-climaticas-no-aumento-da-producao-agricola-foto-divulgacao.jpg?fit=1400%2C928&amp;ssl=1\" data-orig-size=\"1400,928\" data-comments-opened=\"1\" data-image-meta='{\"aperture\":\"0\",\"credit\":\"\",\"camera\":\"\",\"caption\":\"\",\"created_timestamp\":\"0\",\"copyright\":\"\",\"focal_length\":\"0\",\"iso\":\"0\",\"shutter_speed\":\"0\",\"title\":\"\",\"orientation\":\"0\"}' data-image-title=\"BRANDT -campo-com-chuva-A-influencia-das-alteracoes-climaticas-no-aumento-da-producao-agricola-foto-divulgacao\" data-image-description data-image-caption=\"&lt;p&gt;Foto: Divulga\u00e7\u00e3o\/Arquivo OPR&lt;\/p&gt;\" data-medium-file=\"https:\/\/i0.wp.com\/opresenterural.com.br\/wp-content\/uploads\/2021\/04\/BRANDT-campo-com-chuva-A-influencia-das-alteracoes-climaticas-no-aumento-da-producao-agricola-foto-divulgacao.jpg?fit=300%2C199&amp;ssl=1\" data-large-file=\"https:\/\/i0.wp.com\/opresenterural.com.br\/wp-content\/uploads\/2021\/04\/BRANDT-campo-com-chuva-A-influencia-das-alteracoes-climaticas-no-aumento-da-producao-agricola-foto-divulgacao.jpg?fit=740%2C491&amp;ssl=1\" class=\"size-medium wp-image-74409\" src=\"https:\/\/i0.wp.com\/opresenterural.com.br\/wp-content\/uploads\/2021\/04\/BRANDT-campo-com-chuva-A-influencia-das-alteracoes-climaticas-no-aumento-da-producao-agricola-foto-divulgacao.jpg?resize=300%2C199&amp;ssl=1\" alt width=\"300\" height=\"199\" srcset=\"https:\/\/i0.wp.com\/opresenterural.com.br\/wp-content\/uploads\/2021\/04\/BRANDT-campo-com-chuva-A-influencia-das-alteracoes-climaticas-no-aumento-da-producao-agricola-foto-divulgacao.jpg?resize=300%2C199&amp;ssl=1 300w, https:\/\/i0.wp.com\/opresenterural.com.br\/wp-content\/uploads\/2021\/04\/BRANDT-campo-com-chuva-A-influencia-das-alteracoes-climaticas-no-aumento-da-producao-agricola-foto-divulgacao.jpg?resize=1024%2C679&amp;ssl=1 1024w, https:\/\/i0.wp.com\/opresenterural.com.br\/wp-content\/uploads\/2021\/04\/BRANDT-campo-com-chuva-A-influencia-das-alteracoes-climaticas-no-aumento-da-producao-agricola-foto-divulgacao.jpg?resize=768%2C509&amp;ssl=1 768w, https:\/\/i0.wp.com\/opresenterural.com.br\/wp-content\/uploads\/2021\/04\/BRANDT-campo-com-chuva-A-influencia-das-alteracoes-climaticas-no-aumento-da-producao-agricola-foto-divulgacao.jpg?resize=600%2C398&amp;ssl=1 600w, https:\/\/i0.wp.com\/opresenterural.com.br\/wp-content\/uploads\/2021\/04\/BRANDT-campo-com-chuva-A-influencia-das-alteracoes-climaticas-no-aumento-da-producao-agricola-foto-divulgacao.jpg?w=1400&amp;ssl=1 1400w\" sizes=\"(max-width: 300px) 100vw, 300px\"><\/p>\n<p id=\"caption-attachment-74409\" class=\"wp-caption-text\">Photo: Disclosure\/OPR Archive<\/p>\n<\/div>\n<p data-start=\"880\" data-end=\"1160\">A Administra\u00e7\u00e3o Nacional Oce\u00e2nica e Atmosf\u00e9rica dos Estados Unidos (NOAA) confirmou a atua\u00e7\u00e3o do fen\u00f4meno La Ni\u00f1a, com transi\u00e7\u00e3o do estado neutro observada em setembro. A previs\u00e3o \u00e9 que o fen\u00f4meno se mantenha at\u00e9 o in\u00edcio de 2026, com impactos variados sobre o clima brasileiro.<\/p>\n<p data-start=\"1162\" data-end=\"1515\">Historicamente, a La Ni\u00f1a traz chuvas mais regulares para o Centro-Oeste e parte do Sudeste, o que tende a favorecer o desenvolvimento inicial da soja nessas regi\u00f5es. Em contrapartida, o Sul do pa\u00eds requer aten\u00e7\u00e3o redobrada, j\u00e1 que o fen\u00f4meno costuma estar associado a per\u00edodos de estiagem, sobretudo no Rio Grande do Sul e em parte de Santa Catarina.<\/p>\n<p data-start=\"1517\" data-end=\"1850\" data-is-last-node data-is-only-node>Apesar disso, os modelos atuais apontam para uma La Ni\u00f1a de fraca intensidade, o que reduz o risco de estiagens severas. As proje\u00e7\u00f5es indicam volume acumulado de chuvas suficiente para garantir boa produtividade na safra, inclusive no Rio Grande do Sul. As atualiza\u00e7\u00f5es meteorol\u00f3gicas seguir\u00e3o sendo monitoradas nos pr\u00f3ximos meses.<\/p>\n<\/div>\n<h6><em>THE <strong>Bela Cereais<\/strong> works with the best grains on the market and also keeps you up to date with the latest news and analyses on agribusiness.<br \/>\nDon&#039;t forget to follow our social networks.<\/em><\/h6>\n<p><a href=\"https:\/\/opresenterural.com.br\/chuvas-voltam-com-mais-regularidade-e-la-nina-deve-se-manter-ate-2026\/\" target=\"_blank\" rel=\"noopener\">Access News Source <\/a><\/p>","protected":false},"excerpt":{"rendered":"<p>Os principais modelos meteorol\u00f3gicos \u2014 americano e europeu \u2014 convergiram em suas proje\u00e7\u00f5es e indicam&hellip;<\/p>","protected":false},"author":1,"featured_media":25996,"comment_status":"","ping_status":"","sticky":false,"template":"","format":"standard","meta":{"footnotes":""},"categories":[258],"tags":[],"class_list":["post-25995","post","type-post","status-publish","format-standard","has-post-thumbnail","hentry","category-safra"],"_links":{"self":[{"href":"https:\/\/belacereais.com.br\/en\/wp-json\/wp\/v2\/posts\/25995","targetHints":{"allow":["GET"]}}],"collection":[{"href":"https:\/\/belacereais.com.br\/en\/wp-json\/wp\/v2\/posts"}],"about":[{"href":"https:\/\/belacereais.com.br\/en\/wp-json\/wp\/v2\/types\/post"}],"author":[{"embeddable":true,"href":"https:\/\/belacereais.com.br\/en\/wp-json\/wp\/v2\/users\/1"}],"replies":[{"embeddable":true,"href":"https:\/\/belacereais.com.br\/en\/wp-json\/wp\/v2\/comments?post=25995"}],"version-history":[{"count":0,"href":"https:\/\/belacereais.com.br\/en\/wp-json\/wp\/v2\/posts\/25995\/revisions"}],"wp:featuredmedia":[{"embeddable":true,"href":"https:\/\/belacereais.com.br\/en\/wp-json\/wp\/v2\/media\/25996"}],"wp:attachment":[{"href":"https:\/\/belacereais.com.br\/en\/wp-json\/wp\/v2\/media?parent=25995"}],"wp:term":[{"taxonomy":"category","embeddable":true,"href":"https:\/\/belacereais.com.br\/en\/wp-json\/wp\/v2\/categories?post=25995"},{"taxonomy":"post_tag","embeddable":true,"href":"https:\/\/belacereais.com.br\/en\/wp-json\/wp\/v2\/tags?post=25995"}],"curies":[{"name":"wp","href":"https:\/\/api.w.org\/{rel}","templated":true}]}}