{"id":26025,"date":"2025-10-28T12:57:26","date_gmt":"2025-10-28T16:57:26","guid":{"rendered":"https:\/\/belacereais.com.br\/2025\/safra\/la-nina-pode-alterar-clima-e-producao-agricola-no-brasil-e-no-mundo\/"},"modified":"2025-10-28T12:57:26","modified_gmt":"2025-10-28T16:57:26","slug":"la-nina-pode-alterar-clima-e-producao-agricola-no-brasil-e-no-mundo","status":"publish","type":"post","link":"https:\/\/belacereais.com.br\/en\/2025\/safra\/la-nina-pode-alterar-clima-e-producao-agricola-no-brasil-e-no-mundo\/","title":{"rendered":"La Ni\u00f1a pode alterar clima e produ\u00e7\u00e3o agr\u00edcola no Brasil e no mundo"},"content":{"rendered":"<p><\/p>\n<div id=\"mvp-content-main\" class=\"left relative\">\n<p>As condi\u00e7\u00f5es clim\u00e1ticas previstas para o \u00faltimo trimestre de 2025, divulgadas no\u00a0<a href=\"https:\/\/www.stonex.com\/pt-br\/insights\/perspectivas-commodities\/?utm_source=attuale&amp;utm_medium=perspectivas_q4_25&amp;utm_campaign=release_clima\" target=\"_blank\" rel=\"noopener noreferrer\">Relat\u00f3rio Trimestral de Perspectivas para Commodities da StoneX<\/a>, destacam a crescente probabilidade de forma\u00e7\u00e3o do fen\u00f4meno La Ni\u00f1a. As informa\u00e7\u00f5es s\u00e3o de Carolina Jaramillo Giraldo, analista de Intelig\u00eancia de Mercado da companhia.<\/p>\n<p>Segundo os dados mais recentes, as anomalias de temperatura da superf\u00edcie do mar indicam um resfriamento nas regi\u00f5es centrais e leste do Pac\u00edfico (Ni\u00f1o 3.4 e Ni\u00f1o 3), acompanhado de aquecimento no Pac\u00edfico oeste, configura\u00e7\u00e3o t\u00edpica de La Ni\u00f1a. \u201cRelat\u00f3rios da Organiza\u00e7\u00e3o Meteorol\u00f3gica Mundial (OMM), do Instituto Internacional de Pesquisa para o Clima e Sociedade (IRI) e da Administra\u00e7\u00e3o Nacional Oce\u00e2nica e Atmosf\u00e9rica (NOAA) apontam para uma La Ni\u00f1a fraca, embora n\u00e3o se descarte a possibilidade de retorno \u00e0 neutralidade durante o ver\u00e3o no Hemisf\u00e9rio Sul\u201d, aponta a analista.<\/p>\n<p>Historicamente, o fen\u00f4meno La Ni\u00f1a costuma durar entre tr\u00eas e quatro trimestres m\u00f3veis, mas h\u00e1 registros de eventos mais prolongados. Em 1984 e 2017, por exemplo, o fen\u00f4meno teve in\u00edcio no trimestre SON (setembro\u2013novembro) e se estendeu por 11 e 6 trimestres, respectivamente. Com base nesses precedentes, h\u00e1 possibilidade de que a La Ni\u00f1a atual se prolongue at\u00e9 os primeiros meses de 2026.<\/p>\n<h4><strong>Impactos clim\u00e1ticos globais<\/strong><\/h4>\n<p>A configura\u00e7\u00e3o atmosf\u00e9rica t\u00edpica de La Ni\u00f1a, marcada por alta press\u00e3o no Pac\u00edfico central e oriental e baixa press\u00e3o no Pac\u00edfico oeste, tende a influenciar os padr\u00f5es clim\u00e1ticos em diversas regi\u00f5es do mundo. As proje\u00e7\u00f5es indicam chuvas abaixo da m\u00e9dia no sul da Europa, \u00c1sia Central e leste da \u00c1frica, al\u00e9m de anomalias secas pontuais no norte do M\u00e9xico, sul do Brasil, Uruguai, sudoeste da Argentina e sul do Chile. \u201cEm contrapartida, h\u00e1 expectativa de chuvas acima da m\u00e9dia em \u00e1reas como \u00cdndia, norte da \u00c1sia, Am\u00e9rica Central, Canad\u00e1, norte dos Estados Unidos e oeste da Col\u00f4mbia. No Sudeste do Brasil e na Bol\u00edvia, o sinal \u00e9 mais fraco e menos consistente, enquanto no restante da Am\u00e9rica as condi\u00e7\u00f5es tendem a oscilar em torno da normalidade\u201d, pontua Carolina.<\/p>\n<h4><strong>Cen\u00e1rio clim\u00e1tico no Brasil<\/strong><\/h4>\n<div id=\"attachment_195904\" style=\"width: 310px\" class=\"wp-caption alignright\"><img fetchpriority=\"high\" data-recalc-dims=\"1\" decoding=\"async\" aria-describedby=\"caption-attachment-195904\" data-attachment-id=\"195904\" data-permalink=\"https:\/\/opresenterural.com.br\/la-nina-pode-alterar-clima-e-producao-agricola-no-brasil-e-no-mundo\/carolina-jaramillo-giraldo-analista-de-inteligencia-de-mercado-da-stonex\/\" data-orig-file=\"https:\/\/i0.wp.com\/opresenterural.com.br\/wp-content\/uploads\/2025\/10\/Carolina-Jaramillo-Giraldo-analista-de-Inteligencia-de-Mercado-da-Stonex-e1761670286256.jpg?fit=721%2C574&amp;ssl=1\" data-orig-size=\"721,574\" data-comments-opened=\"0\" data-image-meta='{\"aperture\":\"11\",\"credit\":\"KarinaBrandao\",\"camera\":\"NIKON D810\",\"caption\":\"\",\"created_timestamp\":\"1745487789\",\"copyright\":\"KarinaBrandao\",\"focal_length\":\"35\",\"iso\":\"100\",\"shutter_speed\":\"0.00625\",\"title\":\"\",\"orientation\":\"0\"}' data-image-title=\"Carolina-Jaramillo-Giraldo-analista-de-Inteligencia-de-Mercado-da-Stonex\" data-image-description data-image-caption=\"&lt;p&gt;Analista de Intelig\u00eancia de Mercado da StoneX, Carolina Jaramillo Giraldo, explica que os modelos clim\u00e1ticos indicam maior probabilidade de forma\u00e7\u00e3o de La Ni\u00f1a no \u00faltimo trimestre de 2025 \u2013 Foto: Divulga\u00e7\u00e3o\/StoneX&lt;\/p&gt;\" data-medium-file=\"https:\/\/i0.wp.com\/opresenterural.com.br\/wp-content\/uploads\/2025\/10\/Carolina-Jaramillo-Giraldo-analista-de-Inteligencia-de-Mercado-da-Stonex-e1761670286256.jpg?fit=300%2C239&amp;ssl=1\" data-large-file=\"https:\/\/i0.wp.com\/opresenterural.com.br\/wp-content\/uploads\/2025\/10\/Carolina-Jaramillo-Giraldo-analista-de-Inteligencia-de-Mercado-da-Stonex-e1761670286256.jpg?fit=684%2C1024&amp;ssl=1\" class=\"wp-image-195904 size-medium\" src=\"https:\/\/i0.wp.com\/opresenterural.com.br\/wp-content\/uploads\/2025\/10\/Carolina-Jaramillo-Giraldo-analista-de-Inteligencia-de-Mercado-da-Stonex-e1761670286256-300x239.jpg?resize=300%2C239&amp;ssl=1\" alt width=\"300\" height=\"239\" srcset=\"https:\/\/i0.wp.com\/opresenterural.com.br\/wp-content\/uploads\/2025\/10\/Carolina-Jaramillo-Giraldo-analista-de-Inteligencia-de-Mercado-da-Stonex-e1761670286256.jpg?resize=300%2C239&amp;ssl=1 300w, https:\/\/i0.wp.com\/opresenterural.com.br\/wp-content\/uploads\/2025\/10\/Carolina-Jaramillo-Giraldo-analista-de-Inteligencia-de-Mercado-da-Stonex-e1761670286256.jpg?resize=600%2C478&amp;ssl=1 600w, https:\/\/i0.wp.com\/opresenterural.com.br\/wp-content\/uploads\/2025\/10\/Carolina-Jaramillo-Giraldo-analista-de-Inteligencia-de-Mercado-da-Stonex-e1761670286256.jpg?w=721&amp;ssl=1 721w\" sizes=\"(max-width: 300px) 100vw, 300px\"><\/p>\n<p id=\"caption-attachment-195904\" class=\"wp-caption-text\">Analista de Intelig\u00eancia de Mercado da StoneX, Carolina Jaramillo Giraldo, explica que os modelos clim\u00e1ticos indicam maior probabilidade de forma\u00e7\u00e3o de La Ni\u00f1a no \u00faltimo trimestre de 2025 \u2013 Foto: Divulga\u00e7\u00e3o\/StoneX<\/p>\n<\/div>\n<p>O inverno de 2025 foi marcado por temperaturas abaixo da m\u00e9dia, especialmente nas m\u00e1ximas. Para os pr\u00f3ximos meses, os modelos clim\u00e1ticos indicam temperaturas pr\u00f3ximas da normalidade, com varia\u00e7\u00f5es regionais significativas. Em outubro, leste de\u00a0Mato Grosso, oeste da Bahia e parte nordeste\u00a0Goi\u00e1s podem registrar at\u00e9 +1 \u00b0C acima da m\u00e9dia, o que acelera a germina\u00e7\u00e3o da soja, mas tamb\u00e9m aumenta o risco de d\u00e9ficit h\u00eddrico caso as chuvas atrasem.<\/p>\n<p>Em novembro, segundo a analista, a tend\u00eancia \u00e9 de temperaturas dentro da normalidade no Centro-Oeste, Cerrado e Sul. No Sudeste, especialmente no Esp\u00edrito Santo e centro-leste de Minas Gerais, podem ocorrer anomalias de at\u00e9 +1 \u00b0C, elevando a evapotranspira\u00e7\u00e3o em lavouras e cafezais. J\u00e1 entre dezembro e janeiro, o Centro-Sul deve registrar temperaturas m\u00e9dias, favorecendo o enchimento de gr\u00e3os, desde que haja boa distribui\u00e7\u00e3o de chuvas. No Nordeste, alguns pontos podem ter at\u00e9 +1 \u00b0C acima da m\u00e9dia, enquanto no Norte, janeiro tende a ser mais quente que dezembro, ampliando a press\u00e3o sobre as lavouras.<\/p>\n<p><strong>Teleconex\u00f5es atmosf\u00e9ricas e riscos agr\u00edcolas<\/strong><\/p>\n<p>A intera\u00e7\u00e3o entre La Ni\u00f1a e a Oscila\u00e7\u00e3o de Madden\u2013Julian (MJO), um pulso de tempestades tropicais que se move de oeste para leste em ciclos de 30 a 60 dias, pode intensificar os efeitos clim\u00e1ticos no Hemisf\u00e9rio Sul. Quando a MJO se posiciona sobre a Indon\u00e9sia e o Pac\u00edfico ocidental durante anos de La Ni\u00f1a, a atmosfera extratropical tende a responder com um padr\u00e3o de Oscila\u00e7\u00e3o Ant\u00e1rtica (AAO) positiva.<\/p>\n<p>Conforme explica a analista, esse fen\u00f4meno desloca os ventos de oeste para latitudes mais ao sul, reduzindo a entrada de frentes frias no sul da Am\u00e9rica do Sul e favorecendo bloqueios atmosf\u00e9ricos. \u201cO resultado \u00e9 um aumento de seca e calor em regi\u00f5es como o Sul do Brasil, Paraguai, Uruguai e Argentina, justamente durante a primavera e o ver\u00e3o, per\u00edodos cr\u00edticos para culturas como milho e soja de primeira safra\u201d, detalha Carolina Giraldo.<\/p>\n<p>Nos tr\u00f3picos, o cen\u00e1rio \u00e9 contrastante: a intera\u00e7\u00e3o entre La Ni\u00f1a e a MJO intensifica a convec\u00e7\u00e3o no oeste do Pac\u00edfico, Indon\u00e9sia, Sudeste Asi\u00e1tico e Filipinas, resultando em chuvas mais intensas, enquanto o Pac\u00edfico central e leste permanece mais seco. No Brasil Central e no Sudeste, s\u00e3o esperadas chuvas acima da m\u00e9dia, o que pode beneficiar culturas como soja, milho e caf\u00e9, mas tamb\u00e9m prejudicar a cana-de-a\u00e7\u00facar devido \u00e0 alta nebulosidade e aumentar o risco de doen\u00e7as f\u00fangicas pela umidade recorrente.<\/p>\n<h4><strong>Proje\u00e7\u00f5es para o Pac\u00edfico e implica\u00e7\u00f5es econ\u00f4micas<\/strong><\/h4>\n<div id=\"attachment_165936\" style=\"width: 310px\" class=\"wp-caption alignleft\"><img data-recalc-dims=\"1\" decoding=\"async\" aria-describedby=\"caption-attachment-165936\" data-attachment-id=\"165936\" data-permalink=\"https:\/\/opresenterural.com.br\/o-urgente-combate-a-desertificacao-no-brasil\/seca-antonio-carlos-mafalda-3\/\" data-orig-file=\"https:\/\/i0.wp.com\/opresenterural.com.br\/wp-content\/uploads\/2024\/12\/seca-Antonio-Carlos-Mafalda-1.jpg?fit=640%2C480&amp;ssl=1\" data-orig-size=\"640,480\" data-comments-opened=\"0\" data-image-meta='{\"aperture\":\"0\",\"credit\":\"\",\"camera\":\"\",\"caption\":\"\",\"created_timestamp\":\"0\",\"copyright\":\"\",\"focal_length\":\"0\",\"iso\":\"0\",\"shutter_speed\":\"0\",\"title\":\"\",\"orientation\":\"0\"}' data-image-title=\"seca Antonio Carlos Mafalda\" data-image-description data-image-caption=\"&lt;p&gt;Foto: Antonio Carlos Mafalda&lt;\/p&gt;\" data-medium-file=\"https:\/\/i0.wp.com\/opresenterural.com.br\/wp-content\/uploads\/2024\/12\/seca-Antonio-Carlos-Mafalda-1.jpg?fit=300%2C225&amp;ssl=1\" data-large-file=\"https:\/\/i0.wp.com\/opresenterural.com.br\/wp-content\/uploads\/2024\/12\/seca-Antonio-Carlos-Mafalda-1.jpg?fit=640%2C480&amp;ssl=1\" class=\"size-medium wp-image-165936\" src=\"https:\/\/i0.wp.com\/opresenterural.com.br\/wp-content\/uploads\/2024\/12\/seca-Antonio-Carlos-Mafalda-1.jpg?resize=300%2C225&amp;ssl=1\" alt width=\"300\" height=\"225\" srcset=\"https:\/\/i0.wp.com\/opresenterural.com.br\/wp-content\/uploads\/2024\/12\/seca-Antonio-Carlos-Mafalda-1.jpg?resize=300%2C225&amp;ssl=1 300w, https:\/\/i0.wp.com\/opresenterural.com.br\/wp-content\/uploads\/2024\/12\/seca-Antonio-Carlos-Mafalda-1.jpg?resize=600%2C450&amp;ssl=1 600w, https:\/\/i0.wp.com\/opresenterural.com.br\/wp-content\/uploads\/2024\/12\/seca-Antonio-Carlos-Mafalda-1.jpg?w=640&amp;ssl=1 640w\" sizes=\"(max-width: 300px) 100vw, 300px\"><\/p>\n<p id=\"caption-attachment-165936\" class=\"wp-caption-text\">Foto: Antonio Carlos Mafalda<\/p>\n<\/div>\n<p>As previs\u00f5es de precipita\u00e7\u00e3o da OMM para o trimestre OND de 2025 no Pac\u00edfico est\u00e3o alinhadas a um gradiente positivo leste-oeste da temperatura da superf\u00edcie do mar, padr\u00e3o semelhante ao observado em eventos de La Ni\u00f1a moderada, destaca a especialista. As maiores probabilidades de chuvas acima da m\u00e9dia concentram-se no Sudeste Asi\u00e1tico, especialmente ao redor das Filipinas, com probabilidades pr\u00f3ximas de 70%. J\u00e1 na metade oriental da Austr\u00e1lia, o sinal \u00e9 mais fraco. \u201cEntre o Pac\u00edfico central e o extremo Leste, a tend\u00eancia \u00e9 de chuvas variando entre normalidade e ligeiramente abaixo da m\u00e9dia. No Norte do Equador, h\u00e1 indica\u00e7\u00e3o de seca, que se estende para o Sudeste em dire\u00e7\u00e3o \u00e0s regi\u00f5es costeiras ocidentais da Am\u00e9rica do Sul\u201d, ressalta Carolina.<\/p>\n<p>Baixe o relat\u00f3rio completo de Perspectivas para Commodities da StoneX\u00a0<a href=\"https:\/\/www.stonex.com\/pt-br\/insights\/perspectivas-commodities\/?utm_source=attuale&amp;utm_medium=perspectivas_q4_25&amp;utm_campaign=release_clima\" target=\"_blank\" rel=\"noopener noreferrer\"><strong>here<\/strong><\/a>.<\/p>\n<\/div>\n<h6><em>THE <strong>Bela Cereais<\/strong> works with the best grains on the market and also keeps you up to date with the latest news and analyses on agribusiness.<br \/>\nDon&#039;t forget to follow our social networks.<\/em><\/h6>\n<p><a href=\"https:\/\/opresenterural.com.br\/la-nina-pode-alterar-clima-e-producao-agricola-no-brasil-e-no-mundo\/\" target=\"_blank\" rel=\"noopener\">Access News Source <\/a><\/p>","protected":false},"excerpt":{"rendered":"<p>As condi\u00e7\u00f5es clim\u00e1ticas previstas para o \u00faltimo trimestre de 2025, divulgadas no\u00a0Relat\u00f3rio Trimestral de Perspectivas&hellip;<\/p>","protected":false},"author":1,"featured_media":25933,"comment_status":"","ping_status":"","sticky":false,"template":"","format":"standard","meta":{"footnotes":""},"categories":[258],"tags":[],"class_list":["post-26025","post","type-post","status-publish","format-standard","has-post-thumbnail","hentry","category-safra"],"_links":{"self":[{"href":"https:\/\/belacereais.com.br\/en\/wp-json\/wp\/v2\/posts\/26025","targetHints":{"allow":["GET"]}}],"collection":[{"href":"https:\/\/belacereais.com.br\/en\/wp-json\/wp\/v2\/posts"}],"about":[{"href":"https:\/\/belacereais.com.br\/en\/wp-json\/wp\/v2\/types\/post"}],"author":[{"embeddable":true,"href":"https:\/\/belacereais.com.br\/en\/wp-json\/wp\/v2\/users\/1"}],"replies":[{"embeddable":true,"href":"https:\/\/belacereais.com.br\/en\/wp-json\/wp\/v2\/comments?post=26025"}],"version-history":[{"count":0,"href":"https:\/\/belacereais.com.br\/en\/wp-json\/wp\/v2\/posts\/26025\/revisions"}],"wp:featuredmedia":[{"embeddable":true,"href":"https:\/\/belacereais.com.br\/en\/wp-json\/wp\/v2\/media\/25933"}],"wp:attachment":[{"href":"https:\/\/belacereais.com.br\/en\/wp-json\/wp\/v2\/media?parent=26025"}],"wp:term":[{"taxonomy":"category","embeddable":true,"href":"https:\/\/belacereais.com.br\/en\/wp-json\/wp\/v2\/categories?post=26025"},{"taxonomy":"post_tag","embeddable":true,"href":"https:\/\/belacereais.com.br\/en\/wp-json\/wp\/v2\/tags?post=26025"}],"curies":[{"name":"wp","href":"https:\/\/api.w.org\/{rel}","templated":true}]}}