{"id":26039,"date":"2025-10-30T09:05:51","date_gmt":"2025-10-30T13:05:51","guid":{"rendered":"https:\/\/belacereais.com.br\/2025\/safra\/produtores-do-norte-e-nordeste-devem-se-preparar-para-maior-volume-de-chuvas-durante-la-nina\/"},"modified":"2025-10-30T09:05:51","modified_gmt":"2025-10-30T13:05:51","slug":"produtores-do-norte-e-nordeste-devem-se-preparar-para-maior-volume-de-chuvas-durante-la-nina","status":"publish","type":"post","link":"https:\/\/belacereais.com.br\/en\/2025\/safra\/produtores-do-norte-e-nordeste-devem-se-preparar-para-maior-volume-de-chuvas-durante-la-nina\/","title":{"rendered":"Produtores do Norte e Nordeste devem se preparar para maior volume de chuvas durante La Ni\u00f1a"},"content":{"rendered":"<p><\/p>\n<div id=\"mvp-content-main\" class=\"left relative\">\n<p>A Administra\u00e7\u00e3o Nacional Oce\u00e2nica e Atmosf\u00e9rica dos Estados Unidos (NOAA) e a Organiza\u00e7\u00e3o Meteorol\u00f3gica Mundial (OMM) confirmaram oficialmente a forma\u00e7\u00e3o da La Ni\u00f1a em 2025, com 71% de probabilidade de persist\u00eancia at\u00e9 fevereiro de 2026. Embora classificado como de intensidade fraca, o fen\u00f4meno deve trazer chuvas mais intensas para parte dos estados das regi\u00f5es Norte e Nordeste do Brasil durante a safra 2025\/26.<\/p>\n<p>Apesar de favorecer a disponibilidade h\u00eddrica, com chuvas acima dos volumes hist\u00f3ricos, o excesso de umidade exige tamb\u00e9m aten\u00e7\u00e3o dos agricultores para evitar preju\u00edzos. De acordo com o doutor em Agronomia Frederico Dellano, os impactos n\u00e3o devem ser ignorados. \u201cO produtor precisa se antecipar e planejar o manejo para lidar com per\u00edodos de maior umidade, pois isso pode intensificar a ocorr\u00eancia de nematoides, favorecer doen\u00e7as f\u00fangicas e comprometer a qualidade dos gr\u00e3os na colheita\u201d, explica.<\/p>\n<div id=\"attachment_171370\" style=\"width: 310px\" class=\"wp-caption alignright\"><img fetchpriority=\"high\" data-recalc-dims=\"1\" decoding=\"async\" aria-describedby=\"caption-attachment-171370\" data-attachment-id=\"171370\" data-permalink=\"https:\/\/opresenterural.com.br\/boletim-agrometeorologico-analisa-chuvas-de-janeiro-no-cenario-agricola-do-parana\/plantacao-de-soja-foto-jose-fernando-ogura-aen-16\/\" data-orig-file=\"https:\/\/i0.wp.com\/opresenterural.com.br\/wp-content\/uploads\/2025\/02\/planta%C3%A7%C3%A3o-de-soja-chuva-Foto-Jos%C3%A9-Fernando-Ogura.jpg?fit=1400%2C933&amp;ssl=1\" data-orig-size=\"1400,933\" data-comments-opened=\"0\" data-image-meta='{\"aperture\":\"4\",\"credit\":\"Jose Fernando Ogura\\\/AEN\",\"camera\":\"Canon EOS 6D Mark II\",\"caption\":\"Planta\\u00e7\\u00e3o de soja. Foto: Jos\\u00e9 Fernando Ogura\\\/AEN\",\"created_timestamp\":\"1610467013\",\"copyright\":\"@JFOGURA\",\"focal_length\":\"50\",\"iso\":\"640\",\"shutter_speed\":\"0.005\",\"title\":\"Planta\\u00e7\\u00e3o de soja. Foto: Jos\\u00e9 Fernando Ogura\\\/AEN\",\"orientation\":\"1\"}' data-image-title=\"Planta\u00e7\u00e3o de soja. Foto: Jos\u00e9 Fernando Ogura\/AEN\" data-image-description data-image-caption=\"&lt;p&gt;Foto: Jos\u00e9 Fernando Ogura&lt;\/p&gt;\" data-medium-file=\"https:\/\/i0.wp.com\/opresenterural.com.br\/wp-content\/uploads\/2025\/02\/planta%C3%A7%C3%A3o-de-soja-chuva-Foto-Jos%C3%A9-Fernando-Ogura.jpg?fit=300%2C200&amp;ssl=1\" data-large-file=\"https:\/\/i0.wp.com\/opresenterural.com.br\/wp-content\/uploads\/2025\/02\/planta%C3%A7%C3%A3o-de-soja-chuva-Foto-Jos%C3%A9-Fernando-Ogura.jpg?fit=740%2C493&amp;ssl=1\" class=\"size-medium wp-image-171370\" src=\"https:\/\/i0.wp.com\/opresenterural.com.br\/wp-content\/uploads\/2025\/02\/planta%C3%A7%C3%A3o-de-soja-chuva-Foto-Jos%C3%A9-Fernando-Ogura.jpg?resize=300%2C200&amp;ssl=1\" alt width=\"300\" height=\"200\" srcset=\"https:\/\/i0.wp.com\/opresenterural.com.br\/wp-content\/uploads\/2025\/02\/planta%C3%A7%C3%A3o-de-soja-chuva-Foto-Jos%C3%A9-Fernando-Ogura.jpg?resize=300%2C200&amp;ssl=1 300w, https:\/\/i0.wp.com\/opresenterural.com.br\/wp-content\/uploads\/2025\/02\/planta%C3%A7%C3%A3o-de-soja-chuva-Foto-Jos%C3%A9-Fernando-Ogura.jpg?resize=1024%2C682&amp;ssl=1 1024w, https:\/\/i0.wp.com\/opresenterural.com.br\/wp-content\/uploads\/2025\/02\/planta%C3%A7%C3%A3o-de-soja-chuva-Foto-Jos%C3%A9-Fernando-Ogura.jpg?resize=768%2C512&amp;ssl=1 768w, https:\/\/i0.wp.com\/opresenterural.com.br\/wp-content\/uploads\/2025\/02\/planta%C3%A7%C3%A3o-de-soja-chuva-Foto-Jos%C3%A9-Fernando-Ogura.jpg?resize=600%2C400&amp;ssl=1 600w, https:\/\/i0.wp.com\/opresenterural.com.br\/wp-content\/uploads\/2025\/02\/planta%C3%A7%C3%A3o-de-soja-chuva-Foto-Jos%C3%A9-Fernando-Ogura.jpg?w=1400&amp;ssl=1 1400w\" sizes=\"(max-width: 300px) 100vw, 300px\"><\/p>\n<p id=\"caption-attachment-171370\" class=\"wp-caption-text\">Photo: Jose Fernando Ogura<\/p>\n<\/div>\n<p>Entre as principais recomenda\u00e7\u00f5es est\u00e3o a escolha adequada de cultivares e o preparo da estrutura de plantio. \u201c\u00c9 importante selecionar cultivares adaptadas \u00e0s condi\u00e7\u00f5es da regi\u00e3o e resistentes \u00e0s doen\u00e7as mais recorrentes. Al\u00e9m disso, o agricultor deve organizar a log\u00edstica de insumos, realizar a manuten\u00e7\u00e3o e regulagem de m\u00e1quinas com anteced\u00eancia para aproveitar os intervalos entre as chuvas, evitando perdas de janela de plantio\u201d, orienta Dellano.<\/p>\n<p>O especialista tamb\u00e9m ressalta a necessidade de aten\u00e7\u00e3o ao solo. \u201cN\u00e3o \u00e9 recomendado realizar a semeadura em per\u00edodos em que o solo esteja encharcado, pois isso aumenta o risco de compacta\u00e7\u00e3o e prejudica o desenvolvimento da lavoura. Sempre que poss\u00edvel, \u00e9 recomend\u00e1vel utilizar cultivares com maior toler\u00e2ncia ao acamamento, j\u00e1 que o excesso de chuva pode favorecer esse problema\u201d, acrescenta.<\/p>\n<p>Outro ponto cr\u00edtico \u00e9 a colheita. \u201cCom o aumento da umidade, pode haver germina\u00e7\u00e3o dos gr\u00e3os ainda nas vagens, perda de qualidade e at\u00e9 surgimento de doen\u00e7as de final de ciclo. Buscar cultivares com melhor toler\u00e2ncia a essas condi\u00e7\u00f5es \u00e9 uma forma de reduzir os impactos\u201d, completa o especialista.<\/p>\n<p>Apesar dos desafios, o doutor em Agronomia lembra que os anos de La Ni\u00f1a podem ser mais favor\u00e1veis no Norte em rela\u00e7\u00e3o a per\u00edodos de El Ni\u00f1o, quando o volume de chuvas costuma ser menor. \u201cO excesso de \u00e1gua exige cuidados adicionais, mas com planejamento e uso de cultivares mais adaptadas \u00e9 poss\u00edvel manter bons resultados produtivos. Este La Ni\u00f1a, mesmo sendo fraco, merece aten\u00e7\u00e3o redobrada principalmente nos per\u00edodos cr\u00edticos da cultura\u201d, ressalta.<\/p>\n<\/div>\n<h6><em>THE <strong>Bela Cereais<\/strong> works with the best grains on the market and also keeps you up to date with the latest news and analyses on agribusiness.<br \/>\nDon&#039;t forget to follow our social networks.<\/em><\/h6>\n<p><a href=\"https:\/\/opresenterural.com.br\/produtores-do-norte-e-nordeste-devem-se-preparar-para-maior-volume-de-chuvas-durante-la-nina\/\" target=\"_blank\" rel=\"noopener\">Access News Source <\/a><\/p>","protected":false},"excerpt":{"rendered":"<p>A Administra\u00e7\u00e3o Nacional Oce\u00e2nica e Atmosf\u00e9rica dos Estados Unidos (NOAA) e a Organiza\u00e7\u00e3o Meteorol\u00f3gica Mundial&hellip;<\/p>","protected":false},"author":1,"featured_media":26040,"comment_status":"","ping_status":"","sticky":false,"template":"","format":"standard","meta":{"footnotes":""},"categories":[258],"tags":[],"class_list":["post-26039","post","type-post","status-publish","format-standard","has-post-thumbnail","hentry","category-safra"],"_links":{"self":[{"href":"https:\/\/belacereais.com.br\/en\/wp-json\/wp\/v2\/posts\/26039","targetHints":{"allow":["GET"]}}],"collection":[{"href":"https:\/\/belacereais.com.br\/en\/wp-json\/wp\/v2\/posts"}],"about":[{"href":"https:\/\/belacereais.com.br\/en\/wp-json\/wp\/v2\/types\/post"}],"author":[{"embeddable":true,"href":"https:\/\/belacereais.com.br\/en\/wp-json\/wp\/v2\/users\/1"}],"replies":[{"embeddable":true,"href":"https:\/\/belacereais.com.br\/en\/wp-json\/wp\/v2\/comments?post=26039"}],"version-history":[{"count":0,"href":"https:\/\/belacereais.com.br\/en\/wp-json\/wp\/v2\/posts\/26039\/revisions"}],"wp:featuredmedia":[{"embeddable":true,"href":"https:\/\/belacereais.com.br\/en\/wp-json\/wp\/v2\/media\/26040"}],"wp:attachment":[{"href":"https:\/\/belacereais.com.br\/en\/wp-json\/wp\/v2\/media?parent=26039"}],"wp:term":[{"taxonomy":"category","embeddable":true,"href":"https:\/\/belacereais.com.br\/en\/wp-json\/wp\/v2\/categories?post=26039"},{"taxonomy":"post_tag","embeddable":true,"href":"https:\/\/belacereais.com.br\/en\/wp-json\/wp\/v2\/tags?post=26039"}],"curies":[{"name":"wp","href":"https:\/\/api.w.org\/{rel}","templated":true}]}}