{"id":26359,"date":"2025-12-08T14:05:29","date_gmt":"2025-12-08T18:05:29","guid":{"rendered":"https:\/\/belacereais.com.br\/2025\/centro-oeste\/lar-cooperativa-conclui-pre-assembleias-no-mato-grosso-do-sul-com-foco-em-crescimento-e-transparencia\/"},"modified":"2025-12-08T14:05:29","modified_gmt":"2025-12-08T18:05:29","slug":"lar-cooperativa-conclui-pre-assembleias-no-mato-grosso-do-sul-com-foco-em-crescimento-e-transparencia","status":"publish","type":"post","link":"https:\/\/belacereais.com.br\/en\/2025\/centro-oeste\/lar-cooperativa-conclui-pre-assembleias-no-mato-grosso-do-sul-com-foco-em-crescimento-e-transparencia\/","title":{"rendered":"Lar Cooperativa conclui pr\u00e9-assembleias no Mato Grosso do Sul com foco em crescimento e transpar\u00eancia"},"content":{"rendered":"<p><\/p>\n<div id=\"mvp-content-main\" class=\"left relative\">\n<p data-start=\"121\" data-end=\"388\">Ap\u00f3s 19 encontros repletos de participa\u00e7\u00e3o da fam\u00edlia associada, a Lar Cooperativa concluiu o ciclo de pr\u00e9-assembleia 2025\/2026 em Mato Grosso do Sul. Os tradicionais encontros foram marcados por muita conversa, transpar\u00eancia e planejamento estrat\u00e9gico.<\/p>\n<p align=\"justify\">\u201cTradicionalmente as pr\u00e9-assembleias s\u00e3o reuni\u00f5es muito prestigiadas e nesta edi\u00e7\u00e3o n\u00e3o foi diferente. Apesar dos desafios, o ano de 2025 foi muito bom, superamos nossas metas de faturamento e tamb\u00e9m de resultado financeiro. Esse desempenho, somados a outros avan\u00e7os, nos fornecem muitas raz\u00f5es para celebrar\u201d, comentou o diretor-presidente da Lar, Irineo da Costa Rodrigues.<\/p>\n<p data-start=\"735\" data-end=\"1196\"><img fetchpriority=\"high\" data-recalc-dims=\"1\" decoding=\"async\" data-attachment-id=\"199154\" data-permalink=\"https:\/\/opresenterural.com.br\/lar-cooperativa-conclui-pre-assembleias-no-mato-grosso-do-sul-com-foco-em-crescimento-e-transparencia\/01-12-1\/\" data-orig-file=\"https:\/\/i0.wp.com\/opresenterural.com.br\/wp-content\/uploads\/2025\/12\/01-12-1.jpg?fit=1400%2C875&amp;ssl=1\" data-orig-size=\"1400,875\" data-comments-opened=\"0\" data-image-meta=\"{&quot;aperture&quot;:&quot;0&quot;,&quot;credit&quot;:&quot;&quot;,&quot;camera&quot;:&quot;&quot;,&quot;caption&quot;:&quot;&quot;,&quot;created_timestamp&quot;:&quot;0&quot;,&quot;copyright&quot;:&quot;&quot;,&quot;focal_length&quot;:&quot;0&quot;,&quot;iso&quot;:&quot;0&quot;,&quot;shutter_speed&quot;:&quot;0&quot;,&quot;title&quot;:&quot;&quot;,&quot;orientation&quot;:&quot;0&quot;}\" data-image-title=\"01-12 (1)\" data-image-description data-image-caption data-medium-file=\"https:\/\/i0.wp.com\/opresenterural.com.br\/wp-content\/uploads\/2025\/12\/01-12-1.jpg?fit=300%2C188&amp;ssl=1\" data-large-file=\"https:\/\/i0.wp.com\/opresenterural.com.br\/wp-content\/uploads\/2025\/12\/01-12-1.jpg?fit=740%2C463&amp;ssl=1\" class=\"size-medium wp-image-199154 alignleft\" src=\"https:\/\/i0.wp.com\/opresenterural.com.br\/wp-content\/uploads\/2025\/12\/01-12-1.jpg?resize=300%2C188&amp;ssl=1\" alt width=\"300\" height=\"188\" srcset=\"https:\/\/i0.wp.com\/opresenterural.com.br\/wp-content\/uploads\/2025\/12\/01-12-1.jpg?resize=300%2C188&amp;ssl=1 300w, https:\/\/i0.wp.com\/opresenterural.com.br\/wp-content\/uploads\/2025\/12\/01-12-1.jpg?resize=1024%2C640&amp;ssl=1 1024w, https:\/\/i0.wp.com\/opresenterural.com.br\/wp-content\/uploads\/2025\/12\/01-12-1.jpg?resize=768%2C480&amp;ssl=1 768w, https:\/\/i0.wp.com\/opresenterural.com.br\/wp-content\/uploads\/2025\/12\/01-12-1.jpg?resize=600%2C375&amp;ssl=1 600w, https:\/\/i0.wp.com\/opresenterural.com.br\/wp-content\/uploads\/2025\/12\/01-12-1.jpg?w=1400&amp;ssl=1 1400w\" sizes=\"(max-width: 300px) 100vw, 300px\">Em Mato Grosso do Sul, as pr\u00e9-assembleias aconteceram em duas etapas, com tr\u00eas reuni\u00f5es por dia. A primeira fase, entre 24 e 27 de novembro, reuniu associados de Sete Quedas, Amambai, Aral Moreira, Itahum, Bela Vista, Ant\u00f4nio Jo\u00e3o, Ponta Por\u00e3, Rio Brilhante, Dourados\/Douradina, Laguna Carap\u00e3 e Caarap\u00f3. A segunda fase, de 02 a 04 de dezembro, passou por Bonito, Sidrol\u00e2ndia, Campo Grande, Bandeirantes, S\u00e3o Gabriel do Oeste, Chapad\u00e3o do Sul, Sonora e Maracaju.<\/p>\n<p data-start=\"1198\" data-end=\"1625\">Os encontros foram conduzidos pelo diretor-presidente Irineo da Costa Rodrigues e pelo 1\u00b0 vice-presidente, Diogo Sezar de Mattia, com a participa\u00e7\u00e3o da coordenadora do Programa de Difus\u00e3o do Cooperativismo no MS, Cristiane Denise Mattana Gehrke, e o apoio da Assessoria de Comunica\u00e7\u00e3o.<\/p>\n<p data-start=\"1198\" data-end=\"1625\">Durante as reuni\u00f5es, refor\u00e7ou-se a solidez do modelo de neg\u00f3cios da cooperativa, que se mostrou eficiente para superar os desafios de 2025. \u201cMostramos para o nosso associado que o ano foi muito bom, apesar da frustra\u00e7\u00e3o na lavoura de soja na metade sul do estado do Mato Grosso do Sul, onde poder\u00edamos ter recebido entre oito ou nove milh\u00f5es de sacas, e ainda em maio, a gripe avi\u00e1ria, que nos roubou um resultado melhor na avicultura, onde operamos com preju\u00edzos at\u00e9 agosto, uma realidade que s\u00f3 deixou de acontecer em outubro, com o retorno das exporta\u00e7\u00f5es para importantes compradores\u201d, ressaltou o diretor-presidente da Lar.<\/p>\n<p data-start=\"1931\" data-end=\"2233\">Al\u00e9m de apresentar resultados e investimentos, os encontros abriram espa\u00e7o para discutir temas estrat\u00e9gicos que impulsionam o crescimento da cooperativa no estado, como distribui\u00e7\u00e3o de sobras, performance por segmento, expans\u00e3o, inova\u00e7\u00e3o tecnol\u00f3gica, sustentabilidade, capacita\u00e7\u00f5es e demandas locais.<\/p>\n<h4 align=\"justify\"><b>Pr\u00f3ximos compromissos<\/b><\/h4>\n<p data-start=\"2258\" data-end=\"2642\"><img data-recalc-dims=\"1\" decoding=\"async\" data-attachment-id=\"199153\" data-permalink=\"https:\/\/opresenterural.com.br\/lar-cooperativa-conclui-pre-assembleias-no-mato-grosso-do-sul-com-foco-em-crescimento-e-transparencia\/01-13-1\/\" data-orig-file=\"https:\/\/i0.wp.com\/opresenterural.com.br\/wp-content\/uploads\/2025\/12\/01-13-1.jpg?fit=1400%2C875&amp;ssl=1\" data-orig-size=\"1400,875\" data-comments-opened=\"0\" data-image-meta=\"{&quot;aperture&quot;:&quot;0&quot;,&quot;credit&quot;:&quot;&quot;,&quot;camera&quot;:&quot;&quot;,&quot;caption&quot;:&quot;&quot;,&quot;created_timestamp&quot;:&quot;0&quot;,&quot;copyright&quot;:&quot;&quot;,&quot;focal_length&quot;:&quot;0&quot;,&quot;iso&quot;:&quot;0&quot;,&quot;shutter_speed&quot;:&quot;0&quot;,&quot;title&quot;:&quot;&quot;,&quot;orientation&quot;:&quot;0&quot;}\" data-image-title=\"01-13 (1)\" data-image-description data-image-caption data-medium-file=\"https:\/\/i0.wp.com\/opresenterural.com.br\/wp-content\/uploads\/2025\/12\/01-13-1.jpg?fit=300%2C188&amp;ssl=1\" data-large-file=\"https:\/\/i0.wp.com\/opresenterural.com.br\/wp-content\/uploads\/2025\/12\/01-13-1.jpg?fit=740%2C463&amp;ssl=1\" class=\"size-medium wp-image-199153 alignright\" src=\"https:\/\/i0.wp.com\/opresenterural.com.br\/wp-content\/uploads\/2025\/12\/01-13-1.jpg?resize=300%2C188&amp;ssl=1\" alt width=\"300\" height=\"188\" srcset=\"https:\/\/i0.wp.com\/opresenterural.com.br\/wp-content\/uploads\/2025\/12\/01-13-1.jpg?resize=300%2C188&amp;ssl=1 300w, https:\/\/i0.wp.com\/opresenterural.com.br\/wp-content\/uploads\/2025\/12\/01-13-1.jpg?resize=1024%2C640&amp;ssl=1 1024w, https:\/\/i0.wp.com\/opresenterural.com.br\/wp-content\/uploads\/2025\/12\/01-13-1.jpg?resize=768%2C480&amp;ssl=1 768w, https:\/\/i0.wp.com\/opresenterural.com.br\/wp-content\/uploads\/2025\/12\/01-13-1.jpg?resize=600%2C375&amp;ssl=1 600w, https:\/\/i0.wp.com\/opresenterural.com.br\/wp-content\/uploads\/2025\/12\/01-13-1.jpg?w=1400&amp;ssl=1 1400w\" sizes=\"(max-width: 300px) 100vw, 300px\">Entre 13 e 23 de janeiro de 2026, o ciclo de pr\u00e9-assembleias segue para Paran\u00e1 e Santa Catarina, com 16 encontros em cidades como Medianeira, S\u00e3o Miguel do Igua\u00e7u, Santa Terezinha de Itaipu, Santa Rosa do Ocoy, Santa Helena, Missal, Serran\u00f3polis do Igua\u00e7u, Ouro Verde do Oeste, Diamante D\u2019Oeste, S\u00e3o Roque, C\u00e9u Azul, Ramil\u00e2ndia, Matel\u00e2ndia, Itaipul\u00e2ndia, Rol\u00e2ndia\/Astorga e Xanxer\u00ea.<\/p>\n<p data-start=\"2644\" data-end=\"2920\">As pr\u00e9-assembleias, marcadas por di\u00e1logo e transpar\u00eancia, encerram a prepara\u00e7\u00e3o para a AGO (Assembleia Geral Ordin\u00e1ria), que acontece em 30 de janeiro de 2026, no Centro Administrativo da Lar Cooperativa, em Medianeira (PR), um momento decisivo para o futuro da cooperativa.<\/p>\n<\/div>\n<h6><em>THE <strong>Bela Cereais<\/strong> works with the best grains on the market in the Central West Region and also keeps you up to date with the latest news and analyses on agribusiness.<br \/>\nDon&#039;t forget to follow our social networks.<\/em><\/h6>\n<p><a href=\"https:\/\/opresenterural.com.br\/lar-cooperativa-conclui-pre-assembleias-no-mato-grosso-do-sul-com-foco-em-crescimento-e-transparencia\/\" target=\"_blank\" rel=\"noopener\">Access News Source <\/a><\/p>","protected":false},"excerpt":{"rendered":"<p>Ap\u00f3s 19 encontros repletos de participa\u00e7\u00e3o da fam\u00edlia associada, a Lar Cooperativa concluiu o ciclo&hellip;<\/p>","protected":false},"author":1,"featured_media":26360,"comment_status":"","ping_status":"","sticky":false,"template":"","format":"standard","meta":{"footnotes":""},"categories":[90],"tags":[],"class_list":["post-26359","post","type-post","status-publish","format-standard","has-post-thumbnail","hentry","category-centro-oeste"],"_links":{"self":[{"href":"https:\/\/belacereais.com.br\/en\/wp-json\/wp\/v2\/posts\/26359","targetHints":{"allow":["GET"]}}],"collection":[{"href":"https:\/\/belacereais.com.br\/en\/wp-json\/wp\/v2\/posts"}],"about":[{"href":"https:\/\/belacereais.com.br\/en\/wp-json\/wp\/v2\/types\/post"}],"author":[{"embeddable":true,"href":"https:\/\/belacereais.com.br\/en\/wp-json\/wp\/v2\/users\/1"}],"replies":[{"embeddable":true,"href":"https:\/\/belacereais.com.br\/en\/wp-json\/wp\/v2\/comments?post=26359"}],"version-history":[{"count":0,"href":"https:\/\/belacereais.com.br\/en\/wp-json\/wp\/v2\/posts\/26359\/revisions"}],"wp:featuredmedia":[{"embeddable":true,"href":"https:\/\/belacereais.com.br\/en\/wp-json\/wp\/v2\/media\/26360"}],"wp:attachment":[{"href":"https:\/\/belacereais.com.br\/en\/wp-json\/wp\/v2\/media?parent=26359"}],"wp:term":[{"taxonomy":"category","embeddable":true,"href":"https:\/\/belacereais.com.br\/en\/wp-json\/wp\/v2\/categories?post=26359"},{"taxonomy":"post_tag","embeddable":true,"href":"https:\/\/belacereais.com.br\/en\/wp-json\/wp\/v2\/tags?post=26359"}],"curies":[{"name":"wp","href":"https:\/\/api.w.org\/{rel}","templated":true}]}}