{"id":26364,"date":"2025-12-09T06:26:51","date_gmt":"2025-12-09T10:26:51","guid":{"rendered":"https:\/\/belacereais.com.br\/2025\/milho\/milho-sobe-no-exterior-e-trava-no-brasil-com-cambio-e-estoques-elevados\/"},"modified":"2025-12-09T06:26:51","modified_gmt":"2025-12-09T10:26:51","slug":"milho-sobe-no-exterior-e-trava-no-brasil-com-cambio-e-estoques-elevados","status":"publish","type":"post","link":"https:\/\/belacereais.com.br\/en\/2025\/milho\/milho-sobe-no-exterior-e-trava-no-brasil-com-cambio-e-estoques-elevados\/","title":{"rendered":"Milho sobe no exterior e trava no Brasil com c\u00e2mbio e estoques elevados"},"content":{"rendered":"<p><\/p>\n<div id=\"mvp-content-main\" class=\"left relative\">\n<p class=\"western\">O mercado do milho atravessa um momento de contrastes entre o otimismo internacional e a cautela dom\u00e9stica. Enquanto as cota\u00e7\u00f5es na Bolsa de Chicago (CBOT) reagiram com for\u00e7a em setembro, impulsionadas por temores clim\u00e1ticos e demanda aquecida nos Estados Unidos, o Brasil observa movimentos mais contidos, em meio \u00e0 valoriza\u00e7\u00e3o do real e \u00e0 lentid\u00e3o na comercializa\u00e7\u00e3o da safra.<\/p>\n<p class=\"western\">De acordo com a Consultoria Agro do Ita\u00fa BBA, o pre\u00e7o do milho em Chicago subiu 7% em setembro em rela\u00e7\u00e3o a agosto, alcan\u00e7ando US$ 4,12 por bushel. \u201cO avan\u00e7o reflete o impacto do clima seco e quente registrado em agosto, que elevou o risco de quebra de produtividade nas lavouras americanas. A preocupa\u00e7\u00e3o se confirmou com o avan\u00e7o da colheita, ainda que de forma limitada, refor\u00e7ando o movimento altista\u201d, ressalta os analistas do Ita\u00fa BBA.<\/p>\n<div id=\"attachment_199219\" style=\"width: 310px\" class=\"wp-caption alignleft\"><img fetchpriority=\"high\" data-recalc-dims=\"1\" decoding=\"async\" aria-describedby=\"caption-attachment-199219\" data-attachment-id=\"199219\" data-permalink=\"https:\/\/opresenterural.com.br\/milho-sobe-no-exterior-e-trava-no-brasil-com-cambio-e-estoques-elevados\/milho-89\/\" data-orig-file=\"https:\/\/i0.wp.com\/opresenterural.com.br\/wp-content\/uploads\/2025\/12\/milho.jpg?fit=1400%2C788&amp;ssl=1\" data-orig-size=\"1400,788\" data-comments-opened=\"0\" data-image-meta=\"{&quot;aperture&quot;:&quot;0&quot;,&quot;credit&quot;:&quot;&quot;,&quot;camera&quot;:&quot;&quot;,&quot;caption&quot;:&quot;&quot;,&quot;created_timestamp&quot;:&quot;0&quot;,&quot;copyright&quot;:&quot;&quot;,&quot;focal_length&quot;:&quot;0&quot;,&quot;iso&quot;:&quot;0&quot;,&quot;shutter_speed&quot;:&quot;0&quot;,&quot;title&quot;:&quot;&quot;,&quot;orientation&quot;:&quot;1&quot;}\" data-image-title=\"milho\" data-image-description data-image-caption data-medium-file=\"https:\/\/i0.wp.com\/opresenterural.com.br\/wp-content\/uploads\/2025\/12\/milho.jpg?fit=300%2C169&amp;ssl=1\" data-large-file=\"https:\/\/i0.wp.com\/opresenterural.com.br\/wp-content\/uploads\/2025\/12\/milho.jpg?fit=740%2C416&amp;ssl=1\" class=\"wp-image-199219 size-medium\" src=\"https:\/\/i0.wp.com\/opresenterural.com.br\/wp-content\/uploads\/2025\/12\/milho.jpg?resize=300%2C169&amp;ssl=1\" alt width=\"300\" height=\"169\" srcset=\"https:\/\/i0.wp.com\/opresenterural.com.br\/wp-content\/uploads\/2025\/12\/milho.jpg?resize=300%2C169&amp;ssl=1 300w, https:\/\/i0.wp.com\/opresenterural.com.br\/wp-content\/uploads\/2025\/12\/milho.jpg?resize=1024%2C576&amp;ssl=1 1024w, https:\/\/i0.wp.com\/opresenterural.com.br\/wp-content\/uploads\/2025\/12\/milho.jpg?resize=768%2C432&amp;ssl=1 768w, https:\/\/i0.wp.com\/opresenterural.com.br\/wp-content\/uploads\/2025\/12\/milho.jpg?resize=600%2C338&amp;ssl=1 600w, https:\/\/i0.wp.com\/opresenterural.com.br\/wp-content\/uploads\/2025\/12\/milho.jpg?w=1400&amp;ssl=1 1400w\" sizes=\"(max-width: 300px) 100vw, 300px\"><\/p>\n<p id=\"caption-attachment-199219\" class=\"wp-caption-text\">Photo: Disclosure\/OPR Archive<\/p>\n<\/div>\n<p class=\"western\">Al\u00e9m do fator clim\u00e1tico, a demanda dom\u00e9stica por milho nos Estados Unidos, especialmente para produ\u00e7\u00e3o de etanol, se manteve firme, contribuindo para sustentar os pre\u00e7os. A demanda externa tamb\u00e9m segue consistente, dando suporte adicional \u00e0s cota\u00e7\u00f5es internacionais.<\/p>\n<p class=\"western\">No Brasil, os pre\u00e7os acompanharam o movimento de alta observado no exterior. Em Campinas (SP), o milho subiu 1,5%, cotado a R$ 64,80 por saca. J\u00e1 em Sorriso (MT), o avan\u00e7o foi de 4%, chegando a R$ 46,50 por saca. Mesmo com o ganho, o mercado interno permanece cauteloso. \u201cOs produtores ainda seguram a venda, com apenas 55% da safra 2024\/25 comercializada at\u00e9 o momento, abaixo da m\u00e9dia de 60% dos \u00faltimos cinco anos\u201d, destaca a Consultoria Agro do Ita\u00fa BBA.<\/p>\n<h4 class=\"western\"><b>Plantio avan\u00e7a no Brasil<\/b><\/h4>\n<p class=\"western\">Enquanto os pre\u00e7os tentam encontrar sustenta\u00e7\u00e3o, o plantio da primeira safra de milho avan\u00e7a de forma positiva no Sul do pa\u00eds. De acordo com a Conab, mais de 30% da \u00e1rea projetada j\u00e1 foi semeada, com destaque para Paran\u00e1, Santa Catarina e Rio Grande do Sul. As condi\u00e7\u00f5es clim\u00e1ticas t\u00eam favorecido o desenvolvimento das lavouras, um alento para os produtores da regi\u00e3o.<\/p>\n<h4 class=\"western\"><b>Safra norte-americana<\/b><\/h4>\n<p class=\"western\">Nos Estados Unidos, o quadro \u00e9 de relativa estabilidade ap\u00f3s semanas de incerteza. O USDA divulgou, no fim de setembro, os estoques trimestrais de milho em 38,9 milh\u00f5es de toneladas, acima da expectativa do mercado, que era de 33,9 milh\u00f5es de toneladas. Embora o volume seja menor que o registrado no mesmo m\u00eas do ano anterior (44,8 milh\u00f5es de toneladas), o n\u00famero divulgado ficou acima do estimado no relat\u00f3rio WASDE de setembro, o que indica poss\u00edvel revis\u00e3o para cima do balan\u00e7o de oferta e demanda da safra americana.<\/p>\n<p><img data-recalc-dims=\"1\" decoding=\"async\" data-attachment-id=\"198546\" data-permalink=\"https:\/\/opresenterural.com.br\/?attachment_id=198546\" data-orig-file=\"https:\/\/i0.wp.com\/opresenterural.com.br\/wp-content\/uploads\/2025\/12\/shutterstock_2118742478.jpg?fit=1400%2C832&amp;ssl=1\" data-orig-size=\"1400,832\" data-comments-opened=\"0\" data-image-meta=\"{&quot;aperture&quot;:&quot;0&quot;,&quot;credit&quot;:&quot;Shutterstock&quot;,&quot;camera&quot;:&quot;&quot;,&quot;caption&quot;:&quot;&quot;,&quot;created_timestamp&quot;:&quot;0&quot;,&quot;copyright&quot;:&quot;Copyright (c) 2022 Fotokostic\\\/Shutterstock.  No use without permission.&quot;,&quot;focal_length&quot;:&quot;0&quot;,&quot;iso&quot;:&quot;0&quot;,&quot;shutter_speed&quot;:&quot;0&quot;,&quot;title&quot;:&quot;Pouring,Soy,Bean,Grain,Into,Tractor,Trailer,After,Harvest,At&quot;,&quot;orientation&quot;:&quot;1&quot;}\" data-image-title=\"milho, safra milho, colheita milho\" data-image-description data-image-caption=\"&lt;p&gt;Foto: Shutterstock&lt;\/p&gt;\" data-medium-file=\"https:\/\/i0.wp.com\/opresenterural.com.br\/wp-content\/uploads\/2025\/12\/shutterstock_2118742478.jpg?fit=300%2C178&amp;ssl=1\" data-large-file=\"https:\/\/i0.wp.com\/opresenterural.com.br\/wp-content\/uploads\/2025\/12\/shutterstock_2118742478.jpg?fit=740%2C440&amp;ssl=1\" class=\"size-medium wp-image-198546\" src=\"https:\/\/i0.wp.com\/opresenterural.com.br\/wp-content\/uploads\/2025\/12\/shutterstock_2118742478.jpg?resize=300%2C178&amp;ssl=1\" alt width=\"300\" height=\"178\" srcset=\"https:\/\/i0.wp.com\/opresenterural.com.br\/wp-content\/uploads\/2025\/12\/shutterstock_2118742478.jpg?resize=300%2C178&amp;ssl=1 300w, https:\/\/i0.wp.com\/opresenterural.com.br\/wp-content\/uploads\/2025\/12\/shutterstock_2118742478.jpg?resize=1024%2C609&amp;ssl=1 1024w, https:\/\/i0.wp.com\/opresenterural.com.br\/wp-content\/uploads\/2025\/12\/shutterstock_2118742478.jpg?resize=768%2C456&amp;ssl=1 768w, https:\/\/i0.wp.com\/opresenterural.com.br\/wp-content\/uploads\/2025\/12\/shutterstock_2118742478.jpg?resize=600%2C357&amp;ssl=1 600w, https:\/\/i0.wp.com\/opresenterural.com.br\/wp-content\/uploads\/2025\/12\/shutterstock_2118742478.jpg?w=1400&amp;ssl=1 1400w\" sizes=\"(max-width: 300px) 100vw, 300px\"><\/p>\n<p class=\"western\">O USDA elevou a estimativa de produ\u00e7\u00e3o de milho nos Estados Unidos de 425,3 para 427,1 milh\u00f5es de toneladas e revisou para cima as exporta\u00e7\u00f5es, agora projetadas em 75,6 milh\u00f5es de toneladas. Os estoques finais foram calculados em 53,6 milh\u00f5es de toneladas, um salto de 59,2% em rela\u00e7\u00e3o \u00e0 safra 2024\/25, o que refor\u00e7a o cen\u00e1rio de ampla oferta global.<\/p>\n<p class=\"western\">Apesar de relatos pontuais de produtividade abaixo do esperado, a safra americana ainda \u00e9 considerada recorde, o que, segundo a Consultoria Agro do Ita\u00fa BBA, traz conforto ao balan\u00e7o global de oferta e demanda e reduz o potencial de novas altas de pre\u00e7os.<\/p>\n<p class=\"western\"><b>Comercializa\u00e7\u00e3o segue baixa<\/b><\/p>\n<p class=\"western\">No Brasil, a comercializa\u00e7\u00e3o segue abaixo da m\u00e9dia hist\u00f3rica, em um cen\u00e1rio de armaz\u00e9ns ainda cheios e produtores atentos \u00e0s oscila\u00e7\u00f5es do c\u00e2mbio. \u201cOutubro tende a ser um m\u00eas de maior movimenta\u00e7\u00e3o, j\u00e1 que o milho \u00e9 o principal produto armazenado atualmente. Os armaz\u00e9ns precisam estar livres at\u00e9 janeiro para receber a nova safra de soja\u201d, explica a consultoria.<\/p>\n<h4 class=\"western\"><b>Valoriza\u00e7\u00e3o do real<\/b><\/h4>\n<p class=\"western\">Outro fator que pode pressionar as cota\u00e7\u00f5es internas \u00e9 a valoriza\u00e7\u00e3o do real, que reduz a competitividade do gr\u00e3o brasileiro no mercado internacional. Apesar de os embarques de setembro terem sido considerados bons, o pre\u00e7o de paridade permanece abaixo do mercado interno, o que limita o potencial de novas altas.<\/p>\n<div id=\"attachment_179760\" style=\"width: 310px\" class=\"wp-caption alignleft\"><img loading=\"lazy\" data-recalc-dims=\"1\" decoding=\"async\" aria-describedby=\"caption-attachment-179760\" data-attachment-id=\"179760\" data-permalink=\"https:\/\/opresenterural.com.br\/safras-avancam-no-parana-em-meio-a-desafios-climaticos-e-expectativas-do-mercado\/colheita-de-milho-2021-foto-gilson-abreu-aen-32\/\" data-orig-file=\"https:\/\/i0.wp.com\/opresenterural.com.br\/wp-content\/uploads\/2025\/04\/colheita_milho006.jpg?fit=1400%2C933&amp;ssl=1\" data-orig-size=\"1400,933\" data-comments-opened=\"0\" data-image-meta=\"{&quot;aperture&quot;:&quot;8&quot;,&quot;credit&quot;:&quot;Gilson Abreu\\\/AEN&quot;,&quot;camera&quot;:&quot;Canon EOS 6D&quot;,&quot;caption&quot;:&quot;Colheita de milho - 2021. Foto: Gilson Abreu\\\/AEN&quot;,&quot;created_timestamp&quot;:&quot;1614086761&quot;,&quot;copyright&quot;:&quot;&quot;,&quot;focal_length&quot;:&quot;200&quot;,&quot;iso&quot;:&quot;100&quot;,&quot;shutter_speed&quot;:&quot;0.0025&quot;,&quot;title&quot;:&quot;Colheita de milho - 2021. Foto: Gilson Abreu\\\/AEN&quot;,&quot;orientation&quot;:&quot;1&quot;}\" data-image-title=\"Colheita de milho \u2013 2021. Foto: Gilson Abreu\/AEN\" data-image-description data-image-caption =\"&lt;p&gt;Foto: Gilson Abreu\/AEN&lt;\/p&gt;\" data-medium-file=\"https:\/\/i0.wp.com\/opresenterural.com.br\/wp-content\/uploads\/2025\/04\/colheita_milho006.jpg?fit=300%2C200&amp;ssl=1\" data-large-file=\"https:\/\/i0.wp.com\/opresenterural.com.br\/wp-content\/uploads\/2025\/04\/colheita_milho006.jpg?fit=740%2C493&amp;ssl=1\" class=\"size-medium wp-image-179760\" src=\"https:\/\/i0.wp.com\/opresenterural.com.br\/wp-content\/uploads\/2025\/04\/colheita_milho006.jpg?resize=300%2C200&amp;ssl=1\" alt width =\"300\" height=\"200\" srcset=\"https:\/\/i0.wp.com\/opresenterural.com.br\/wp-content\/uploads\/2025\/04\/colheita_milho006.jpg?resize=300%2C200&amp;ssl=1 300w, https:\/\/i0.wp.com\/opresenterural.com.br\/wp-content\/uploads\/2025\/04\/colheita_milho006.jpg?resize=1024%2C682&amp;ssl=1 1024w, https:\/\/i0.wp.com\/opresenterural.com.br\/wp-content\/uploads\/2025\/04\/colheita_milho006.jpg?resize=768%2C512&amp;ssl=1 768w, https:\/\/i0.wp.com\/opresenterural.com.br\/wp-content\/uploads\/2025\/04\/colheita_milho006.jpg?resize=600%2C400&amp;ssl=1 600w, https:\/\/i0.wp.com\/opresenterural.com.br\/wp-content\/uploads\/2025\/04\/colheita_milho006.jpg?w=1400&amp;ssl=1 1400w\" sizes=\"auto, (max-width: 300px) 100vw, 300px\"><\/p>\n<p id=\"caption-attachment-179760\" class=\"wp-caption-text\">Photo: Gilson Abreu\/AEN<\/p>\n<\/div>\n<p class=\"western\">Mesmo com o bom desempenho das exporta\u00e7\u00f5es, que podem chegar a 42 milh\u00f5es de toneladas embarcadas em 2025, o Brasil deve encerrar o ano com estoques de passagem confort\u00e1veis, segundo o Ita\u00fa BBA. \u201cIsso deve reduzir o risco de desabastecimento e equilibrar o mercado no in\u00edcio do pr\u00f3ximo ciclo\u201d, projeta a consultoria.<\/p>\n<p class=\"western\">A combina\u00e7\u00e3o entre oferta global elevada, c\u00e2mbio desfavor\u00e1vel e ritmo lento de vendas tende a manter o mercado brasileiro de milho sob um tom de modera\u00e7\u00e3o nas pr\u00f3ximas semanas. Para os analistas do Ita\u00fa BBA, o comportamento dos pre\u00e7os deve seguir atrelado ao cen\u00e1rio internacional, especialmente \u00e0 defini\u00e7\u00e3o da safra americana e \u00e0 din\u00e2mica cambial. \u201cO mercado global de milho entrou em um momento de transi\u00e7\u00e3o, em que h\u00e1 suporte de curto prazo por fatores clim\u00e1ticos e de demanda, mas a tend\u00eancia estrutural ainda \u00e9 de equil\u00edbrio, com estoques globais elevados\u201d, ressalta a Consultoria Agro do Ita\u00fa BBA.<\/p>\n<p>A vers\u00e3o digital j\u00e1 est\u00e1 dispon\u00edvel no site de O Presente Rural, com acesso gratuito para leitura completa, clique\u00a0<a href=\"https:\/\/www.flip3d.com.br\/pub\/opresenterural\/?numero=269&amp;edicao=5725#page\/1\" target=\"_blank\" rel=\"noopener\">here<\/a>.<\/p>\n<\/div>\n<h6><em>THE <strong>Bela Cereais<\/strong> works with the best grains on the market and also keeps you up to date with the latest news and analyses on agribusiness.<br \/>\nDon&#039;t forget to follow our social networks.<\/em><\/h6>\n<p><a href=\"https:\/\/opresenterural.com.br\/milho-sobe-no-exterior-e-trava-no-brasil-com-cambio-e-estoques-elevados\/\" target=\"_blank\" rel=\"noopener\">Access News Source <\/a><\/p>","protected":false},"excerpt":{"rendered":"<p>O mercado do milho atravessa um momento de contrastes entre o otimismo internacional e a&hellip;<\/p>","protected":false},"author":1,"featured_media":26365,"comment_status":"","ping_status":"","sticky":false,"template":"","format":"standard","meta":{"footnotes":""},"categories":[223],"tags":[],"class_list":["post-26364","post","type-post","status-publish","format-standard","has-post-thumbnail","hentry","category-milho"],"_links":{"self":[{"href":"https:\/\/belacereais.com.br\/en\/wp-json\/wp\/v2\/posts\/26364","targetHints":{"allow":["GET"]}}],"collection":[{"href":"https:\/\/belacereais.com.br\/en\/wp-json\/wp\/v2\/posts"}],"about":[{"href":"https:\/\/belacereais.com.br\/en\/wp-json\/wp\/v2\/types\/post"}],"author":[{"embeddable":true,"href":"https:\/\/belacereais.com.br\/en\/wp-json\/wp\/v2\/users\/1"}],"replies":[{"embeddable":true,"href":"https:\/\/belacereais.com.br\/en\/wp-json\/wp\/v2\/comments?post=26364"}],"version-history":[{"count":0,"href":"https:\/\/belacereais.com.br\/en\/wp-json\/wp\/v2\/posts\/26364\/revisions"}],"wp:featuredmedia":[{"embeddable":true,"href":"https:\/\/belacereais.com.br\/en\/wp-json\/wp\/v2\/media\/26365"}],"wp:attachment":[{"href":"https:\/\/belacereais.com.br\/en\/wp-json\/wp\/v2\/media?parent=26364"}],"wp:term":[{"taxonomy":"category","embeddable":true,"href":"https:\/\/belacereais.com.br\/en\/wp-json\/wp\/v2\/categories?post=26364"},{"taxonomy":"post_tag","embeddable":true,"href":"https:\/\/belacereais.com.br\/en\/wp-json\/wp\/v2\/tags?post=26364"}],"curies":[{"name":"wp","href":"https:\/\/api.w.org\/{rel}","templated":true}]}}