{"id":26366,"date":"2025-12-09T10:29:46","date_gmt":"2025-12-09T14:29:46","guid":{"rendered":"https:\/\/belacereais.com.br\/2025\/centro-oeste\/mato-grosso-ja-comercializou-83-do-milho-24-25-mas-apenas-25-do-25-26\/"},"modified":"2025-12-09T10:29:46","modified_gmt":"2025-12-09T14:29:46","slug":"mato-grosso-ja-comercializou-83-do-milho-24-25-mas-apenas-25-do-25-26","status":"publish","type":"post","link":"https:\/\/belacereais.com.br\/en\/2025\/centro-oeste\/mato-grosso-ja-comercializou-83-do-milho-24-25-mas-apenas-25-do-25-26\/","title":{"rendered":"Mato Grosso j\u00e1 comercializou 83% do milho 24\/25, mas apenas 25% do 25\/26"},"content":{"rendered":"<p><\/p>\n<div class=\"materia\">\n<p><img decoding=\"async\" alt=\"Logotipo Not\u00edcias Agr\u00edcolas\" height=\"21\" src=\"https:\/\/cdn.noticiasagricolas.com.br\/dbimagens\/e12363a00741f9cc7caf23469101a4aa.png\" width=\"106\"><\/p>\n<p>O\u00a0Imea\u00a0(Instituto Mato-Grossense de Economia Agropecu\u00e1ria) divulgou relat\u00f3rio apontando atualiza\u00e7\u00f5es sobre a safra de milho no estado. O levantamento destaca que\u00a0a comercializa\u00e7\u00e3o do milho 2024\/25 avan\u00e7ou 2,26 pontos percentuais ao longo de novembro e chegou em 83,37% do total colhido.\u00a0<\/p>\n<p>\u201cEsse incremento reflete a libera\u00e7\u00e3o de estoques por parte dos produtores, que se preparam para a colheita da soja\u201d, explicam os t\u00e9cnicos do\u00a0Imea.\u00a0<\/p>\n<p>Apesar do avan\u00e7o mensal, as vendas permanecem 6,38\u00a0p.p. abaixo do registrado no mesmo per\u00edodo da safra anterior, devido \u201c\u00e0 menor competitividade do milho no mercado internacional, o que tem reduzido a demanda externa\u201d.\u00a0<\/p>\n<div id=\"uolpd-video-inarticle\"><\/div>\n<p>J\u00e1 em rela\u00e7\u00e3o aos pre\u00e7os, o valor comercializado em\u00a0novembro\/25 apresentou alta de 1,97% frente a outubro\/25, fechando na m\u00e9dia de R$ 48,09 a saca.\u00a0<\/p>\n<h2>SAFRA 2025\/26\u00a0<\/h2>\n<p>Para a temporada que ainda ser\u00e1 plantada, o ritmo de vendas ainda segue lento, com avan\u00e7o mensal de apenas 1,70 pontos percentuais ao longo de novembro, atingindo 25,26% da produ\u00e7\u00e3o estimada.\u00a0<\/p>\n<p>\u201cO desempenho limitado resulta do menor interesse dos produtores em fechar novos contratos, diante das incertezas para o pr\u00f3ximo ciclo\u201d, aponta o Instituto.\u00a0<\/p>\n<p>O pre\u00e7o m\u00e9dio negociado em\u00a0novembro\/25 para a safra 2025\/26 registrou queda de 1,38%, encerrando o\u00a0m\u00eas\u00a0em R$ 45,57\/sc.\u00a0<\/p>\n<p class=\"image-center\"><img decoding=\"async\" alt=\"comercializa\u00e7\u00e3o milho mt imea\" src=\"https:\/\/cdn.noticiasagricolas.com.br\/dbimagens\/thumbs\/800x2000\/comercializacao-milho-mt-imea-DFfNB.png\"><\/p>\n<\/p><\/div>\n<h6><em>THE <strong>Bela Cereais<\/strong> works with the best grains on the market in the Central West Region and also keeps you up to date with the latest news and analyses on agribusiness.<br \/>\nDon&#039;t forget to follow our social networks.<\/em><\/h6>\n<p><a href=\"https:\/\/www.noticiasagricolas.com.br\/noticias\/milho\/412219-mato-grosso-ja-comercializou-83-do-milho-24-25-mas-apenas-25-do-25-26.html?utm_source=parceiros&#038;utm_medium=rss\" target=\"_blank\" rel=\"noopener\">Access News Source <\/a><\/p>","protected":false},"excerpt":{"rendered":"<p>O\u00a0Imea\u00a0(Instituto Mato-Grossense de Economia Agropecu\u00e1ria) divulgou relat\u00f3rio apontando atualiza\u00e7\u00f5es sobre a safra de milho no&hellip;<\/p>","protected":false},"author":1,"featured_media":25222,"comment_status":"","ping_status":"","sticky":false,"template":"","format":"standard","meta":{"footnotes":""},"categories":[90],"tags":[240,239,393,534,578,242,663,707,724,811,251],"class_list":["post-26366","post","type-post","status-publish","format-standard","has-post-thumbnail","hentry","category-centro-oeste","tag-agricultura","tag-agronegocio","tag-comercializacao","tag-imea","tag-mato-grosso","tag-milho","tag-preco-do-milho","tag-realidades-da-safra","tag-safra-24-25","tag-safra-25-26","tag-venda"],"_links":{"self":[{"href":"https:\/\/belacereais.com.br\/en\/wp-json\/wp\/v2\/posts\/26366","targetHints":{"allow":["GET"]}}],"collection":[{"href":"https:\/\/belacereais.com.br\/en\/wp-json\/wp\/v2\/posts"}],"about":[{"href":"https:\/\/belacereais.com.br\/en\/wp-json\/wp\/v2\/types\/post"}],"author":[{"embeddable":true,"href":"https:\/\/belacereais.com.br\/en\/wp-json\/wp\/v2\/users\/1"}],"replies":[{"embeddable":true,"href":"https:\/\/belacereais.com.br\/en\/wp-json\/wp\/v2\/comments?post=26366"}],"version-history":[{"count":0,"href":"https:\/\/belacereais.com.br\/en\/wp-json\/wp\/v2\/posts\/26366\/revisions"}],"wp:featuredmedia":[{"embeddable":true,"href":"https:\/\/belacereais.com.br\/en\/wp-json\/wp\/v2\/media\/25222"}],"wp:attachment":[{"href":"https:\/\/belacereais.com.br\/en\/wp-json\/wp\/v2\/media?parent=26366"}],"wp:term":[{"taxonomy":"category","embeddable":true,"href":"https:\/\/belacereais.com.br\/en\/wp-json\/wp\/v2\/categories?post=26366"},{"taxonomy":"post_tag","embeddable":true,"href":"https:\/\/belacereais.com.br\/en\/wp-json\/wp\/v2\/tags?post=26366"}],"curies":[{"name":"wp","href":"https:\/\/api.w.org\/{rel}","templated":true}]}}