{"id":26367,"date":"2025-12-09T11:23:51","date_gmt":"2025-12-09T15:23:51","guid":{"rendered":"https:\/\/belacereais.com.br\/2025\/safra\/safra-2025-26-avanca-com-atraso-e-exige-estrategias-para-enfrentar-solo-seco-e-janelas-curtas-de-plantio\/"},"modified":"2025-12-09T11:23:51","modified_gmt":"2025-12-09T15:23:51","slug":"safra-2025-26-avanca-com-atraso-e-exige-estrategias-para-enfrentar-solo-seco-e-janelas-curtas-de-plantio","status":"publish","type":"post","link":"https:\/\/belacereais.com.br\/en\/2025\/safra\/safra-2025-26-avanca-com-atraso-e-exige-estrategias-para-enfrentar-solo-seco-e-janelas-curtas-de-plantio\/","title":{"rendered":"Safra 2025\/26 avan\u00e7a com atraso e exige estrat\u00e9gias para enfrentar solo seco e janelas curtas de plantio"},"content":{"rendered":"<p><\/p>\n<div id=\"mvp-content-main\" class=\"left relative\">\n<p>O fim de 2025 trouxe ao agro brasileiro um cen\u00e1rio de otimismo moderado, marcado por boas proje\u00e7\u00f5es de produ\u00e7\u00e3o, mas tamb\u00e9m por sinais de alerta no campo. Segundo a Companhia Nacional de Abastecimento (Conab), a safra 2025\/26 deve alcan\u00e7ar 354,8 milh\u00f5es de toneladas de gr\u00e3os, impulsionada pela expans\u00e3o da \u00e1rea cultivada para 84,4 milh\u00f5es de hectares. A soja, carro-chefe do pa\u00eds, deve ocupar 49,1 milh\u00f5es de hectares, com previs\u00e3o de 177,6 milh\u00f5es de toneladas.<\/p>\n<p>Apesar das proje\u00e7\u00f5es volumosas, o avan\u00e7o do plantio acende uma luz amarela. Na segunda quinzena de novembro, a semeadura de soja atingia 69% da \u00e1rea prevista, \u00edndice inferior ao registrado no mesmo per\u00edodo da safra passada. O principal fator por tr\u00e1s do atraso \u00e9 a irregularidade das chuvas, que compromete a umidade do solo e impede o plantio em condi\u00e7\u00f5es ideais para germina\u00e7\u00e3o.<\/p>\n<div id=\"attachment_182368\" style=\"width: 310px\" class=\"wp-caption alignleft\"><img fetchpriority=\"high\" data-recalc-dims=\"1\" decoding=\"async\" aria-describedby=\"caption-attachment-182368\" data-attachment-id=\"182368\" data-permalink=\"https:\/\/opresenterural.com.br\/com-maior-crescimento-agricola-do-pais-rondonia-reafirma-compromisso-com-o-desenvolvimento-do-agro\/porto-publico-de-porto-velho_soph_soja_graos_31-03-21_foto_daiane-mendonca-54-scaled-1\/\" data-orig-file=\"https:\/\/i0.wp.com\/opresenterural.com.br\/wp-content\/uploads\/2025\/05\/Porto-Publico-de-Porto-Velho_SOPH_Soja_Graos_31.03.21_Foto_Daiane-Mendonca-54-scaled-1.jpg?fit=1280%2C849&amp;ssl=1\" data-orig-size=\"1280,849\" data-comments-opened=\"0\" data-image-meta=\"{&quot;aperture&quot;:&quot;0&quot;,&quot;credit&quot;:&quot;&quot;,&quot;camera&quot;:&quot;&quot;,&quot;caption&quot;:&quot;&quot;,&quot;created_timestamp&quot;:&quot;0&quot;,&quot;copyright&quot;:&quot;&quot;,&quot;focal_length&quot;:&quot;0&quot;,&quot;iso&quot;:&quot;0&quot;,&quot;shutter_speed&quot;:&quot;0&quot;,&quot;title&quot;:&quot;&quot;,&quot;orientation&quot;:&quot;0&quot;}\" data-image-title=\"Porto-Publico-de-Porto-Velho_SOPH_Soja_Graos_31.03.21_Foto_Daiane-Mendonca-54-scaled-1\" data-image-description data-image-caption=\"&lt;p&gt;Foto: Daiane Mendon\u00e7a&lt;\/p&gt;\" data-medium-file=\"https:\/\/i0.wp.com\/opresenterural.com.br\/wp-content\/uploads\/2025\/05\/Porto-Publico-de-Porto-Velho_SOPH_Soja_Graos_31.03.21_Foto_Daiane-Mendonca-54-scaled-1.jpg?fit=300%2C199&amp;ssl=1\" data-large-file=\"https:\/\/i0.wp.com\/opresenterural.com.br\/wp-content\/uploads\/2025\/05\/Porto-Publico-de-Porto-Velho_SOPH_Soja_Graos_31.03.21_Foto_Daiane-Mendonca-54-scaled-1.jpg?fit=740%2C491&amp;ssl=1\" class=\"size-medium wp-image-182368\" src=\"https:\/\/i0.wp.com\/opresenterural.com.br\/wp-content\/uploads\/2025\/05\/Porto-Publico-de-Porto-Velho_SOPH_Soja_Graos_31.03.21_Foto_Daiane-Mendonca-54-scaled-1.jpg?resize=300%2C199&amp;ssl=1\" alt width=\"300\" height=\"199\" srcset=\"https:\/\/i0.wp.com\/opresenterural.com.br\/wp-content\/uploads\/2025\/05\/Porto-Publico-de-Porto-Velho_SOPH_Soja_Graos_31.03.21_Foto_Daiane-Mendonca-54-scaled-1.jpg?resize=300%2C199&amp;ssl=1 300w, https:\/\/i0.wp.com\/opresenterural.com.br\/wp-content\/uploads\/2025\/05\/Porto-Publico-de-Porto-Velho_SOPH_Soja_Graos_31.03.21_Foto_Daiane-Mendonca-54-scaled-1.jpg?resize=1024%2C679&amp;ssl=1 1024w, https:\/\/i0.wp.com\/opresenterural.com.br\/wp-content\/uploads\/2025\/05\/Porto-Publico-de-Porto-Velho_SOPH_Soja_Graos_31.03.21_Foto_Daiane-Mendonca-54-scaled-1.jpg?resize=768%2C509&amp;ssl=1 768w, https:\/\/i0.wp.com\/opresenterural.com.br\/wp-content\/uploads\/2025\/05\/Porto-Publico-de-Porto-Velho_SOPH_Soja_Graos_31.03.21_Foto_Daiane-Mendonca-54-scaled-1.jpg?resize=600%2C398&amp;ssl=1 600w, https:\/\/i0.wp.com\/opresenterural.com.br\/wp-content\/uploads\/2025\/05\/Porto-Publico-de-Porto-Velho_SOPH_Soja_Graos_31.03.21_Foto_Daiane-Mendonca-54-scaled-1.jpg?w=1280&amp;ssl=1 1280w\" sizes=\"(max-width: 300px) 100vw, 300px\"><\/p>\n<p id=\"caption-attachment-182368\" class=\"wp-caption-text\">Photo: Daiane Mendon\u00e7a<\/p>\n<\/div>\n<p>A situa\u00e7\u00e3o reacende um debate recorrente entre produtores e t\u00e9cnicos: a import\u00e2ncia do preparo antecipado do solo e da qualidade das sementes. Em um ciclo iniciado com solo mais seco e janelas de plantio mais estreitas, as fases iniciais da lavoura tornam-se decisivas para o resultado final. Nesse contexto, crescem o interesse e a ado\u00e7\u00e3o de solu\u00e7\u00f5es voltadas \u00e0 sa\u00fade do solo, est\u00edmulo microbiol\u00f3gico e vigor das pl\u00e2ntulas.<\/p>\n<p>Entre essas alternativas, ganham espa\u00e7o insumos capazes de atuar desde o tratamento de sementes at\u00e9 a fertirriga\u00e7\u00e3o no in\u00edcio do ciclo. Produtos \u00e0 base de organominerais, formulados para fortalecer o sistema radicular e dinamizar a microbiota do solo, mostram potencial para melhorar a uniformidade da emerg\u00eancia e aumentar a toler\u00e2ncia ao estresse h\u00eddrico, fator cr\u00edtico em anos de chuvas irregulares.<\/p>\n<p>Mais do que simplesmente avan\u00e7ar com o plantio, especialistas refor\u00e7am que o desafio agora \u00e9 preparar as bases para uma safra 2026 mais est\u00e1vel. Em um ambiente marcado por atraso na semeadura, clima err\u00e1tico e solo seco, solu\u00e7\u00f5es t\u00e9cnicas que garantam emerg\u00eancia vigorosa e desenvolvimento inicial uniforme tornam-se essenciais para reduzir riscos e sustentar a produtividade.<\/p>\n<\/div>\n<h6><em>THE <strong>Bela Cereais<\/strong> works with the best grains on the market and also keeps you up to date with the latest news and analyses on agribusiness.<br \/>\nDon&#039;t forget to follow our social networks.<\/em><\/h6>\n<p><a href=\"https:\/\/opresenterural.com.br\/safra-2025-26-avanca-com-atraso-e-exige-estrategias-para-enfrentar-solo-seco-e-janelas-curtas-de-plantio\/\" target=\"_blank\" rel=\"noopener\">Access News Source <\/a><\/p>","protected":false},"excerpt":{"rendered":"<p>O fim de 2025 trouxe ao agro brasileiro um cen\u00e1rio de otimismo moderado, marcado por&hellip;<\/p>","protected":false},"author":1,"featured_media":25026,"comment_status":"","ping_status":"","sticky":false,"template":"","format":"standard","meta":{"footnotes":""},"categories":[258],"tags":[],"class_list":["post-26367","post","type-post","status-publish","format-standard","has-post-thumbnail","hentry","category-safra"],"_links":{"self":[{"href":"https:\/\/belacereais.com.br\/en\/wp-json\/wp\/v2\/posts\/26367","targetHints":{"allow":["GET"]}}],"collection":[{"href":"https:\/\/belacereais.com.br\/en\/wp-json\/wp\/v2\/posts"}],"about":[{"href":"https:\/\/belacereais.com.br\/en\/wp-json\/wp\/v2\/types\/post"}],"author":[{"embeddable":true,"href":"https:\/\/belacereais.com.br\/en\/wp-json\/wp\/v2\/users\/1"}],"replies":[{"embeddable":true,"href":"https:\/\/belacereais.com.br\/en\/wp-json\/wp\/v2\/comments?post=26367"}],"version-history":[{"count":0,"href":"https:\/\/belacereais.com.br\/en\/wp-json\/wp\/v2\/posts\/26367\/revisions"}],"wp:featuredmedia":[{"embeddable":true,"href":"https:\/\/belacereais.com.br\/en\/wp-json\/wp\/v2\/media\/25026"}],"wp:attachment":[{"href":"https:\/\/belacereais.com.br\/en\/wp-json\/wp\/v2\/media?parent=26367"}],"wp:term":[{"taxonomy":"category","embeddable":true,"href":"https:\/\/belacereais.com.br\/en\/wp-json\/wp\/v2\/categories?post=26367"},{"taxonomy":"post_tag","embeddable":true,"href":"https:\/\/belacereais.com.br\/en\/wp-json\/wp\/v2\/tags?post=26367"}],"curies":[{"name":"wp","href":"https:\/\/api.w.org\/{rel}","templated":true}]}}