{"id":26370,"date":"2025-12-09T16:42:20","date_gmt":"2025-12-09T20:42:20","guid":{"rendered":"https:\/\/belacereais.com.br\/2025\/centro-oeste\/imea-aponta-que-sistema-financeiro-lidera-fontes-de-financiamento-para-producao-de-soja-em-mt\/"},"modified":"2025-12-09T16:42:20","modified_gmt":"2025-12-09T20:42:20","slug":"imea-aponta-que-sistema-financeiro-lidera-fontes-de-financiamento-para-producao-de-soja-em-mt","status":"publish","type":"post","link":"https:\/\/belacereais.com.br\/en\/2025\/centro-oeste\/imea-aponta-que-sistema-financeiro-lidera-fontes-de-financiamento-para-producao-de-soja-em-mt\/","title":{"rendered":"Imea aponta que sistema financeiro lidera fontes de financiamento para produ\u00e7\u00e3o de soja em MT"},"content":{"rendered":"<p><\/p>\n<div class=\"materia\">\n<p>O Instituto Mato-grossense de Economia Agropecu\u00e1ria (Imea) divulgou a composi\u00e7\u00e3o do financiamento da soja em Mato Grosso para a safra 2025\/26. A \u00e1rea estimada \u00e9 de 13,01 milh\u00f5es de hectares. O custo total deve alcan\u00e7ar R$ 54,39 bilh\u00f5es. O sistema financeiro concentra 35,42% dos recursos. As multinacionais, grupo que inclui as tradings, somam 30,74%. O cen\u00e1rio \u00e9 de cr\u00e9dito mais escasso e caro.<\/p>\n<p>Conforme o levantamento \u201cFunding Soja 2025\u201d, a retra\u00e7\u00e3o das revendas \u00e9 o movimento mais vis\u00edvel na compara\u00e7\u00e3o com a safra anterior. Recupera\u00e7\u00f5es judiciais de grandes grupos e exig\u00eancias mais duras de garantias reduziram a oferta. Com menos limite nesse canal, o produtor migrou para bancos e mercado de capitais. Pagou mais caro pelo dinheiro e, ainda assim, n\u00e3o cobriu toda a necessidade.<\/p>\n<p>Parte teve de complementar com recursos pr\u00f3prios e venda de ativos. \u201cO recuo das revendas decorre das recupera\u00e7\u00f5es judiciais e da maior exig\u00eancia de garantias; o produtor buscou o sistema financeiro, pagou mais caro e teve de aportar mais capital pr\u00f3prio, inclusive com venda de \u00e1reas\u201d, afirma o superintendente do Imea, Cleiton Gauer.<\/p>\n<p>O Imea ressalta que a maior presen\u00e7a de cr\u00e9dito banc\u00e1rio e de capital do pr\u00f3prio produtor n\u00e3o indica melhora de caixa. O movimento reflete necessidade maior de recursos e restri\u00e7\u00f5es no mercado, somadas a juros elevados. As margens v\u00eam caindo nas \u00faltimas safras. A proje\u00e7\u00e3o para 2025\/26 \u00e9 de uma das menores dos \u00faltimos cinco anos.<\/p>\n<div id=\"uolpd-video-inarticle\"><\/div>\n<p><a href=\"https:\/\/t.rdsv2.net\/ls\/click?upn=u001.5mKroea6R9Fmt205Go5AOfch1zeQ5d-2FCBjE86lx-2BUSlPfKfiGv1YaZMl5J9bj7Iz92QKxLlIu8A840CHhcew2uQ6aCtakpG9LAX1WZYmtC5JrEAhUhDtN6DEyWst9KvRP94Gj-2BqU2lT3CPBbXt2nez0taBo2cK8b88JzVHII51YsCnUcC6SX-2FMvotHdn3RPQK4cx4HGxAW-2F9ujxJ-2BmyyJ1tyFoOTIEWSFSAE7mcXS1ioViJqz5bXuQSnJdPBMfN7NIhKpPADXRSol4JeLW4fhlahxphIp-2FlfMw6C-2Fk8hdQMw9O7uLQEzn4j2DpqbXQY-2BaYHwsZAwh7nXXKqbVFfA-2BX3J2xc8IUBdd6WA8y7vBCCeXs4FOeUuPteuo3CYSRaujUs1_XLCKgRpdGrHrsEvNU8zB0q57yDs-2F7UJvZeefpDBxy2vktAVGszexkWosCMM19CrWVKLy3y0f-2Bf5oqzkUN3SgAQdxDVb3yOUuxvCLsab0ORayXeP2Lls3AFgF9wXE5TLNb7RSaCvijtFnN-2BMl-2Be7ntO0VufV4-2BgBg8WoRggqvjKM9Kb6QMKzDYzz9AHazBDMn8beyptX8yoBPMRgbFsKa9fKq8YQe-2B-2FI3XU-2Fjy6m40Px8VLGC0TEbeP1par-2ByIE6NFlwGAbwSuMU6oUV9MrrEcq1-2BSAKMWMr4WjuDEaiRq-2Bl3HBi8Jaf-2FMsEsub47qzqDdGVGGJkeflkt9mPcrAkLC7Z2ROoXJJybCHIMB-2BNUFEP79uU-2BSOqk1Wl1AKP1iIe5snJ22EvD8H47SotsizzskxfZUGLiDsD0jh-2BNeF5atQV2XQhA79MaQCG-2BrnxJvE11q-2BSFt-2FQGNHOaPIznJWHXeanrlcyeeLDJ6mlYcRUY0S0ApkiYISsXkqh3PpQ9jmlBCPruTvahj1roWKZNds-2Bf7ZAh8MMY-2FySeR3ThpKBooPEDEV-2Fdniwp2Uy0IAXQBSupJ7ghFPouCL2zKtkMI0OxfougQKapXqNWAX2ZAKqmX6jidoT9O2-2FMDOJuPMrAxhZLVKyNGN9uLIBLW4DP756avR4SRHDbWI-2BRd8Hi59OC5fbXWICbELUHveaiPbe36TqwU6tw6SJc0m46LVyPK5x7615locnOeNv02SREyljGR8fCyo1eKw7H6i9XaL8y-2FnoD9ScTU2YOg8Conm5P5OOJwA-3D-3D\" rel=\"nofollow noreferrer noopener\" target=\"_blank\"><strong>Baixe aqui o Funding Soja\u00a0<\/strong><\/a><\/p>\n<p>A inadimpl\u00eancia registrada no \u00faltimo ano e ao longo de 2025 elevou a avalia\u00e7\u00e3o de risco. As institui\u00e7\u00f5es refor\u00e7aram garantias e o custo financeiro subiu, mesmo com sinais de melhoria da atividade econ\u00f4mica. A taxa de juros segue alta e sem indica\u00e7\u00e3o clara de queda no curto prazo. Para o Imea, esse conjunto freia o ciclo de cr\u00e9dito e afeta o cronograma de compras e a gest\u00e3o de caixa no campo.<\/p>\n<p>\u201cA maior participa\u00e7\u00e3o de cr\u00e9dito e de recursos pr\u00f3prios n\u00e3o sinaliza folga, mas uma necessidade estrutural num ambiente de cr\u00e9dito escasso, caro e com margens comprimidas\u201d, afirmou Cleiton Gauer.<\/p>\n<p>A composi\u00e7\u00e3o do funding mostra a relev\u00e2ncia dos grandes players. As multinacionais mant\u00eam papel central na origem dos recursos e na troca por insumos. Mesmo assim, perderam espa\u00e7o relativo para o sistema financeiro nesta temporada. As revendas recuaram devido a choques de cr\u00e9dito e da revis\u00e3o de limites. Bancos com recursos federais e o sistema privado sustentaram a maior parcela da capta\u00e7\u00e3o.<\/p>\n<p>Conforme o levantamento, para a pr\u00f3xima safra, o desafio \u00e9 administrar custo e risco. A recomenda\u00e7\u00e3o \u00e9 alongar prazos quando poss\u00edvel, equalizar garantias e travar pre\u00e7os de insumos e c\u00e2mbio em momentos favor\u00e1veis.<\/p>\n<p>O estudo aponta que a diversifica\u00e7\u00e3o reduziu a depend\u00eancia de um \u00fanico elo, mas elevou o custo m\u00e9dio da capta\u00e7\u00e3o. A compra de insumos migrou para janelas mais curtas, a venda antecipada foi calibrada para preservar liquidez e a aloca\u00e7\u00e3o de risco considerou o encarecimento do dinheiro e as novas exig\u00eancias de garantias.<\/p>\n<\/p><\/div>\n<h6><em>THE <strong>Bela Cereais<\/strong> works with the best grains on the market in the Central West Region and also keeps you up to date with the latest news and analyses on agribusiness.<br \/>\nDon&#039;t forget to follow our social networks.<\/em><\/h6>\n<p><a href=\"https:\/\/www.noticiasagricolas.com.br\/noticias\/boi\/412256-imea-aponta-que-sistema-financeiro-lidera-fontes-de-financiamento-para-producao-de-soja-em-mt.html?utm_source=parceiros&#038;utm_medium=rss\" target=\"_blank\" rel=\"noopener\">Access News Source <\/a><\/p>","protected":false},"excerpt":{"rendered":"<p>O Instituto Mato-grossense de Economia Agropecu\u00e1ria (Imea) divulgou a composi\u00e7\u00e3o do financiamento da soja em&hellip;<\/p>","protected":false},"author":1,"featured_media":26371,"comment_status":"","ping_status":"","sticky":false,"template":"","format":"standard","meta":{"footnotes":""},"categories":[90],"tags":[240,239,307,328,330,358,361,414,473,634,635,656,660,792],"class_list":["post-26370","post","type-post","status-publish","format-standard","has-post-thumbnail","hentry","category-centro-oeste","tag-agricultura","tag-agronegocio","tag-arroba","tag-boi","tag-boi-china","tag-carcaca-atacado","tag-carne-bovina","tag-cotacao-do-boi","tag-exportacoes-carne-bovina","tag-pecuaria","tag-pecuaria-de-corte","tag-preco-da-arroba","tag-preco-do-boi","tag-valor-da-arroba"],"_links":{"self":[{"href":"https:\/\/belacereais.com.br\/en\/wp-json\/wp\/v2\/posts\/26370","targetHints":{"allow":["GET"]}}],"collection":[{"href":"https:\/\/belacereais.com.br\/en\/wp-json\/wp\/v2\/posts"}],"about":[{"href":"https:\/\/belacereais.com.br\/en\/wp-json\/wp\/v2\/types\/post"}],"author":[{"embeddable":true,"href":"https:\/\/belacereais.com.br\/en\/wp-json\/wp\/v2\/users\/1"}],"replies":[{"embeddable":true,"href":"https:\/\/belacereais.com.br\/en\/wp-json\/wp\/v2\/comments?post=26370"}],"version-history":[{"count":0,"href":"https:\/\/belacereais.com.br\/en\/wp-json\/wp\/v2\/posts\/26370\/revisions"}],"wp:featuredmedia":[{"embeddable":true,"href":"https:\/\/belacereais.com.br\/en\/wp-json\/wp\/v2\/media\/26371"}],"wp:attachment":[{"href":"https:\/\/belacereais.com.br\/en\/wp-json\/wp\/v2\/media?parent=26370"}],"wp:term":[{"taxonomy":"category","embeddable":true,"href":"https:\/\/belacereais.com.br\/en\/wp-json\/wp\/v2\/categories?post=26370"},{"taxonomy":"post_tag","embeddable":true,"href":"https:\/\/belacereais.com.br\/en\/wp-json\/wp\/v2\/tags?post=26370"}],"curies":[{"name":"wp","href":"https:\/\/api.w.org\/{rel}","templated":true}]}}