{"id":26372,"date":"2025-12-10T08:13:10","date_gmt":"2025-12-10T12:13:10","guid":{"rendered":"https:\/\/belacereais.com.br\/2025\/exportacoes\/brasil-conquista-novo-mercado-e-passa-a-exportar-carne-bovina-para-a-guatemala\/"},"modified":"2025-12-10T08:13:10","modified_gmt":"2025-12-10T12:13:10","slug":"brasil-conquista-novo-mercado-e-passa-a-exportar-carne-bovina-para-a-guatemala","status":"publish","type":"post","link":"https:\/\/belacereais.com.br\/en\/2025\/exportacoes\/brasil-conquista-novo-mercado-e-passa-a-exportar-carne-bovina-para-a-guatemala\/","title":{"rendered":"Brasil conquista novo mercado e passa a exportar carne bovina para a Guatemala"},"content":{"rendered":"<p><\/p>\n<div id=\"mvp-content-main\" class=\"left relative\">\n<p data-start=\"137\" data-end=\"263\">O Brasil recebeu sinal verde das autoridades sanit\u00e1rias da Guatemala para come\u00e7ar a exportar carne bovina e derivados ao pa\u00eds.<\/p>\n<p data-start=\"265\" data-end=\"556\">Segundo o Minist\u00e9rio da Agricultura, a abertura de mercados tem avan\u00e7ado rapidamente nos \u00faltimos anos. Desde 2023, j\u00e1 foram conquistados 500 novos acessos para produtos do agroneg\u00f3cio brasileiro.<\/p>\n<p data-start=\"558\" data-end=\"1037\">A Guatemala, com cerca de 18 milh\u00f5es de habitantes, vem aumentando sua demanda por prote\u00edna animal. Entre janeiro e outubro de 2025, o pa\u00eds importou mais de US$ 192 milh\u00f5es em produtos agropecu\u00e1rios brasileiros, com destaque para cereais. S\u00f3 em carne bovina, as compras externas em 2024 somaram US$ 155,6 milh\u00f5es, cerca de 8,6% do consumo interno. O montante representa um salto de 122% em rela\u00e7\u00e3o aos anos anteriores, mostrando o espa\u00e7o crescente para fornecedores estrangeiros.<\/p>\n<p data-start=\"1039\" data-end=\"1393\"><img fetchpriority=\"high\" data-recalc-dims=\"1\" decoding=\"async\" data-attachment-id=\"189100\" data-permalink=\"https:\/\/opresenterural.com.br\/carne-para-o-mundo-sanidade-para-o-brasil\/slaughterhousecowshangingonhooksinthecoldhalfof-14\/\" data-orig-file=\"https:\/\/i0.wp.com\/opresenterural.com.br\/wp-content\/uploads\/2025\/08\/shutterstock_70279201.jpg?fit=1400%2C822&amp;ssl=1\" data-orig-size=\"1400,822\" data-comments-opened=\"0\" data-image-meta=\"{&quot;aperture&quot;:&quot;0&quot;,&quot;credit&quot;:&quot;Shutterstock&quot;,&quot;camera&quot;:&quot;&quot;,&quot;caption&quot;:&quot;slaughterhouse cows, hanging on hooks in the cold half of cows&quot;,&quot;created_timestamp&quot;:&quot;0&quot;,&quot;copyright&quot;:&quot;Copyright (c) 2011 pixelpeter\\\/Shutterstock.  No use without permission.&quot;,&quot;focal_length&quot;:&quot;0&quot;,&quot;iso&quot;:&quot;0&quot;,&quot;shutter_speed&quot;:&quot;0&quot;,&quot;title&quot;:&quot;Slaughterhouse,Cows,,Hanging,On,Hooks,In,The,Cold,Half,Of&quot;,&quot;orientation&quot;:&quot;1&quot;}\" data-image-title=\"carne bovina carne\" data-image-description=\"&lt;p&gt;Foto: Shutterstock&lt;\/p&gt;\" data-image-caption data-medium-file=\"https:\/\/i0.wp.com\/opresenterural.com.br\/wp-content\/uploads\/2025\/08\/shutterstock_70279201.jpg?fit=300%2C176&amp;ssl=1\" data-large-file=\"https:\/\/i0.wp.com\/opresenterural.com.br\/wp-content\/uploads\/2025\/08\/shutterstock_70279201.jpg?fit=740%2C434&amp;ssl=1\" class=\"size-medium wp-image-189100 alignright\" src=\"https:\/\/i0.wp.com\/opresenterural.com.br\/wp-content\/uploads\/2025\/08\/shutterstock_70279201.jpg?resize=300%2C176&amp;ssl=1\" alt width=\"300\" height=\"176\" srcset=\"https:\/\/i0.wp.com\/opresenterural.com.br\/wp-content\/uploads\/2025\/08\/shutterstock_70279201.jpg?resize=300%2C176&amp;ssl=1 300w, https:\/\/i0.wp.com\/opresenterural.com.br\/wp-content\/uploads\/2025\/08\/shutterstock_70279201.jpg?resize=1024%2C601&amp;ssl=1 1024w, https:\/\/i0.wp.com\/opresenterural.com.br\/wp-content\/uploads\/2025\/08\/shutterstock_70279201.jpg?resize=768%2C451&amp;ssl=1 768w, https:\/\/i0.wp.com\/opresenterural.com.br\/wp-content\/uploads\/2025\/08\/shutterstock_70279201.jpg?resize=600%2C352&amp;ssl=1 600w, https:\/\/i0.wp.com\/opresenterural.com.br\/wp-content\/uploads\/2025\/08\/shutterstock_70279201.jpg?w=1400&amp;ssl=1 1400w\" sizes=\"(max-width: 300px) 100vw, 300px\">A abertura ocorre em um momento de forte desempenho das exporta\u00e7\u00f5es brasileiras de carne bovina. O Brasil manteve a lideran\u00e7a global em 2024, com mais de US$ 12 bilh\u00f5es embarcados, o equivalente a 2,8 milh\u00f5es de toneladas enviadas a mais de 150 destinos. Em 2025, o ritmo segue acelerado: at\u00e9 outubro, as vendas externas j\u00e1 ultrapassaram US$ 14 bilh\u00f5es.<\/p>\n<p data-start=\"1395\" data-end=\"1643\">Para o mercado guatemalteco, a chegada da carne brasileira deve ampliar a oferta, garantir abastecimento e atender consumidores e ind\u00fastrias locais, especialmente no segmento de cortes congelados, que representa mais de 70% das importa\u00e7\u00f5es do pa\u00eds.<\/p>\n<p data-start=\"1645\" data-end=\"1779\" data-is-last-node data-is-only-node>A amplia\u00e7\u00e3o das exporta\u00e7\u00f5es \u00e9 resultado do trabalho conjunto entre o Minist\u00e9rio da Agricultura e o Minist\u00e9rio das Rela\u00e7\u00f5es Exteriores.<\/p>\n<\/div>\n<h6><em>THE <strong>Bela Cereais<\/strong> works with the best grains on the market and also keeps you up to date with the latest news and analyses on agribusiness.<br \/>\nDon&#039;t forget to follow our social networks.<\/em><\/h6>\n<p><a href=\"https:\/\/opresenterural.com.br\/brasil-conquista-novo-mercado-e-passa-a-exportar-carne-bovina-para-a-guatemala\/\" target=\"_blank\" rel=\"noopener\">Access News Source <\/a><\/p>","protected":false},"excerpt":{"rendered":"<p>O Brasil recebeu sinal verde das autoridades sanit\u00e1rias da Guatemala para come\u00e7ar a exportar carne&hellip;<\/p>","protected":false},"author":1,"featured_media":25290,"comment_status":"","ping_status":"","sticky":false,"template":"","format":"standard","meta":{"footnotes":""},"categories":[7],"tags":[],"class_list":["post-26372","post","type-post","status-publish","format-standard","has-post-thumbnail","hentry","category-exportacoes"],"_links":{"self":[{"href":"https:\/\/belacereais.com.br\/en\/wp-json\/wp\/v2\/posts\/26372","targetHints":{"allow":["GET"]}}],"collection":[{"href":"https:\/\/belacereais.com.br\/en\/wp-json\/wp\/v2\/posts"}],"about":[{"href":"https:\/\/belacereais.com.br\/en\/wp-json\/wp\/v2\/types\/post"}],"author":[{"embeddable":true,"href":"https:\/\/belacereais.com.br\/en\/wp-json\/wp\/v2\/users\/1"}],"replies":[{"embeddable":true,"href":"https:\/\/belacereais.com.br\/en\/wp-json\/wp\/v2\/comments?post=26372"}],"version-history":[{"count":0,"href":"https:\/\/belacereais.com.br\/en\/wp-json\/wp\/v2\/posts\/26372\/revisions"}],"wp:featuredmedia":[{"embeddable":true,"href":"https:\/\/belacereais.com.br\/en\/wp-json\/wp\/v2\/media\/25290"}],"wp:attachment":[{"href":"https:\/\/belacereais.com.br\/en\/wp-json\/wp\/v2\/media?parent=26372"}],"wp:term":[{"taxonomy":"category","embeddable":true,"href":"https:\/\/belacereais.com.br\/en\/wp-json\/wp\/v2\/categories?post=26372"},{"taxonomy":"post_tag","embeddable":true,"href":"https:\/\/belacereais.com.br\/en\/wp-json\/wp\/v2\/tags?post=26372"}],"curies":[{"name":"wp","href":"https:\/\/api.w.org\/{rel}","templated":true}]}}