{"id":26373,"date":"2025-12-10T09:14:34","date_gmt":"2025-12-10T13:14:34","guid":{"rendered":"https:\/\/belacereais.com.br\/2025\/exportacoes\/exportacoes-ao-mercado-dos-eua-comecam-a-reagir\/"},"modified":"2025-12-10T09:14:34","modified_gmt":"2025-12-10T13:14:34","slug":"exportacoes-ao-mercado-dos-eua-comecam-a-reagir","status":"publish","type":"post","link":"https:\/\/belacereais.com.br\/en\/2025\/exportacoes\/exportacoes-ao-mercado-dos-eua-comecam-a-reagir\/","title":{"rendered":"Exporta\u00e7\u00f5es ao mercado dos EUA come\u00e7am a reagir"},"content":{"rendered":"<p><\/p>\n<div id=\"mvp-content-main\" class=\"left relative\">\n<p data-start=\"86\" data-end=\"521\">Os impactos das tarifas impostas pelos Estados Unidos come\u00e7am a mostrar mudan\u00e7as no ritmo das exporta\u00e7\u00f5es brasileiras. No dia 13 de novembro, entrou em vigor a isen\u00e7\u00e3o para a alguns produtos agr\u00edcolas enviados ao mercado americano. A libera\u00e7\u00e3o vale para carne bovina, caf\u00e9, suco de laranja e frutas como manga, a\u00e7a\u00ed, castanhas, banana e mam\u00e3o. J\u00e1 itens como sebo bovino, uva, caf\u00e9 sol\u00favel, pescados e mel permanecem tarifados.<\/p>\n<p data-start=\"523\" data-end=\"806\">Mesmo recente, a medida j\u00e1 reflete nos n\u00fameros. As exporta\u00e7\u00f5es totais do Brasil para os EUA voltaram a crescer ap\u00f3s meses de queda, atingindo US$ 2,66 bilh\u00f5es, um avan\u00e7o de 19% em rela\u00e7\u00e3o a outubro. Ainda assim, o resultado segue 28% abaixo do registrado em novembro do ano passado.<\/p>\n<p data-start=\"808\" data-end=\"1208\">No agroneg\u00f3cio, por\u00e9m, o movimento ainda \u00e9 t\u00edmido. As vendas do setor somaram US$ 643 milh\u00f5es, queda de 57% na compara\u00e7\u00e3o anual e retra\u00e7\u00e3o de 7,7% frente ao m\u00eas anterior. A expectativa \u00e9 de que, com a retirada das tarifas para grande parte dos produtos, o fluxo de embarques volte a ganhar ritmo nas pr\u00f3ximas semanas, especialmente pela import\u00e2ncia do mercado americano para diversas cadeias do agro.<\/p>\n<\/div>\n<h6><em>THE <strong>Bela Cereais<\/strong> works with the best grains on the market and also keeps you up to date with the latest news and analyses on agribusiness.<br \/>\nDon&#039;t forget to follow our social networks.<\/em><\/h6>\n<p><a href=\"https:\/\/opresenterural.com.br\/exportacoes-ao-mercado-dos-eua-comecam-a-reagir\/\" target=\"_blank\" rel=\"noopener\">Access News Source <\/a><\/p>","protected":false},"excerpt":{"rendered":"<p>Os impactos das tarifas impostas pelos Estados Unidos come\u00e7am a mostrar mudan\u00e7as no ritmo das&hellip;<\/p>","protected":false},"author":1,"featured_media":26270,"comment_status":"","ping_status":"","sticky":false,"template":"","format":"standard","meta":{"footnotes":""},"categories":[7],"tags":[],"class_list":["post-26373","post","type-post","status-publish","format-standard","has-post-thumbnail","hentry","category-exportacoes"],"_links":{"self":[{"href":"https:\/\/belacereais.com.br\/en\/wp-json\/wp\/v2\/posts\/26373","targetHints":{"allow":["GET"]}}],"collection":[{"href":"https:\/\/belacereais.com.br\/en\/wp-json\/wp\/v2\/posts"}],"about":[{"href":"https:\/\/belacereais.com.br\/en\/wp-json\/wp\/v2\/types\/post"}],"author":[{"embeddable":true,"href":"https:\/\/belacereais.com.br\/en\/wp-json\/wp\/v2\/users\/1"}],"replies":[{"embeddable":true,"href":"https:\/\/belacereais.com.br\/en\/wp-json\/wp\/v2\/comments?post=26373"}],"version-history":[{"count":0,"href":"https:\/\/belacereais.com.br\/en\/wp-json\/wp\/v2\/posts\/26373\/revisions"}],"wp:featuredmedia":[{"embeddable":true,"href":"https:\/\/belacereais.com.br\/en\/wp-json\/wp\/v2\/media\/26270"}],"wp:attachment":[{"href":"https:\/\/belacereais.com.br\/en\/wp-json\/wp\/v2\/media?parent=26373"}],"wp:term":[{"taxonomy":"category","embeddable":true,"href":"https:\/\/belacereais.com.br\/en\/wp-json\/wp\/v2\/categories?post=26373"},{"taxonomy":"post_tag","embeddable":true,"href":"https:\/\/belacereais.com.br\/en\/wp-json\/wp\/v2\/tags?post=26373"}],"curies":[{"name":"wp","href":"https:\/\/api.w.org\/{rel}","templated":true}]}}