{"id":26377,"date":"2025-12-10T14:02:54","date_gmt":"2025-12-10T18:02:54","guid":{"rendered":"https:\/\/belacereais.com.br\/2025\/safra\/gtf-recebe-selo-clima-parana-pelo-4o-ano-e-reforca-agenda-ambiental\/"},"modified":"2025-12-10T14:02:54","modified_gmt":"2025-12-10T18:02:54","slug":"gtf-recebe-selo-clima-parana-pelo-4o-ano-e-reforca-agenda-ambiental","status":"publish","type":"post","link":"https:\/\/belacereais.com.br\/en\/2025\/safra\/gtf-recebe-selo-clima-parana-pelo-4o-ano-e-reforca-agenda-ambiental\/","title":{"rendered":"GTF recebe Selo Clima Paran\u00e1 pelo 4\u00ba ano e refor\u00e7a agenda ambiental"},"content":{"rendered":"<p><\/p>\n<div id=\"mvp-content-main\" class=\"left relative\">\n<p>A GTF,\u00a0uma das seis maiores empresas produtoras de carne de frango do Brasil e uma das dez maiores exportadoras dessa prote\u00edna no pa\u00eds,\u00a0foi reconhecida, mais uma vez, pelo seu compromisso com a sustentabilidade e o combate \u00e0s mudan\u00e7as clim\u00e1ticas. Pelo quarto ano consecutivo, a organiza\u00e7\u00e3o ser\u00e1 certificada com o Selo Clima Paran\u00e1, iniciativa promovida pelo Governo do Estado do Paran\u00e1, por meio da Secretaria do Desenvolvimento Sustent\u00e1vel (SEDEST). Neste ano, a empresa foi enquadrada na Categoria B \u2013 Mercado Interno, e a cerim\u00f4nia de outorga aconteceu no Campus da Ind\u00fastria, em Curitiba (PR), na \u00faltima ter\u00e7a-feira (2).<\/p>\n<p>Criado em 2015, o Selo Clima Paran\u00e1 tem como objetivo reconhecer boas pr\u00e1ticas ESG, monitorar os resultados ambientais das organiza\u00e7\u00f5es e incentivar medidas de mitiga\u00e7\u00e3o das emiss\u00f5es de gases de efeito estufa. A participa\u00e7\u00e3o \u00e9 volunt\u00e1ria e ocorre por meio da apresenta\u00e7\u00e3o da Declara\u00e7\u00e3o de Emiss\u00e3o de Gases de Efeito Estufa, conforme previsto na Pol\u00edtica Estadual de Mudan\u00e7as Clim\u00e1ticas (Lei n\u00ba 17.133\/2012) e regulamentada pela Resolu\u00e7\u00e3o n\u00ba 40\/2023.<\/p>\n<p>Recentemente, a GTF tamb\u00e9m foi premiada, pelo segundo ano consecutivo, com o Selo Ouro ODS, certifica\u00e7\u00e3o concedida pelo Instituto ODS e acreditada pela Federa\u00e7\u00e3o Nacional das Associa\u00e7\u00f5es, Centros e Clubes Unesco do Brasil (BFUCA Unesco).<\/p>\n<p>A conquista do selo consolida a GTF entre as organiza\u00e7\u00f5es que lideram a transforma\u00e7\u00e3o sustent\u00e1vel no Brasil. Entre as a\u00e7\u00f5es de destaque est\u00e3o iniciativas focadas no combate \u00e0 pobreza e \u00e0 fome, acesso \u00e0 sa\u00fade e \u00e0 educa\u00e7\u00e3o de qualidade, igualdade de g\u00eanero, oferta de \u00e1gua pot\u00e1vel e energia limpa, infraestrutura sustent\u00e1vel, trabalho decente, combate \u00e0s mudan\u00e7as clim\u00e1ticas e preserva\u00e7\u00e3o dos ecossistemas.<\/p>\n<p>\u201cEssa \u00e9 mais uma conquista que refor\u00e7a nosso compromisso com as boas pr\u00e1ticas de sustentabilidade. A cada ano, buscamos aprimorar nossas a\u00e7\u00f5es e elevar nosso padr\u00e3o de excel\u00eancia. Esse reconhecimento n\u00e3o \u00e9 apenas da GTF, \u00e9 um pr\u00eamio que tamb\u00e9m pertence \u00e0 sociedade,\u201d destacou Rafael Tortola, CEO da GTF.<\/p>\n<\/div>\n<h6><em>THE <strong>Bela Cereais<\/strong> works with the best grains on the market and also keeps you up to date with the latest news and analyses on agribusiness.<br \/>\nDon&#039;t forget to follow our social networks.<\/em><\/h6>\n<p><a href=\"https:\/\/opresenterural.com.br\/gtf-recebe-selo-clima-parana-pelo-4o-ano-e-reforca-agenda-ambiental\/\" target=\"_blank\" rel=\"noopener\">Access News Source <\/a><\/p>","protected":false},"excerpt":{"rendered":"<p>A GTF,\u00a0uma das seis maiores empresas produtoras de carne de frango do Brasil e uma&hellip;<\/p>","protected":false},"author":1,"featured_media":26378,"comment_status":"","ping_status":"","sticky":false,"template":"","format":"standard","meta":{"footnotes":""},"categories":[258],"tags":[],"class_list":["post-26377","post","type-post","status-publish","format-standard","has-post-thumbnail","hentry","category-safra"],"_links":{"self":[{"href":"https:\/\/belacereais.com.br\/en\/wp-json\/wp\/v2\/posts\/26377","targetHints":{"allow":["GET"]}}],"collection":[{"href":"https:\/\/belacereais.com.br\/en\/wp-json\/wp\/v2\/posts"}],"about":[{"href":"https:\/\/belacereais.com.br\/en\/wp-json\/wp\/v2\/types\/post"}],"author":[{"embeddable":true,"href":"https:\/\/belacereais.com.br\/en\/wp-json\/wp\/v2\/users\/1"}],"replies":[{"embeddable":true,"href":"https:\/\/belacereais.com.br\/en\/wp-json\/wp\/v2\/comments?post=26377"}],"version-history":[{"count":0,"href":"https:\/\/belacereais.com.br\/en\/wp-json\/wp\/v2\/posts\/26377\/revisions"}],"wp:featuredmedia":[{"embeddable":true,"href":"https:\/\/belacereais.com.br\/en\/wp-json\/wp\/v2\/media\/26378"}],"wp:attachment":[{"href":"https:\/\/belacereais.com.br\/en\/wp-json\/wp\/v2\/media?parent=26377"}],"wp:term":[{"taxonomy":"category","embeddable":true,"href":"https:\/\/belacereais.com.br\/en\/wp-json\/wp\/v2\/categories?post=26377"},{"taxonomy":"post_tag","embeddable":true,"href":"https:\/\/belacereais.com.br\/en\/wp-json\/wp\/v2\/tags?post=26377"}],"curies":[{"name":"wp","href":"https:\/\/api.w.org\/{rel}","templated":true}]}}