{"id":26379,"date":"2025-12-10T14:26:26","date_gmt":"2025-12-10T18:26:26","guid":{"rendered":"https:\/\/belacereais.com.br\/2025\/exportacoes\/brasil-bate-recorde-de-exportacao-de-bovinos-vivos-e-reacende-debate-sobre-impactos-da-atividade\/"},"modified":"2025-12-10T14:26:26","modified_gmt":"2025-12-10T18:26:26","slug":"brasil-bate-recorde-de-exportacao-de-bovinos-vivos-e-reacende-debate-sobre-impactos-da-atividade","status":"publish","type":"post","link":"https:\/\/belacereais.com.br\/en\/2025\/exportacoes\/brasil-bate-recorde-de-exportacao-de-bovinos-vivos-e-reacende-debate-sobre-impactos-da-atividade\/","title":{"rendered":"Brasil bate recorde de exporta\u00e7\u00e3o de bovinos vivos e reacende debate sobre impactos da atividade"},"content":{"rendered":"<p><\/p>\n<div id=\"mvp-content-main\" class=\"left relative\">\n<p class=\"v1MsoNormal\">A exporta\u00e7\u00e3o de bovinos vivos voltou ao centro do debate p\u00fablico em Bras\u00edlia ap\u00f3s o Brasil registrar, em 2025, o maior volume j\u00e1 embarcado por via mar\u00edtima. De janeiro ao final de novembro, 952 mil bois foram enviados ao exterior, superando o total de 2024, quando 948 mil animais deixaram o pa\u00eds. Mantido o ritmo, o volume deve ultrapassar a marca de um milh\u00e3o de cabe\u00e7as at\u00e9 o fim do ano, consolidando o pa\u00eds como o maior exportador global nessa modalidade, segundo dados do Comex Stat.<\/p>\n<div id=\"attachment_197128\" style=\"width: 310px\" class=\"wp-caption alignleft\"><img fetchpriority=\"high\" data-recalc-dims=\"1\" decoding=\"async\" aria-describedby=\"caption-attachment-197128\" data-attachment-id=\"197128\" data-permalink=\"https:\/\/opresenterural.com.br\/brasil-apresenta-acoes-para-reduzir-emissoes-de-metano-na-pecuaria-de-corte\/herdofnelorecattlegrazinginapasture-8\/\" data-orig-file=\"https:\/\/i0.wp.com\/opresenterural.com.br\/wp-content\/uploads\/2025\/11\/shutterstock_640722493.jpg?fit=1400%2C933&amp;ssl=1\" data-orig-size=\"1400,933\" data-comments-opened=\"0\" data-image-meta=\"{&quot;aperture&quot;:&quot;0&quot;,&quot;credit&quot;:&quot;Shutterstock&quot;,&quot;camera&quot;:&quot;&quot;,&quot;caption&quot;:&quot;Herd of Nelore cattle grazing in a pasture&quot;,&quot;created_timestamp&quot;:&quot;0&quot;,&quot;copyright&quot;:&quot;Copyright (c) 2017 Alf Ribeiro\\\/Shutterstock.  No use without permission.&quot;,&quot;focal_length&quot;:&quot;0&quot;,&quot;iso&quot;:&quot;0&quot;,&quot;shutter_speed&quot;:&quot;0&quot;,&quot;title&quot;:&quot;Herd,Of,Nelore,Cattle,Grazing,In,A,Pasture&quot;,&quot;orientation&quot;:&quot;1&quot;}\" data-image-title=\"Herd,Of,Nelore,Cattle,Grazing,In,A,Pasture\" data-image-description data-image-caption data-medium-file=\"https:\/\/i0.wp.com\/opresenterural.com.br\/wp-content\/uploads\/2025\/11\/shutterstock_640722493.jpg?fit=300%2C200&amp;ssl=1\" data-large-file=\"https:\/\/i0.wp.com\/opresenterural.com.br\/wp-content\/uploads\/2025\/11\/shutterstock_640722493.jpg?fit=740%2C493&amp;ssl=1\" class=\"wp-image-197128 size-medium\" src=\"https:\/\/i0.wp.com\/opresenterural.com.br\/wp-content\/uploads\/2025\/11\/shutterstock_640722493.jpg?resize=300%2C200&amp;ssl=1\" alt width=\"300\" height=\"200\" srcset=\"https:\/\/i0.wp.com\/opresenterural.com.br\/wp-content\/uploads\/2025\/11\/shutterstock_640722493.jpg?resize=300%2C200&amp;ssl=1 300w, https:\/\/i0.wp.com\/opresenterural.com.br\/wp-content\/uploads\/2025\/11\/shutterstock_640722493.jpg?resize=1024%2C682&amp;ssl=1 1024w, https:\/\/i0.wp.com\/opresenterural.com.br\/wp-content\/uploads\/2025\/11\/shutterstock_640722493.jpg?resize=768%2C512&amp;ssl=1 768w, https:\/\/i0.wp.com\/opresenterural.com.br\/wp-content\/uploads\/2025\/11\/shutterstock_640722493.jpg?resize=600%2C400&amp;ssl=1 600w, https:\/\/i0.wp.com\/opresenterural.com.br\/wp-content\/uploads\/2025\/11\/shutterstock_640722493.jpg?w=1400&amp;ssl=1 1400w\" sizes=\"(max-width: 300px) 100vw, 300px\"><\/p>\n<p id=\"caption-attachment-197128\" class=\"wp-caption-text\">Photo: Shutterstock<\/p>\n<\/div>\n<p class=\"v1MsoNormal\">O crescimento do setor, por\u00e9m, reacende questionamentos sobre seus riscos socioecon\u00f4micos, sanit\u00e1rios e ambientais. Esses temas estar\u00e3o no centro da audi\u00eancia p\u00fablica convocada pela Comiss\u00e3o de Meio Ambiente e Desenvolvimento Sustent\u00e1vel (CMADS) da C\u00e2mara dos Deputados, marcada para esta quinta-feira (11), \u00e0s 10 horas. O requerimento \u00e9 da deputada federal Duda Salabert (PDT\/MG). Entre os participantes confirmados est\u00e3o representantes da organiza\u00e7\u00e3o internacional Mercy For Animals e integrantes do Grupo de Trabalho Animal da Frente Parlamentar Ambientalista.<\/p>\n<p class=\"v1MsoNormal\">A sess\u00e3o discutir\u00e1 problemas estruturais relacionados ao transporte mar\u00edtimo de animais vivos, incluindo condi\u00e7\u00f5es de bem-estar, impactos ambientais, consequ\u00eancias econ\u00f4micas e potenciais riscos \u00e0 sa\u00fade p\u00fablica.<\/p>\n<p class=\"v1MsoNormal\">As cr\u00edticas ao modelo ganharam for\u00e7a ap\u00f3s mais um epis\u00f3dio envolvendo falhas graves no deslocamento de gado. O navio Spiridon II, que partiu do Uruguai em 20 de setembro com tr\u00eas mil vacas, foi impedido de atracar na Turquia por irregularidades sanit\u00e1rias e de identifica\u00e7\u00e3o. Sem autoriza\u00e7\u00e3o para desembarque, a embarca\u00e7\u00e3o s\u00f3 obteve permiss\u00e3o para descarregar os animais em 23 de novembro, na L\u00edbia.<\/p>\n<p class=\"v1MsoNormal\">Durante o per\u00edodo de espera, relatos indicaram condi\u00e7\u00f5es prec\u00e1rias: ac\u00famulo de fezes e urina, odor intenso, carca\u00e7as sobre o conv\u00e9s, escassez de \u00e1gua e alimento e presen\u00e7a de vacas gestantes e bezerros rec\u00e9m-nascidos sem assist\u00eancia veterin\u00e1ria.<\/p>\n<p><img data-recalc-dims=\"1\" decoding=\"async\" data-attachment-id=\"180504\" data-permalink=\"https:\/\/opresenterural.com.br\/oferta-do-gado-para-abate-segue-restrita-com-demanda-moderada-por-parte-dos-compradores\/herdofnelorecattlegrazinginapastureonthe-8\/\" data-orig-file=\"https:\/\/i0.wp.com\/opresenterural.com.br\/wp-content\/uploads\/2025\/05\/shutterstock_2147159747.jpg?fit=1400%2C933&amp;ssl=1\" data-orig-size=\"1400,933\" data-comments-opened=\"0\" data-image-meta=\"{&quot;aperture&quot;:&quot;0&quot;,&quot;credit&quot;:&quot;Shutterstock&quot;,&quot;camera&quot;:&quot;&quot;,&quot;caption&quot;:&quot;Herd of Nelore cattle grazing in a pasture on the brazilian ranch&quot;,&quot;created_timestamp&quot;:&quot;0&quot;,&quot;copyright&quot;:&quot;Copyright (c) 2022 Alf Ribeiro\\\/Shutterstock.  No use without permission.&quot;,&quot;focal_length&quot;:&quot;0&quot;,&quot;iso&quot;:&quot;0&quot;,&quot;shutter_speed&quot;:&quot;0&quot;,&quot;title&quot;:&quot;Herd,Of,Nelore,Cattle,Grazing,In,A,Pasture,On,The&quot;,&quot;orientation&quot;:&quot;1&quot;}\" data-image-title=\"Herd,Of,Nelore,Cattle,Grazing,In,A,Pasture,On,The\" data-image-description data-image-caption=\"&lt;p&gt;Foto: Shutterstock&lt;\/p&gt;\" data-medium-file=\"https:\/\/i0.wp.com\/opresenterural.com.br\/wp-content\/uploads\/2025\/05\/shutterstock_2147159747.jpg?fit=300%2C200&amp;ssl=1\" data-large-file=\"https:\/\/i0.wp.com\/opresenterural.com.br\/wp-content\/uploads\/2025\/05\/shutterstock_2147159747.jpg?fit=740%2C493&amp;ssl=1\" class=\"size-medium wp-image-180504 alignright\" src=\"https:\/\/i0.wp.com\/opresenterural.com.br\/wp-content\/uploads\/2025\/05\/shutterstock_2147159747.jpg?resize=300%2C200&amp;ssl=1\" alt width=\"300\" height=\"200\" srcset=\"https:\/\/i0.wp.com\/opresenterural.com.br\/wp-content\/uploads\/2025\/05\/shutterstock_2147159747.jpg?resize=300%2C200&amp;ssl=1 300w, https:\/\/i0.wp.com\/opresenterural.com.br\/wp-content\/uploads\/2025\/05\/shutterstock_2147159747.jpg?resize=1024%2C682&amp;ssl=1 1024w, https:\/\/i0.wp.com\/opresenterural.com.br\/wp-content\/uploads\/2025\/05\/shutterstock_2147159747.jpg?resize=768%2C512&amp;ssl=1 768w, https:\/\/i0.wp.com\/opresenterural.com.br\/wp-content\/uploads\/2025\/05\/shutterstock_2147159747.jpg?resize=600%2C400&amp;ssl=1 600w, https:\/\/i0.wp.com\/opresenterural.com.br\/wp-content\/uploads\/2025\/05\/shutterstock_2147159747.jpg?w=1400&amp;ssl=1 1400w\" sizes=\"(max-width: 300px) 100vw, 300px\"><\/p>\n<p class=\"v1MsoNormal\">O debate tamb\u00e9m ocorre em meio ao avan\u00e7o de duas propostas legislativas voltadas a desestimular a exporta\u00e7\u00e3o de animais vivos por meio de tributa\u00e7\u00e3o diferenciada, alinhada aos riscos da pr\u00e1tica. Ambas conquistaram vit\u00f3rias recentes no Congresso: o PLP 23\/2024, de autoria da deputada Luciene Cavalcante, e o PL 786\/2024, apresentado pelo deputado Nilto Tatto.<\/p>\n<p class=\"v1MsoNormal\">A audi\u00eancia p\u00fablica \u201cExporta\u00e7\u00e3o de Animais Vivos por Via Mar\u00edtima: Impactos e Riscos\u201d reunir\u00e1 diversas organiza\u00e7\u00f5es da sociedade civil e especialistas, incluindo Mercy For Animals, F\u00f3rum Nacional de Prote\u00e7\u00e3o e Defesa Animal, Gaia Libertas, Ag\u00eancia de Not\u00edcias de Direitos Animais, Movimento Nacional N\u00e3o Exporte Vidas e a pesquisadora Maira Luiza Spanholi, da Universidade do Estado de Mato Grosso (UNEMAT). O encontro deve ampliar o debate sobre alternativas e novas diretrizes para a atividade no pa\u00eds.<\/p>\n<\/div>\n<h6><em>THE <strong>Bela Cereais<\/strong> works with the best grains on the market and also keeps you up to date with the latest news and analyses on agribusiness.<br \/>\nDon&#039;t forget to follow our social networks.<\/em><\/h6>\n<p><a href=\"https:\/\/opresenterural.com.br\/brasil-bate-recorde-de-exportacao-de-bovinos-vivos-e-reacende-debate-sobre-impactos-da-atividade\/\" target=\"_blank\" rel=\"noopener\">Access News Source <\/a><\/p>","protected":false},"excerpt":{"rendered":"<p>A exporta\u00e7\u00e3o de bovinos vivos voltou ao centro do debate p\u00fablico em Bras\u00edlia ap\u00f3s o&hellip;<\/p>","protected":false},"author":1,"featured_media":26380,"comment_status":"","ping_status":"","sticky":false,"template":"","format":"standard","meta":{"footnotes":""},"categories":[7],"tags":[],"class_list":["post-26379","post","type-post","status-publish","format-standard","has-post-thumbnail","hentry","category-exportacoes"],"_links":{"self":[{"href":"https:\/\/belacereais.com.br\/en\/wp-json\/wp\/v2\/posts\/26379","targetHints":{"allow":["GET"]}}],"collection":[{"href":"https:\/\/belacereais.com.br\/en\/wp-json\/wp\/v2\/posts"}],"about":[{"href":"https:\/\/belacereais.com.br\/en\/wp-json\/wp\/v2\/types\/post"}],"author":[{"embeddable":true,"href":"https:\/\/belacereais.com.br\/en\/wp-json\/wp\/v2\/users\/1"}],"replies":[{"embeddable":true,"href":"https:\/\/belacereais.com.br\/en\/wp-json\/wp\/v2\/comments?post=26379"}],"version-history":[{"count":0,"href":"https:\/\/belacereais.com.br\/en\/wp-json\/wp\/v2\/posts\/26379\/revisions"}],"wp:featuredmedia":[{"embeddable":true,"href":"https:\/\/belacereais.com.br\/en\/wp-json\/wp\/v2\/media\/26380"}],"wp:attachment":[{"href":"https:\/\/belacereais.com.br\/en\/wp-json\/wp\/v2\/media?parent=26379"}],"wp:term":[{"taxonomy":"category","embeddable":true,"href":"https:\/\/belacereais.com.br\/en\/wp-json\/wp\/v2\/categories?post=26379"},{"taxonomy":"post_tag","embeddable":true,"href":"https:\/\/belacereais.com.br\/en\/wp-json\/wp\/v2\/tags?post=26379"}],"curies":[{"name":"wp","href":"https:\/\/api.w.org\/{rel}","templated":true}]}}