{"id":26381,"date":"2025-12-10T16:28:01","date_gmt":"2025-12-10T20:28:01","guid":{"rendered":"https:\/\/belacereais.com.br\/2025\/exportacoes\/abate-de-suinos-acelera-no-3o-trimestre-com-apoio-das-exportacoes\/"},"modified":"2025-12-10T16:28:01","modified_gmt":"2025-12-10T20:28:01","slug":"abate-de-suinos-acelera-no-3o-trimestre-com-apoio-das-exportacoes","status":"publish","type":"post","link":"https:\/\/belacereais.com.br\/en\/2025\/exportacoes\/abate-de-suinos-acelera-no-3o-trimestre-com-apoio-das-exportacoes\/","title":{"rendered":"Abate de su\u00ednos acelera no 3\u00ba trimestre com apoio das exporta\u00e7\u00f5es"},"content":{"rendered":"<p><\/p>\n<div id=\"mvp-content-main\" class=\"left relative\">\n<p data-start=\"99\" data-end=\"403\">Entre julho e setembro, foram abatidas 15,81 milh\u00f5es de cabe\u00e7as, volume 5,3% maior que o registrado no mesmo per\u00edodo de 2024 e 4,8% acima do total do segundo trimestre deste ano.<\/p>\n<p data-start=\"405\" data-end=\"626\">O peso total das carca\u00e7as tamb\u00e9m avan\u00e7ou. No trimestre, o acumulado chegou a 1,49 milh\u00e3o de toneladas, alta de 6,1% frente ao 3\u00ba trimestre do ano passado e crescimento de 4,8% em rela\u00e7\u00e3o ao trimestre anterior.<\/p>\n<p data-start=\"628\" data-end=\"974\">Segundo Angela Lord\u00e3o, as exporta\u00e7\u00f5es seguem desempenhando papel central no bom momento da atividade. \u201cAs vendas externas de carne su\u00edna alcan\u00e7aram n\u00edveis in\u00e9ditos tanto em volume quanto em faturamento, com as Filipinas liderando as compras. No mercado interno, cortes mais acess\u00edveis e pr\u00e1ticos tamb\u00e9m v\u00eam impulsionando o consumo\u201d, afirma.<\/p>\n<\/div>\n<h6><em>THE <strong>Bela Cereais<\/strong> works with the best grains on the market and also keeps you up to date with the latest news and analyses on agribusiness.<br \/>\nDon&#039;t forget to follow our social networks.<\/em><\/h6>\n<p><a href=\"https:\/\/opresenterural.com.br\/abate-de-suinos-acelera-no-3o-trimestre-com-apoio-das-exportacoes\/\" target=\"_blank\" rel=\"noopener\">Access News Source <\/a><\/p>","protected":false},"excerpt":{"rendered":"<p>Entre julho e setembro, foram abatidas 15,81 milh\u00f5es de cabe\u00e7as, volume 5,3% maior que o&hellip;<\/p>","protected":false},"author":1,"featured_media":26382,"comment_status":"","ping_status":"","sticky":false,"template":"","format":"standard","meta":{"footnotes":""},"categories":[7],"tags":[],"class_list":["post-26381","post","type-post","status-publish","format-standard","has-post-thumbnail","hentry","category-exportacoes"],"_links":{"self":[{"href":"https:\/\/belacereais.com.br\/en\/wp-json\/wp\/v2\/posts\/26381","targetHints":{"allow":["GET"]}}],"collection":[{"href":"https:\/\/belacereais.com.br\/en\/wp-json\/wp\/v2\/posts"}],"about":[{"href":"https:\/\/belacereais.com.br\/en\/wp-json\/wp\/v2\/types\/post"}],"author":[{"embeddable":true,"href":"https:\/\/belacereais.com.br\/en\/wp-json\/wp\/v2\/users\/1"}],"replies":[{"embeddable":true,"href":"https:\/\/belacereais.com.br\/en\/wp-json\/wp\/v2\/comments?post=26381"}],"version-history":[{"count":0,"href":"https:\/\/belacereais.com.br\/en\/wp-json\/wp\/v2\/posts\/26381\/revisions"}],"wp:featuredmedia":[{"embeddable":true,"href":"https:\/\/belacereais.com.br\/en\/wp-json\/wp\/v2\/media\/26382"}],"wp:attachment":[{"href":"https:\/\/belacereais.com.br\/en\/wp-json\/wp\/v2\/media?parent=26381"}],"wp:term":[{"taxonomy":"category","embeddable":true,"href":"https:\/\/belacereais.com.br\/en\/wp-json\/wp\/v2\/categories?post=26381"},{"taxonomy":"post_tag","embeddable":true,"href":"https:\/\/belacereais.com.br\/en\/wp-json\/wp\/v2\/tags?post=26381"}],"curies":[{"name":"wp","href":"https:\/\/api.w.org\/{rel}","templated":true}]}}