{"id":26389,"date":"2025-12-12T07:25:12","date_gmt":"2025-12-12T11:25:12","guid":{"rendered":"https:\/\/belacereais.com.br\/2025\/soja\/real-valorizado-freia-venda-de-soja-e-deixa-produtor-em-compasso-de-espera-no-brasil\/"},"modified":"2025-12-12T07:25:12","modified_gmt":"2025-12-12T11:25:12","slug":"real-valorizado-freia-venda-de-soja-e-deixa-produtor-em-compasso-de-espera-no-brasil","status":"publish","type":"post","link":"https:\/\/belacereais.com.br\/en\/2025\/soja\/real-valorizado-freia-venda-de-soja-e-deixa-produtor-em-compasso-de-espera-no-brasil\/","title":{"rendered":"Real valorizado freia venda de soja e deixa produtor em compasso de espera no Brasil"},"content":{"rendered":"<p><\/p>\n<div id=\"mvp-content-main\" class=\"left relative\">\n<p class=\"western\">O mercado da soja atravessa um per\u00edodo de tens\u00e3o global e cautela dom\u00e9stica. Enquanto a demanda internacional segue firme, impulsionada por preocupa\u00e7\u00f5es clim\u00e1ticas nos Estados Unidos e pelas altera\u00e7\u00f5es nas tarifas de exporta\u00e7\u00e3o da Argentina, que retirou temporariamente as retenciones e depois voltou a aplic\u00e1-las, o mercado interno brasileiro sofre com a valoriza\u00e7\u00e3o do real e a volatilidade cambial, fatores que desaceleram a comercializa\u00e7\u00e3o antecipada da safra 2025\/26.<\/p>\n<p class=\"western\">Segundo a Consultoria Agro do Ita\u00fa BBA (outubro), o cen\u00e1rio combina oportunidades e desafios. O plantio avan\u00e7a mais cedo em rela\u00e7\u00e3o ao ano passado, impulsionado pelas chuvas antecipadas, mas a comercializa\u00e7\u00e3o de gr\u00e3os ainda caminha abaixo da m\u00e9dia hist\u00f3rica, refletindo pre\u00e7os mais baixos e risco cambial elevado. At\u00e9 o final de setembro, cerca de 23% da safra havia sido negociada, ante 32% da m\u00e9dia dos \u00faltimos cinco anos. Considerando uma produ\u00e7\u00e3o potencial de 175 milh\u00f5es de toneladas, isso representa aproximadamente 40 milh\u00f5es de toneladas vendidas.<\/p>\n<p class=\"western\"><img fetchpriority=\"high\" data-recalc-dims=\"1\" decoding=\"async\" data-attachment-id=\"199526\" data-permalink=\"https:\/\/opresenterural.com.br\/real-valorizado-freia-venda-de-soja-e-deixa-produtor-em-compasso-de-espera-no-brasil\/shutterstock_647567569-4\/\" data-orig-file=\"https:\/\/i0.wp.com\/opresenterural.com.br\/wp-content\/uploads\/2025\/12\/shutterstock_647567569.jpg?fit=1400%2C933&amp;ssl=1\" data-orig-size=\"1400,933\" data-comments-opened=\"0\" data-image-meta=\"{&quot;aperture&quot;:&quot;0&quot;,&quot;credit&quot;:&quot;&quot;,&quot;camera&quot;:&quot;&quot;,&quot;caption&quot;:&quot;&quot;,&quot;created_timestamp&quot;:&quot;0&quot;,&quot;copyright&quot;:&quot;&quot;,&quot;focal_length&quot;:&quot;0&quot;,&quot;iso&quot;:&quot;0&quot;,&quot;shutter_speed&quot;:&quot;0&quot;,&quot;title&quot;:&quot;&quot;,&quot;orientation&quot;:&quot;0&quot;}\" data-image-title=\"shutterstock_647567569\" data-image-description data-image-caption data-medium-file=\"https:\/\/i0.wp.com\/opresenterural.com.br\/wp-content\/uploads\/2025\/12\/shutterstock_647567569.jpg?fit=300%2C200&amp;ssl=1\" data-large-file=\"https:\/\/i0.wp.com\/opresenterural.com.br\/wp-content\/uploads\/2025\/12\/shutterstock_647567569.jpg?fit=740%2C493&amp;ssl=1\" class=\"size-medium wp-image-199526 alignleft\" src=\"https:\/\/i0.wp.com\/opresenterural.com.br\/wp-content\/uploads\/2025\/12\/shutterstock_647567569.jpg?resize=300%2C200&amp;ssl=1\" alt width=\"300\" height=\"200\" srcset=\"https:\/\/i0.wp.com\/opresenterural.com.br\/wp-content\/uploads\/2025\/12\/shutterstock_647567569.jpg?resize=300%2C200&amp;ssl=1 300w, https:\/\/i0.wp.com\/opresenterural.com.br\/wp-content\/uploads\/2025\/12\/shutterstock_647567569.jpg?resize=1024%2C682&amp;ssl=1 1024w, https:\/\/i0.wp.com\/opresenterural.com.br\/wp-content\/uploads\/2025\/12\/shutterstock_647567569.jpg?resize=768%2C512&amp;ssl=1 768w, https:\/\/i0.wp.com\/opresenterural.com.br\/wp-content\/uploads\/2025\/12\/shutterstock_647567569.jpg?resize=600%2C400&amp;ssl=1 600w, https:\/\/i0.wp.com\/opresenterural.com.br\/wp-content\/uploads\/2025\/12\/shutterstock_647567569.jpg?w=1400&amp;ssl=1 1400w\" sizes=\"(max-width: 300px) 100vw, 300px\">Em setembro, a soja em Chicago registrou recupera\u00e7\u00e3o de 1,4%, ap\u00f3s dois meses de desvaloriza\u00e7\u00e3o, alcan\u00e7ando US$ 10,19 por bushel. \u201cO movimento foi motivado pelo in\u00edcio da colheita nos Estados Unidos e preocupa\u00e7\u00f5es com produtividade devido a um agosto mais seco que o esperado e \u00e0 baixa umidade dos gr\u00e3os colhidos. O mercado internacional tamb\u00e9m reagiu \u00e0 retirada e posterior retomada das retenciones argentinas, movimentando a oferta global da commodity\u201d, aponta os analistas do Ita\u00fa BBA.<\/p>\n<p class=\"western\">No Brasil, a valoriza\u00e7\u00e3o internacional n\u00e3o se traduziu em ganhos expressivos para os produtores. A soja em Paranagu\u00e1 caiu 1%, para R$ 139 por saca, pressionada pela aprecia\u00e7\u00e3o do real. Apesar disso, o plantio avan\u00e7ou com anteced\u00eancia, beneficiado pelas chuvas. \u201cAt\u00e9 setembro, cerca de 11% da \u00e1rea projetada havia sido semeada, contra 9% no mesmo per\u00edodo do ano passado\u201d, destaca a consultoria.<\/p>\n<p class=\"western\">No Mato Grosso, o avan\u00e7o foi ainda maior, com 21% da \u00e1rea j\u00e1 plantada at\u00e9 10 de setembro, segundo o Instituto Mato-Grossense de Economia Agropecu\u00e1ria (Imea). O in\u00edcio do plantio em \u00e1reas irrigadas e de sequeiro consolidou o plantio inicial, apesar dos volumes ainda irregulares.<\/p>\n<h4 class=\"western\"><b>Perspectivas clim\u00e1ticas e comerciais<\/b><\/h4>\n<p class=\"western\">O cen\u00e1rio para as safras do Brasil e da Argentina permanece favor\u00e1vel. No Brasil, as chuvas previstas para as pr\u00f3ximas semanas devem favorecer o plantio e o desenvolvimento inicial da lavoura, especialmente na regi\u00e3o central, com aten\u00e7\u00e3o apenas ao Rio Grande do Sul. Na Argentina, solos bem abastecidos de umidade permitem um in\u00edcio promissor, apesar de alagamentos pontuais em algumas regi\u00f5es.<\/p>\n<p class=\"western\">Se as colheitas forem boas em ambos os pa\u00edses, o mercado global tende a ficar bem abastecido, com oferta potencialmente recorde. Paralelamente, a tens\u00e3o comercial entre EUA e China pode aumentar a demanda pela soja brasileira, influenciando pr\u00eamios de exporta\u00e7\u00e3o e impactando cota\u00e7\u00f5es internacionais. \u201cO mercado da soja segue est\u00e1vel, com expectativas positivas para o clima. No entanto, a cota\u00e7\u00e3o no Brasil ainda vai depender da valoriza\u00e7\u00e3o ou desvaloriza\u00e7\u00e3o do real, que continua sendo o principal fator para a forma\u00e7\u00e3o dos pre\u00e7os dom\u00e9sticos\u201d, avalia a Consultoria Agro do Ita\u00fa BBA.<\/p>\n<h4 class=\"western\"><b>Soybean meal<\/b><\/h4>\n<p class=\"western\">O farelo de soja apresentou queda de 1% na CBOT em setembro, chegando a US$ 279,8 por tonelada, pressionado pela ampla oferta global e pela redu\u00e7\u00e3o tempor\u00e1ria das retenciones argentinas. O \u00f3leo de soja tamb\u00e9m caiu pelo segundo m\u00eas consecutivo, 5,2%, para US$ 50,5 por libra, influenciado pela baixa nos pre\u00e7os do petr\u00f3leo e pela maior oferta argentina.<\/p>\n<p class=\"western\">No mercado interno, o farelo apresentou leve valoriza\u00e7\u00e3o, subindo 1,5% em Rondon\u00f3polis (MT), para R$ 1.503 por tonelada. O \u00f3leo de soja subiu pelo terceiro m\u00eas consecutivo no Mato Grosso, cotado a R$ 6.489 por tonelada (+4,3%). De acordo com a consultoria, a demanda firme do setor de biodiesel, sustentada por boas margens e pela obrigatoriedade de mistura de 15% de biodiesel no diesel, continua dando suporte aos pre\u00e7os, apesar da ampla oferta que dificulta a absor\u00e7\u00e3o total dos volumes produzidos.<\/p>\n<p class=\"western\">Para a Consultoria Agro do Ita\u00fa BBA, o mercado global tende a se manter equilibrado, mas os produtores precisam monitorar a varia\u00e7\u00e3o cambial, que pode pressionar fortemente os pre\u00e7os internos caso o real continue valorizado.<\/p>\n<p>A vers\u00e3o digital j\u00e1 est\u00e1 dispon\u00edvel no site de O Presente Rural, com acesso gratuito para leitura completa, clique\u00a0<a href=\"https:\/\/www.flip3d.com.br\/pub\/opresenterural\/?numero=269&amp;edicao=5725#page\/1\" target=\"_blank\" rel=\"noopener\">here<\/a>.<\/p>\n<\/div>\n<h6><em>THE <strong>Bela Cereais<\/strong> works with the best grains on the market and also keeps you up to date with the latest news and analyses on agribusiness.<br \/>\nDon&#039;t forget to follow our social networks.<\/em><\/h6>\n<p><a href=\"https:\/\/opresenterural.com.br\/real-valorizado-freia-venda-de-soja-e-deixa-produtor-em-compasso-de-espera-no-brasil\/\" target=\"_blank\" rel=\"noopener\">Access News Source <\/a><\/p>","protected":false},"excerpt":{"rendered":"<p>O mercado da soja atravessa um per\u00edodo de tens\u00e3o global e cautela dom\u00e9stica. Enquanto a&hellip;<\/p>","protected":false},"author":1,"featured_media":26390,"comment_status":"","ping_status":"","sticky":false,"template":"","format":"standard","meta":{"footnotes":""},"categories":[259],"tags":[],"class_list":["post-26389","post","type-post","status-publish","format-standard","has-post-thumbnail","hentry","category-soja"],"_links":{"self":[{"href":"https:\/\/belacereais.com.br\/en\/wp-json\/wp\/v2\/posts\/26389","targetHints":{"allow":["GET"]}}],"collection":[{"href":"https:\/\/belacereais.com.br\/en\/wp-json\/wp\/v2\/posts"}],"about":[{"href":"https:\/\/belacereais.com.br\/en\/wp-json\/wp\/v2\/types\/post"}],"author":[{"embeddable":true,"href":"https:\/\/belacereais.com.br\/en\/wp-json\/wp\/v2\/users\/1"}],"replies":[{"embeddable":true,"href":"https:\/\/belacereais.com.br\/en\/wp-json\/wp\/v2\/comments?post=26389"}],"version-history":[{"count":0,"href":"https:\/\/belacereais.com.br\/en\/wp-json\/wp\/v2\/posts\/26389\/revisions"}],"wp:featuredmedia":[{"embeddable":true,"href":"https:\/\/belacereais.com.br\/en\/wp-json\/wp\/v2\/media\/26390"}],"wp:attachment":[{"href":"https:\/\/belacereais.com.br\/en\/wp-json\/wp\/v2\/media?parent=26389"}],"wp:term":[{"taxonomy":"category","embeddable":true,"href":"https:\/\/belacereais.com.br\/en\/wp-json\/wp\/v2\/categories?post=26389"},{"taxonomy":"post_tag","embeddable":true,"href":"https:\/\/belacereais.com.br\/en\/wp-json\/wp\/v2\/tags?post=26389"}],"curies":[{"name":"wp","href":"https:\/\/api.w.org\/{rel}","templated":true}]}}