{"id":26394,"date":"2025-12-12T09:30:08","date_gmt":"2025-12-12T13:30:08","guid":{"rendered":"https:\/\/belacereais.com.br\/2025\/centro-oeste\/projeto-entre-parceria-do-senar-mt-e-sindicato-rural-de-jaciara-leva-pratica-do-agro-a-estudantes\/"},"modified":"2025-12-12T09:30:08","modified_gmt":"2025-12-12T13:30:08","slug":"projeto-entre-parceria-do-senar-mt-e-sindicato-rural-de-jaciara-leva-pratica-do-agro-a-estudantes","status":"publish","type":"post","link":"https:\/\/belacereais.com.br\/en\/2025\/centro-oeste\/projeto-entre-parceria-do-senar-mt-e-sindicato-rural-de-jaciara-leva-pratica-do-agro-a-estudantes\/","title":{"rendered":"Projeto entre  parceria do Senar-MT e Sindicato Rural de Jaciara  leva pr\u00e1tica do Agro a estudantes"},"content":{"rendered":"<p><\/p>\n<div class=\"materia\">\n<p>Mais de 140 alunos, com idades entre 7 e 12 anos, da Escola Municipal Santa Rosa, em Jaciara, participaram entre os dias 01 e 10 de dezembro de uma *experi\u00eancia transformadora na Fazenda Sereno e na Est\u00e2ncia Faculdade Eduvale . A viv\u00eancia fez parte do 1\u00ba e 2\u00ba Ciclo do Projeto Semeia, iniciativa do Servi\u00e7o Nacional de Aprendizagem Rural de Mato Grosso (Senar-MT), realizada em parceria com o Sindicato Rural de Jaciara e com o apoio da Prefeitura Municipal, por meio da Secretaria de Educa\u00e7\u00e3o.<\/p>\n<p>Ao longo das atividades, as crian\u00e7as tiveram contato direto com diferentes etapas do processo produtivo no campo. Aprendeu sobre preparo do solo, identifica\u00e7\u00e3o de hortali\u00e7as, cuidados no cultivo, crescimento das plantas e t\u00e9cnicas de colheita. A programa\u00e7\u00e3o tamb\u00e9m abordou temas como alimenta\u00e7\u00e3o saud\u00e1vel, sustentabilidade e preserva\u00e7\u00e3o ambiental, ampliando a compreens\u00e3o dos estudantes sobre a import\u00e2ncia do agroneg\u00f3cio na vida cotidiana.<\/p>\n<p>A presidente do Sindicato Rural de Jaciara, Juliana Bortolini, destacou o impacto educacional do projeto: \u201cNossa miss\u00e3o \u00e9 aproximar as crian\u00e7as do campo, mostrando que o agroneg\u00f3cio \u00e9 feito de ci\u00eancia, cuidado e oportunidades. \u00c9 gratificante ver o interesse delas crescer a cada atividade.\u201d<\/p>\n<p>Durante a visita \u00e0 propriedade rural, os alunos tamb\u00e9m puderam conhecer de perto o funcionamento da bovinocultura. Observaram processos como insemina\u00e7\u00e3o artificial, manejo do rebanho e os cuidados di\u00e1rios com touros, novilhas e outros animais. O aprendizado pr\u00e1tico despertou curiosidade e encantamento nos pequenos visitantes.<\/p>\n<div id=\"uolpd-video-inarticle\"><\/div>\n<p>Para encerrar a jornada de forma especial, os estudantes participaram da produ\u00e7\u00e3o de hamb\u00fargueres bovinos, que foram preparados e degustados por eles mesmos, \u00a0um momento que uniu conhecimento, sabor e divers\u00e3o.<\/p>\n<p>A mobilizadora do Sindicato Rural de Jaciara, Andreia Nascimento, ressaltou a import\u00e2ncia da iniciativa para a forma\u00e7\u00e3o das crian\u00e7as: \u201cO Projeto Semeia planta sementes de conhecimento que elas levar\u00e3o para a vida toda. Muitas descobriram novas voca\u00e7\u00f5es e perceberam que o campo oferece in\u00fameras possibilidades.\u201d<\/p>\n<\/p><\/div>\n<h6><em>THE <strong>Bela Cereais<\/strong> works with the best grains on the market in the Central West Region and also keeps you up to date with the latest news and analyses on agribusiness.<br \/>\nDon&#039;t forget to follow our social networks.<\/em><\/h6>\n<p><a href=\"https:\/\/www.noticiasagricolas.com.br\/noticias\/agronegocio\/412465-projeto-entre-parceria-do-senar-mt-e-sindicato-rural-de-jaciara-leva-pratica-do-agro-a-estudantes.html?utm_source=parceiros&#038;utm_medium=rss\" target=\"_blank\" rel=\"noopener\">Access News Source <\/a><\/p>","protected":false},"excerpt":{"rendered":"<p>Mais de 140 alunos, com idades entre 7 e 12 anos, da Escola Municipal Santa&hellip;<\/p>","protected":false},"author":1,"featured_media":26395,"comment_status":"","ping_status":"","sticky":false,"template":"","format":"standard","meta":{"footnotes":""},"categories":[90],"tags":[240,239],"class_list":["post-26394","post","type-post","status-publish","format-standard","has-post-thumbnail","hentry","category-centro-oeste","tag-agricultura","tag-agronegocio"],"_links":{"self":[{"href":"https:\/\/belacereais.com.br\/en\/wp-json\/wp\/v2\/posts\/26394","targetHints":{"allow":["GET"]}}],"collection":[{"href":"https:\/\/belacereais.com.br\/en\/wp-json\/wp\/v2\/posts"}],"about":[{"href":"https:\/\/belacereais.com.br\/en\/wp-json\/wp\/v2\/types\/post"}],"author":[{"embeddable":true,"href":"https:\/\/belacereais.com.br\/en\/wp-json\/wp\/v2\/users\/1"}],"replies":[{"embeddable":true,"href":"https:\/\/belacereais.com.br\/en\/wp-json\/wp\/v2\/comments?post=26394"}],"version-history":[{"count":0,"href":"https:\/\/belacereais.com.br\/en\/wp-json\/wp\/v2\/posts\/26394\/revisions"}],"wp:featuredmedia":[{"embeddable":true,"href":"https:\/\/belacereais.com.br\/en\/wp-json\/wp\/v2\/media\/26395"}],"wp:attachment":[{"href":"https:\/\/belacereais.com.br\/en\/wp-json\/wp\/v2\/media?parent=26394"}],"wp:term":[{"taxonomy":"category","embeddable":true,"href":"https:\/\/belacereais.com.br\/en\/wp-json\/wp\/v2\/categories?post=26394"},{"taxonomy":"post_tag","embeddable":true,"href":"https:\/\/belacereais.com.br\/en\/wp-json\/wp\/v2\/tags?post=26394"}],"curies":[{"name":"wp","href":"https:\/\/api.w.org\/{rel}","templated":true}]}}