{"id":26398,"date":"2025-12-12T14:41:24","date_gmt":"2025-12-12T18:41:24","guid":{"rendered":"https:\/\/belacereais.com.br\/2025\/exportacoes\/mato-grosso-registra-maior-exportacao-de-carne-bovina-de-sua-historia-2\/"},"modified":"2025-12-12T14:41:24","modified_gmt":"2025-12-12T18:41:24","slug":"mato-grosso-registra-maior-exportacao-de-carne-bovina-de-sua-historia-2","status":"publish","type":"post","link":"https:\/\/belacereais.com.br\/en\/2025\/exportacoes\/mato-grosso-registra-maior-exportacao-de-carne-bovina-de-sua-historia-2\/","title":{"rendered":"Mato Grosso registra maior exporta\u00e7\u00e3o de carne bovina de sua hist\u00f3ria"},"content":{"rendered":"<p><\/p>\n<div id=\"mvp-content-main\" class=\"left relative\">\n<p>Mato Grosso encerrou novembro com o maior volume de exporta\u00e7\u00e3o de carne bovina j\u00e1 registrado pelo estado. Foram 112,8 mil toneladas enviadas ao mercado internacional apenas no m\u00eas, um recorde hist\u00f3rico. No acumulado de janeiro a novembro, o estado tamb\u00e9m superou todas as marcas anteriores e atingiu 867,7 mil toneladas embarcadas, crescimento de 23,8% em rela\u00e7\u00e3o ao mesmo per\u00edodo do ano passado, que j\u00e1 havia sido o melhor desempenho at\u00e9 ent\u00e3o.<\/p>\n<p>Em novembro deste ano, o estado ultrapassou a carne bovina exportada durante 2024, quando foram vendidas 759,3 mil toneladas da prote\u00edna bovina. Esse avan\u00e7o refor\u00e7a a posi\u00e7\u00e3o de Mato Grosso como o maior exportador brasileiro de carne bovina e um dos principais fornecedores globais.<\/p>\n<div id=\"attachment_189100\" style=\"width: 310px\" class=\"wp-caption alignleft\"><img fetchpriority=\"high\" data-recalc-dims=\"1\" decoding=\"async\" aria-describedby=\"caption-attachment-189100\" data-attachment-id=\"189100\" data-permalink=\"https:\/\/opresenterural.com.br\/carne-para-o-mundo-sanidade-para-o-brasil\/slaughterhousecowshangingonhooksinthecoldhalfof-14\/\" data-orig-file=\"https:\/\/i0.wp.com\/opresenterural.com.br\/wp-content\/uploads\/2025\/08\/shutterstock_70279201.jpg?fit=1400%2C822&amp;ssl=1\" data-orig-size=\"1400,822\" data-comments-opened=\"0\" data-image-meta=\"{&quot;aperture&quot;:&quot;0&quot;,&quot;credit&quot;:&quot;Shutterstock&quot;,&quot;camera&quot;:&quot;&quot;,&quot;caption&quot;:&quot;slaughterhouse cows, hanging on hooks in the cold half of cows&quot;,&quot;created_timestamp&quot;:&quot;0&quot;,&quot;copyright&quot;:&quot;Copyright (c) 2011 pixelpeter\\\/Shutterstock.  No use without permission.&quot;,&quot;focal_length&quot;:&quot;0&quot;,&quot;iso&quot;:&quot;0&quot;,&quot;shutter_speed&quot;:&quot;0&quot;,&quot;title&quot;:&quot;Slaughterhouse,Cows,,Hanging,On,Hooks,In,The,Cold,Half,Of&quot;,&quot;orientation&quot;:&quot;1&quot;}\" data-image-title=\"carne bovina carne\" data-image-description=\"&lt;p&gt;Foto: Shutterstock&lt;\/p&gt;\" data-image-caption=\"&lt;p&gt;Foto: Shutterstock&lt;\/p&gt;\" data-medium-file=\"https:\/\/i0.wp.com\/opresenterural.com.br\/wp-content\/uploads\/2025\/08\/shutterstock_70279201.jpg?fit=300%2C176&amp;ssl=1\" data-large-file=\"https:\/\/i0.wp.com\/opresenterural.com.br\/wp-content\/uploads\/2025\/08\/shutterstock_70279201.jpg?fit=740%2C434&amp;ssl=1\" class=\"size-medium wp-image-189100\" src=\"https:\/\/i0.wp.com\/opresenterural.com.br\/wp-content\/uploads\/2025\/08\/shutterstock_70279201.jpg?resize=300%2C176&amp;ssl=1\" alt width=\"300\" height=\"176\" srcset=\"https:\/\/i0.wp.com\/opresenterural.com.br\/wp-content\/uploads\/2025\/08\/shutterstock_70279201.jpg?resize=300%2C176&amp;ssl=1 300w, https:\/\/i0.wp.com\/opresenterural.com.br\/wp-content\/uploads\/2025\/08\/shutterstock_70279201.jpg?resize=1024%2C601&amp;ssl=1 1024w, https:\/\/i0.wp.com\/opresenterural.com.br\/wp-content\/uploads\/2025\/08\/shutterstock_70279201.jpg?resize=768%2C451&amp;ssl=1 768w, https:\/\/i0.wp.com\/opresenterural.com.br\/wp-content\/uploads\/2025\/08\/shutterstock_70279201.jpg?resize=600%2C352&amp;ssl=1 600w, https:\/\/i0.wp.com\/opresenterural.com.br\/wp-content\/uploads\/2025\/08\/shutterstock_70279201.jpg?w=1400&amp;ssl=1 1400w\" sizes=\"(max-width: 300px) 100vw, 300px\"><\/p>\n<p id=\"caption-attachment-189100\" class=\"wp-caption-text\">Photos: Shutterstock<\/p>\n<\/div>\n<p>\u201cEsses n\u00fameros mostram, mais uma vez, a for\u00e7a da pecu\u00e1ria mato-grossense no cen\u00e1rio internacional. N\u00e3o se trata apenas de volume: estamos exportando uma carne cada vez mais competitiva, sustent\u00e1vel e alinhada \u00e0s exig\u00eancias dos principais mercados do mundo. O desempenho hist\u00f3rico de novembro comprova que o setor est\u00e1 preparado para crescer com responsabilidade, ampliando acesso a novos destinos e fortalecendo a confian\u00e7a global na carne produzida em Mato Grosso\u201d, afirma o diretor de Projetos do Instituto Mato-grossense da Carne (Imac), Bruno de Jesus Andrade.<\/p>\n<p>Segundo dados do Instituto Mato-grossense de Economia Agropecu\u00e1ria (Imea), o resultado foi impulsionado principalmente pelo aumento expressivo dos embarques para a China, que segue como principal destino e responde por 54,8% de toda a carne bovina exportada pelo estado em 2025. O pa\u00eds asi\u00e1tico mant\u00e9m forte demanda por prote\u00edna de alta qualidade, o que favorece a competitividade de Mato Grosso.<\/p>\n<p>Al\u00e9m da China, mercados como R\u00fassia e Chile ampliaram suas compras ao longo do ano. O movimento reflete, em parte, o ganho de competitividade da carne mato-grossense, beneficiada pela efici\u00eancia produtiva, rastreabilidade crescente e fortalecimento das pr\u00e1ticas socioambientais.<\/p>\n<p><img data-recalc-dims=\"1\" decoding=\"async\" data-attachment-id=\"165557\" data-permalink=\"https:\/\/opresenterural.com.br\/parana-firma-acordo-com-ministerio-da-agricultura-para-impulsionar-inovacao-no-setor\/carne-bovina-foto-divulgacao-ribeye-steak-angus-um-corte-especial-do-lombo-bovino-1-2\/\" data-orig-file=\"https:\/\/i0.wp.com\/opresenterural.com.br\/wp-content\/uploads\/2024\/12\/Carne-bovina-Foto-Divulga%C3%A7%C3%A3o-Ribeye-Steak-Angus-um-corte-especial-do-lombo-bovino-1.jpg?fit=1400%2C933&amp;ssl=1\" data-orig-size=\"1400,933\" data-comments-opened=\"0\" data-image-meta=\"{&quot;aperture&quot;:&quot;10&quot;,&quot;credit&quot;:&quot;&quot;,&quot;camera&quot;:&quot;Canon EOS R6&quot;,&quot;caption&quot;:&quot;&quot;,&quot;created_timestamp&quot;:&quot;1605123568&quot;,&quot;copyright&quot;:&quot;&quot;,&quot;focal_length&quot;:&quot;100&quot;,&quot;iso&quot;:&quot;2000&quot;,&quot;shutter_speed&quot;:&quot;0.016666666666667&quot;,&quot;title&quot;:&quot;&quot;,&quot;orientation&quot;:&quot;1&quot;}\" data-image-title=\"Carne bovina Foto Divulga\u00e7\u00e3o \u2013 Ribeye Steak Angus, um corte especial do lombo bovino (1)\" data-image-description data-image-caption=\"&lt;p&gt;Foto: Shutterstock&lt;\/p&gt;\" data-medium-file=\"https:\/\/i0.wp.com\/opresenterural.com.br\/wp-content\/uploads\/2024\/12\/Carne-bovina-Foto-Divulga%C3%A7%C3%A3o-Ribeye-Steak-Angus-um-corte-especial-do-lombo-bovino-1.jpg?fit=300%2C200&amp;ssl=1\" data-large-file=\"https:\/\/i0.wp.com\/opresenterural.com.br\/wp-content\/uploads\/2024\/12\/Carne-bovina-Foto-Divulga%C3%A7%C3%A3o-Ribeye-Steak-Angus-um-corte-especial-do-lombo-bovino-1.jpg?fit=740%2C493&amp;ssl=1\" class=\"size-medium wp-image-165557\" src=\"https:\/\/i0.wp.com\/opresenterural.com.br\/wp-content\/uploads\/2024\/12\/Carne-bovina-Foto-Divulga%C3%A7%C3%A3o-Ribeye-Steak-Angus-um-corte-especial-do-lombo-bovino-1.jpg?resize=300%2C200&amp;ssl=1\" alt width=\"300\" height=\"200\" srcset=\"https:\/\/i0.wp.com\/opresenterural.com.br\/wp-content\/uploads\/2024\/12\/Carne-bovina-Foto-Divulga%C3%A7%C3%A3o-Ribeye-Steak-Angus-um-corte-especial-do-lombo-bovino-1.jpg?resize=300%2C200&amp;ssl=1 300w, https:\/\/i0.wp.com\/opresenterural.com.br\/wp-content\/uploads\/2024\/12\/Carne-bovina-Foto-Divulga%C3%A7%C3%A3o-Ribeye-Steak-Angus-um-corte-especial-do-lombo-bovino-1.jpg?resize=1024%2C682&amp;ssl=1 1024w, https:\/\/i0.wp.com\/opresenterural.com.br\/wp-content\/uploads\/2024\/12\/Carne-bovina-Foto-Divulga%C3%A7%C3%A3o-Ribeye-Steak-Angus-um-corte-especial-do-lombo-bovino-1.jpg?resize=768%2C512&amp;ssl=1 768w, https:\/\/i0.wp.com\/opresenterural.com.br\/wp-content\/uploads\/2024\/12\/Carne-bovina-Foto-Divulga%C3%A7%C3%A3o-Ribeye-Steak-Angus-um-corte-especial-do-lombo-bovino-1.jpg?resize=600%2C400&amp;ssl=1 600w, https:\/\/i0.wp.com\/opresenterural.com.br\/wp-content\/uploads\/2024\/12\/Carne-bovina-Foto-Divulga%C3%A7%C3%A3o-Ribeye-Steak-Angus-um-corte-especial-do-lombo-bovino-1.jpg?w=1400&amp;ssl=1 1400w\" sizes=\"(max-width: 300px) 100vw, 300px\"><\/p>\n<p>\u201cQuando vemos China, R\u00fassia, Chile e outros mercados ampliando suas compras, isso significa que a carne mato-grossense est\u00e1 ganhando competitividade pela qualidade, pela previsibilidade e pela sustentabilidade do sistema produtivo. \u00c9 um momento que consolida o estado como protagonista global e abre espa\u00e7o para avan\u00e7armos ainda mais em valoriza\u00e7\u00e3o e diferencia\u00e7\u00e3o da nossa prote\u00edna\u201d, destaca Bruno Andrade.<\/p>\n<p>Al\u00e9m de impulsionar o setor produtivo, o desempenho hist\u00f3rico refor\u00e7a a import\u00e2ncia econ\u00f4mica da pecu\u00e1ria para Mato Grosso. Em 2025, o estado movimentou mais de US$ 3 bilh\u00f5es com exporta\u00e7\u00f5es de carnes, contribuindo para o super\u00e1vit da balan\u00e7a comercial brasileira e para a gera\u00e7\u00e3o de renda em toda a cadeia \u2014 da pecu\u00e1ria de corte \u00e0 ind\u00fastria frigor\u00edfica.<\/p>\n<\/div>\n<h6><em>THE <strong>Bela Cereais<\/strong> works with the best grains on the market and also keeps you up to date with the latest news and analyses on agribusiness.<br \/>\nDon&#039;t forget to follow our social networks.<\/em><\/h6>\n<p><a href=\"https:\/\/opresenterural.com.br\/mato-grosso-registra-maior-exportacao-de-carne-bovina-de-sua-historia\/\" target=\"_blank\" rel=\"noopener\">Access News Source <\/a><\/p>","protected":false},"excerpt":{"rendered":"<p>Mato Grosso encerrou novembro com o maior volume de exporta\u00e7\u00e3o de carne bovina j\u00e1 registrado&hellip;<\/p>","protected":false},"author":1,"featured_media":26399,"comment_status":"","ping_status":"","sticky":false,"template":"","format":"standard","meta":{"footnotes":""},"categories":[7],"tags":[],"class_list":["post-26398","post","type-post","status-publish","format-standard","has-post-thumbnail","hentry","category-exportacoes"],"_links":{"self":[{"href":"https:\/\/belacereais.com.br\/en\/wp-json\/wp\/v2\/posts\/26398","targetHints":{"allow":["GET"]}}],"collection":[{"href":"https:\/\/belacereais.com.br\/en\/wp-json\/wp\/v2\/posts"}],"about":[{"href":"https:\/\/belacereais.com.br\/en\/wp-json\/wp\/v2\/types\/post"}],"author":[{"embeddable":true,"href":"https:\/\/belacereais.com.br\/en\/wp-json\/wp\/v2\/users\/1"}],"replies":[{"embeddable":true,"href":"https:\/\/belacereais.com.br\/en\/wp-json\/wp\/v2\/comments?post=26398"}],"version-history":[{"count":0,"href":"https:\/\/belacereais.com.br\/en\/wp-json\/wp\/v2\/posts\/26398\/revisions"}],"wp:featuredmedia":[{"embeddable":true,"href":"https:\/\/belacereais.com.br\/en\/wp-json\/wp\/v2\/media\/26399"}],"wp:attachment":[{"href":"https:\/\/belacereais.com.br\/en\/wp-json\/wp\/v2\/media?parent=26398"}],"wp:term":[{"taxonomy":"category","embeddable":true,"href":"https:\/\/belacereais.com.br\/en\/wp-json\/wp\/v2\/categories?post=26398"},{"taxonomy":"post_tag","embeddable":true,"href":"https:\/\/belacereais.com.br\/en\/wp-json\/wp\/v2\/tags?post=26398"}],"curies":[{"name":"wp","href":"https:\/\/api.w.org\/{rel}","templated":true}]}}