{"id":26400,"date":"2025-12-12T16:53:49","date_gmt":"2025-12-12T20:53:49","guid":{"rendered":"https:\/\/belacereais.com.br\/2025\/centro-oeste\/expedicao-suinocultura-chega-ao-mato-grosso-do-sul-e-estreia-nova-temporada-da-serie-documental\/"},"modified":"2025-12-12T16:53:49","modified_gmt":"2025-12-12T20:53:49","slug":"expedicao-suinocultura-chega-ao-mato-grosso-do-sul-e-estreia-nova-temporada-da-serie-documental","status":"publish","type":"post","link":"https:\/\/belacereais.com.br\/en\/2025\/centro-oeste\/expedicao-suinocultura-chega-ao-mato-grosso-do-sul-e-estreia-nova-temporada-da-serie-documental\/","title":{"rendered":"Expedi\u00e7\u00e3o Suinocultura chega ao Mato Grosso do Sul e estreia nova temporada da s\u00e9rie documental"},"content":{"rendered":"<p><\/p>\n<div id=\"mvp-content-main\" class=\"left relative\">\n<p>A Expedi\u00e7\u00e3o Suinocultura: Rotas do Brasil abre um novo cap\u00edtulo no Mato Grosso do Sul, um dos estados que mais cresce na produ\u00e7\u00e3o de carne su\u00edna no pa\u00eds. O primeiro epis\u00f3dio da nova temporada j\u00e1 est\u00e1 no ar e marca o in\u00edcio de uma jornada que percorre propriedades, agroind\u00fastrias, institui\u00e7\u00f5es de pesquisa e hist\u00f3rias reais que ajudam a explicar o presente e o futuro da suinocultura sul-mato-grossense.<\/p>\n<p>Reconhecido pela for\u00e7a do agroneg\u00f3cio, pela disponibilidade de gr\u00e3os, pela presen\u00e7a de grandes plantas frigor\u00edficas e pelo avan\u00e7o tecnol\u00f3gico no campo, o Mato Grosso do Sul ocupa hoje uma posi\u00e7\u00e3o estrat\u00e9gica na cadeia suin\u00edcola nacional. \u00c9 nesse contexto que a s\u00e9rie documental se prop\u00f5e a ir al\u00e9m dos n\u00fameros, mostrando quem produz, como produz e quais s\u00e3o os desafios e oportunidades de uma atividade em plena transforma\u00e7\u00e3o.<\/p>\n<p>Neste primeiro epis\u00f3dio, a Expedi\u00e7\u00e3o apresenta o pano de fundo hist\u00f3rico e produtivo da suinocultura no estado, destacando a evolu\u00e7\u00e3o do sistema produtivo, o papel da integra\u00e7\u00e3o, os investimentos em sanidade, gen\u00e9tica e manejo, al\u00e9m da import\u00e2ncia da atividade para a gera\u00e7\u00e3o de renda, empregos e desenvolvimento regional. Tudo isso a partir de depoimentos reais de produtores, t\u00e9cnicos, lideran\u00e7as e profissionais que vivem a suinocultura no dia a dia.<\/p>\n<p>Produzida pelo jornal *O Presente Rural*, a s\u00e9rie mant\u00e9m o formato que j\u00e1 percorreu outros importantes polos do pa\u00eds, unindo jornalismo, document\u00e1rio e viv\u00eancia de campo. A equipe esteve nas estradas, nas granjas e nas plantas industriais para registrar, com profundidade e sensibilidade, os caminhos que constroem a suinocultura brasileira.<\/p>\n<p>A temporada Mato Grosso do Sul contar\u00e1 com quatro epis\u00f3dios, que ir\u00e3o abordar, ao longo das pr\u00f3ximas semanas, temas como panorama produtivo, tecnologia e inova\u00e7\u00e3o, sustentabilidade e meio ambiente, al\u00e9m dos desafios e perspectivas para o futuro da atividade no estado.<\/p>\n<p>O primeiro epis\u00f3dio da *Expedi\u00e7\u00e3o Suinocultura: Rotas do Brasil \u2013 Mato Grosso do Sul* j\u00e1 est\u00e1 dispon\u00edvel no canal do YouTube do jornal *O Presente Rural*. Uma viagem que come\u00e7a agora, guiada por quem faz da suinocultura muito mais do que um neg\u00f3cio: uma hist\u00f3ria constru\u00edda todos os dias no campo.<\/p>\n<\/div>\n<h6><em>THE <strong>Bela Cereais<\/strong> works with the best grains on the market in the Central West Region and also keeps you up to date with the latest news and analyses on agribusiness.<br \/>\nDon&#039;t forget to follow our social networks.<\/em><\/h6>\n<p><a href=\"https:\/\/opresenterural.com.br\/expedicao-suinocultura-chega-ao-mato-grosso-do-sul-e-estreia-nova-temporada-da-serie-documental\/\" target=\"_blank\" rel=\"noopener\">Access News Source <\/a><\/p>","protected":false},"excerpt":{"rendered":"<p>A Expedi\u00e7\u00e3o Suinocultura: Rotas do Brasil abre um novo cap\u00edtulo no Mato Grosso do Sul,&hellip;<\/p>","protected":false},"author":1,"featured_media":26401,"comment_status":"","ping_status":"","sticky":false,"template":"","format":"standard","meta":{"footnotes":""},"categories":[90],"tags":[],"class_list":["post-26400","post","type-post","status-publish","format-standard","has-post-thumbnail","hentry","category-centro-oeste"],"_links":{"self":[{"href":"https:\/\/belacereais.com.br\/en\/wp-json\/wp\/v2\/posts\/26400","targetHints":{"allow":["GET"]}}],"collection":[{"href":"https:\/\/belacereais.com.br\/en\/wp-json\/wp\/v2\/posts"}],"about":[{"href":"https:\/\/belacereais.com.br\/en\/wp-json\/wp\/v2\/types\/post"}],"author":[{"embeddable":true,"href":"https:\/\/belacereais.com.br\/en\/wp-json\/wp\/v2\/users\/1"}],"replies":[{"embeddable":true,"href":"https:\/\/belacereais.com.br\/en\/wp-json\/wp\/v2\/comments?post=26400"}],"version-history":[{"count":0,"href":"https:\/\/belacereais.com.br\/en\/wp-json\/wp\/v2\/posts\/26400\/revisions"}],"wp:featuredmedia":[{"embeddable":true,"href":"https:\/\/belacereais.com.br\/en\/wp-json\/wp\/v2\/media\/26401"}],"wp:attachment":[{"href":"https:\/\/belacereais.com.br\/en\/wp-json\/wp\/v2\/media?parent=26400"}],"wp:term":[{"taxonomy":"category","embeddable":true,"href":"https:\/\/belacereais.com.br\/en\/wp-json\/wp\/v2\/categories?post=26400"},{"taxonomy":"post_tag","embeddable":true,"href":"https:\/\/belacereais.com.br\/en\/wp-json\/wp\/v2\/tags?post=26400"}],"curies":[{"name":"wp","href":"https:\/\/api.w.org\/{rel}","templated":true}]}}