{"id":26402,"date":"2025-12-15T08:12:36","date_gmt":"2025-12-15T12:12:36","guid":{"rendered":"https:\/\/belacereais.com.br\/2025\/milho\/precos-do-milho-recuam-diante-da-demanda-interna-enfraquecida\/"},"modified":"2025-12-15T08:12:36","modified_gmt":"2025-12-15T12:12:36","slug":"precos-do-milho-recuam-diante-da-demanda-interna-enfraquecida","status":"publish","type":"post","link":"https:\/\/belacereais.com.br\/en\/2025\/milho\/precos-do-milho-recuam-diante-da-demanda-interna-enfraquecida\/","title":{"rendered":"Pre\u00e7os do milho recuam diante da demanda interna enfraquecida"},"content":{"rendered":"<p><\/p>\n<div id=\"mvp-content-main\" class=\"left relative\">\n<p>Embora tenham iniciado a \u00faltima semana em patamares maiores, os pre\u00e7os do milho ca\u00edram ao longo do per\u00edodo, conforme aponta levantamento do Cepea.<\/p>\n<p>Segundo o Centro de Pesquisas, o enfraquecimento da demanda interna explica os recuos, parte dos consumidores realizou compra antecipada e, diante disso, se afastou das negocia\u00e7\u00f5es no spot.<\/p>\n<p>Al\u00e9m disso, estimativas seguem apontando oferta nacional elevada na safra 2025\/26, o que refor\u00e7ou a press\u00e3o sobre os valores dom\u00e9sticos.<\/p>\n<div id=\"attachment_186431\" style=\"width: 310px\" class=\"wp-caption alignleft\"><img fetchpriority=\"high\" data-recalc-dims=\"1\" decoding=\"async\" aria-describedby=\"caption-attachment-186431\" data-attachment-id=\"186431\" data-permalink=\"https:\/\/opresenterural.com.br\/adesao-obrigatoria-a-nota-fiscal-eletronica-do-produtor-rural-e-adiada-para-2026\/colheita-de-milho-2021-foto-gilson-abreu-aen-33\/\" data-orig-file=\"https:\/\/i0.wp.com\/opresenterural.com.br\/wp-content\/uploads\/2025\/07\/colheita_milho002-foto-gilson-abreu-AEN.jpg?fit=1400%2C933&amp;ssl=1\" data-orig-size=\"1400,933\" data-comments-opened=\"0\" data-image-meta=\"{&quot;aperture&quot;:&quot;14&quot;,&quot;credit&quot;:&quot;Gilson Abreu\\\/AEN&quot;,&quot;camera&quot;:&quot;Canon EOS 6D&quot;,&quot;caption&quot;:&quot;Colheita de milho - 2021. Foto: Gilson Abreu\\\/AEN&quot;,&quot;created_timestamp&quot;:&quot;1614086477&quot;,&quot;copyright&quot;:&quot;&quot;,&quot;focal_length&quot;:&quot;105&quot;,&quot;iso&quot;:&quot;100&quot;,&quot;shutter_speed&quot;:&quot;0.0125&quot;,&quot;title&quot;:&quot;Colheita de milho - 2021. Foto: Gilson Abreu\\\/AEN&quot;,&quot;orientation&quot;:&quot;1&quot;}\" data-image-title=\"Colheita de milho \u2013 2021. Foto: Gilson Abreu\/AEN\" data-image-description data-image-caption=\"&lt;p&gt;Foto: Gilson Abreu&lt;\/p&gt;\" data-medium-file=\"https:\/\/i0.wp.com\/opresenterural.com.br\/wp-content\/uploads\/2025\/07\/colheita_milho002-foto-gilson-abreu-AEN.jpg?fit=300%2C200&amp;ssl=1\" data-large-file=\"https:\/\/i0.wp.com\/opresenterural.com.br\/wp-content\/uploads\/2025\/07\/colheita_milho002-foto-gilson-abreu-AEN.jpg?fit=740%2C493&amp;ssl=1\" class=\"size-medium wp-image-186431\" src=\"https:\/\/i0.wp.com\/opresenterural.com.br\/wp-content\/uploads\/2025\/07\/colheita_milho002-foto-gilson-abreu-AEN.jpg?resize=300%2C200&amp;ssl=1\" alt width=\"300\" height=\"200\" srcset=\"https:\/\/i0.wp.com\/opresenterural.com.br\/wp-content\/uploads\/2025\/07\/colheita_milho002-foto-gilson-abreu-AEN.jpg?resize=300%2C200&amp;ssl=1 300w, https:\/\/i0.wp.com\/opresenterural.com.br\/wp-content\/uploads\/2025\/07\/colheita_milho002-foto-gilson-abreu-AEN.jpg?resize=1024%2C682&amp;ssl=1 1024w, https:\/\/i0.wp.com\/opresenterural.com.br\/wp-content\/uploads\/2025\/07\/colheita_milho002-foto-gilson-abreu-AEN.jpg?resize=768%2C512&amp;ssl=1 768w, https:\/\/i0.wp.com\/opresenterural.com.br\/wp-content\/uploads\/2025\/07\/colheita_milho002-foto-gilson-abreu-AEN.jpg?resize=600%2C400&amp;ssl=1 600w, https:\/\/i0.wp.com\/opresenterural.com.br\/wp-content\/uploads\/2025\/07\/colheita_milho002-foto-gilson-abreu-AEN.jpg?w=1400&amp;ssl=1 1400w\" sizes=\"(max-width: 300px) 100vw, 300px\"><\/p>\n<p id=\"caption-attachment-186431\" class=\"wp-caption-text\">Photo: Gilson Abreu<\/p>\n<\/div>\n<p>Do lado vendedor, pesquisadores do Cepea afirmam que muitos est\u00e3o retra\u00eddos das negocia\u00e7\u00f5es, com expectativas de rea\u00e7\u00e3o nos pre\u00e7os no come\u00e7o de 2026, fundamentados na possibilidade do retorno dos compradores, ap\u00f3s o recesso de parte das empresas no final do ano.<\/p>\n<p>No campo, o retorno das chuvas em importantes regi\u00f5es produtoras trouxe al\u00edvio aos agricultores, que estavam temerosos quanto ao impacto do clima sobre o desenvolvimento das lavouras de ver\u00e3o e sobre a semeadura da segunda safra.<\/p>\n<p>Em relat\u00f3rio divulgado na \u00faltima semana, a Conab estimou a produ\u00e7\u00e3o da safra brasileira 2025\/26 em 138,87 milh\u00f5es de toneladas, leve queda de 1,5% frente \u00e0 da temporada anterior, mas ainda a segunda maior da s\u00e9rie hist\u00f3rica da Companhia, iniciada em 1976.<\/p>\n<\/div>\n<h6><em>THE <strong>Bela Cereais<\/strong> works with the best grains on the market and also keeps you up to date with the latest news and analyses on agribusiness.<br \/>\nDon&#039;t forget to follow our social networks.<\/em><\/h6>\n<p><a href=\"https:\/\/opresenterural.com.br\/precos-do-milho-recuam-diante-da-demanda-interna-enfraquecida\/\" target=\"_blank\" rel=\"noopener\">Access News Source <\/a><\/p>","protected":false},"excerpt":{"rendered":"<p>Embora tenham iniciado a \u00faltima semana em patamares maiores, os pre\u00e7os do milho ca\u00edram ao&hellip;<\/p>","protected":false},"author":1,"featured_media":25840,"comment_status":"","ping_status":"","sticky":false,"template":"","format":"standard","meta":{"footnotes":""},"categories":[223],"tags":[],"class_list":["post-26402","post","type-post","status-publish","format-standard","has-post-thumbnail","hentry","category-milho"],"_links":{"self":[{"href":"https:\/\/belacereais.com.br\/en\/wp-json\/wp\/v2\/posts\/26402","targetHints":{"allow":["GET"]}}],"collection":[{"href":"https:\/\/belacereais.com.br\/en\/wp-json\/wp\/v2\/posts"}],"about":[{"href":"https:\/\/belacereais.com.br\/en\/wp-json\/wp\/v2\/types\/post"}],"author":[{"embeddable":true,"href":"https:\/\/belacereais.com.br\/en\/wp-json\/wp\/v2\/users\/1"}],"replies":[{"embeddable":true,"href":"https:\/\/belacereais.com.br\/en\/wp-json\/wp\/v2\/comments?post=26402"}],"version-history":[{"count":0,"href":"https:\/\/belacereais.com.br\/en\/wp-json\/wp\/v2\/posts\/26402\/revisions"}],"wp:featuredmedia":[{"embeddable":true,"href":"https:\/\/belacereais.com.br\/en\/wp-json\/wp\/v2\/media\/25840"}],"wp:attachment":[{"href":"https:\/\/belacereais.com.br\/en\/wp-json\/wp\/v2\/media?parent=26402"}],"wp:term":[{"taxonomy":"category","embeddable":true,"href":"https:\/\/belacereais.com.br\/en\/wp-json\/wp\/v2\/categories?post=26402"},{"taxonomy":"post_tag","embeddable":true,"href":"https:\/\/belacereais.com.br\/en\/wp-json\/wp\/v2\/tags?post=26402"}],"curies":[{"name":"wp","href":"https:\/\/api.w.org\/{rel}","templated":true}]}}