{"id":26403,"date":"2025-12-15T08:28:51","date_gmt":"2025-12-15T12:28:51","guid":{"rendered":"https:\/\/belacereais.com.br\/2025\/safra\/plano-clima-define-metas-e-estrategias-para-a-transicao-sustentavel-do-agro-ate-2050\/"},"modified":"2025-12-15T08:28:51","modified_gmt":"2025-12-15T12:28:51","slug":"plano-clima-define-metas-e-estrategias-para-a-transicao-sustentavel-do-agro-ate-2050","status":"publish","type":"post","link":"https:\/\/belacereais.com.br\/en\/2025\/safra\/plano-clima-define-metas-e-estrategias-para-a-transicao-sustentavel-do-agro-ate-2050\/","title":{"rendered":"Plano Clima define metas e estrat\u00e9gias para a transi\u00e7\u00e3o sustent\u00e1vel do agro at\u00e9 2050"},"content":{"rendered":"<p><\/p>\n<div id=\"mvp-content-main\" class=\"left relative\">\n<p>O objetivo do Plano Clima \u00e9 orientar, promover, implementar e monitorar a\u00e7\u00f5es coordenadas que visem \u00e0 transi\u00e7\u00e3o para uma economia com emiss\u00f5es l\u00edquidas zero de gases de efeito estufa (GEE) at\u00e9 2050 e \u00e0 adapta\u00e7\u00e3o de sistemas humanos e naturais \u00e0 mudan\u00e7a do clima, por meio de estrat\u00e9gias de curto, m\u00e9dio e longo prazo, \u00e0 luz do desenvolvimento sustent\u00e1vel e da justi\u00e7a clim\u00e1tica, por meio dos planos setoriais de mitiga\u00e7\u00e3o e de adapta\u00e7\u00e3o \u00e0 mudan\u00e7a do clima.<\/p>\n<p>O ministro Carlos F\u00e1varo refor\u00e7ou que todo o processo da elabora\u00e7\u00e3o do Plano Clima para o setor agropecu\u00e1rio foi constru\u00eddo com responsabilidade, transpar\u00eancia e participa\u00e7\u00e3o do setor produtivo e da sociedade. Ele lembrou que, ao longo das negocia\u00e7\u00f5es, manteve a verdade e a transpar\u00eancia como pilares.<\/p>\n<div id=\"attachment_178821\" style=\"width: 310px\" class=\"wp-caption alignright\"><img fetchpriority=\"high\" data-recalc-dims=\"1\" decoding=\"async\" aria-describedby=\"caption-attachment-178821\" data-attachment-id=\"178821\" data-permalink=\"https:\/\/opresenterural.com.br\/no-dia-nacional-da-conservacao-do-solo-iat-reforca-dicas-de-preservacao\/fernandes-pinheiro-04-de-agosto-drone-com-plantacoes-variadas-2\/\" data-orig-file=\"https:\/\/i0.wp.com\/opresenterural.com.br\/wp-content\/uploads\/2025\/04\/campo-vista-aerea-Foto-Roberto-Dziura-Jr.jpg?fit=1400%2C933&amp;ssl=1\" data-orig-size=\"1400,933\" data-comments-opened=\"0\" data-image-meta=\"{&quot;aperture&quot;:&quot;2.8&quot;,&quot;credit&quot;:&quot;Roberto Dziura Jr.&quot;,&quot;camera&quot;:&quot;FC7303&quot;,&quot;caption&quot;:&quot;Fernandes Pinheiro, 04 de agosto - Drone com planta\\u00e7\\u00f5es variadas.&quot;,&quot;created_timestamp&quot;:&quot;1691083751&quot;,&quot;copyright&quot;:&quot;&quot;,&quot;focal_length&quot;:&quot;4.49&quot;,&quot;iso&quot;:&quot;100&quot;,&quot;shutter_speed&quot;:&quot;0.005&quot;,&quot;title&quot;:&quot;Fernandes Pinheiro, 04 de agosto - Drone com planta\\u00e7\\u00f5es variadas.&quot;,&quot;orientation&quot;:&quot;1&quot;}\" data-image-title=\"Fernandes Pinheiro, 04 de agosto \u2013 Drone com planta\u00e7\u00f5es variadas.\" data-image-description data-image-caption=\"&lt;p&gt;Foto: Roberto Dziura&lt;\/p&gt;\" data-medium-file=\"https:\/\/i0.wp.com\/opresenterural.com.br\/wp-content\/uploads\/2025\/04\/campo-vista-aerea-Foto-Roberto-Dziura-Jr.jpg?fit=300%2C200&amp;ssl=1\" data-large-file=\"https:\/\/i0.wp.com\/opresenterural.com.br\/wp-content\/uploads\/2025\/04\/campo-vista-aerea-Foto-Roberto-Dziura-Jr.jpg?fit=740%2C493&amp;ssl=1\" class=\"size-medium wp-image-178821\" src=\"https:\/\/i0.wp.com\/opresenterural.com.br\/wp-content\/uploads\/2025\/04\/campo-vista-aerea-Foto-Roberto-Dziura-Jr.jpg?resize=300%2C200&amp;ssl=1\" alt width=\"300\" height=\"200\" srcset=\"https:\/\/i0.wp.com\/opresenterural.com.br\/wp-content\/uploads\/2025\/04\/campo-vista-aerea-Foto-Roberto-Dziura-Jr.jpg?resize=300%2C200&amp;ssl=1 300w, https:\/\/i0.wp.com\/opresenterural.com.br\/wp-content\/uploads\/2025\/04\/campo-vista-aerea-Foto-Roberto-Dziura-Jr.jpg?resize=1024%2C682&amp;ssl=1 1024w, https:\/\/i0.wp.com\/opresenterural.com.br\/wp-content\/uploads\/2025\/04\/campo-vista-aerea-Foto-Roberto-Dziura-Jr.jpg?resize=768%2C512&amp;ssl=1 768w, https:\/\/i0.wp.com\/opresenterural.com.br\/wp-content\/uploads\/2025\/04\/campo-vista-aerea-Foto-Roberto-Dziura-Jr.jpg?resize=600%2C400&amp;ssl=1 600w, https:\/\/i0.wp.com\/opresenterural.com.br\/wp-content\/uploads\/2025\/04\/campo-vista-aerea-Foto-Roberto-Dziura-Jr.jpg?w=1400&amp;ssl=1 1400w\" sizes=\"(max-width: 300px) 100vw, 300px\"><\/p>\n<p id=\"caption-attachment-178821\" class=\"wp-caption-text\">Photo: Roberto Dziura<\/p>\n<\/div>\n<p>A constru\u00e7\u00e3o do Plano Clima foi iniciada em 2023, no \u00e2mbito do Comit\u00ea Interministerial sobre Mudan\u00e7a do Clima (CIM) e do Subcomit\u00ea-Executivo (Subex). Desde ent\u00e3o, o Governo Federal estruturou um processo cont\u00ednuo de di\u00e1logo t\u00e9cnico e pol\u00edtico com entidades setoriais, especialistas, parlamentares e demais \u00e1reas do governo. O Subex, coordenado pela Casa Civil da Presid\u00eancia da Rep\u00fablica e com secretaria executiva do Minist\u00e9rio do Meio Ambiente e Mudan\u00e7as do Clima (MMA), re\u00fane secret\u00e1rios e dirigentes de minist\u00e9rios estrat\u00e9gicos.<\/p>\n<p>Em agosto, o Mapa sediou reuni\u00e3o com a presidente do Instituto Pensar Agropecu\u00e1ria (IPA), Tania Zanella e representantes da Frente Parlamentar da Agropecu\u00e1ria (FPA). Na ocasi\u00e3o, ficou definido que o ex-ministro Roberto Rodrigues seria o ponto focal do setor para as negocia\u00e7\u00f5es do Plano Clima. F\u00e1varo destacou que essa decis\u00e3o trouxe organiza\u00e7\u00e3o e agilidade \u00e0s discuss\u00f5es: \u201cQuando cada entidade fala por si, ningu\u00e9m chega a lugar nenhum. Era preciso ter lideran\u00e7a t\u00e9cnica, e o setor escolheu o Roberto Rodrigues para isso\u201d, ressaltou.<\/p>\n<p>O ministro tamb\u00e9m recordou a participa\u00e7\u00e3o na COP30, em Bel\u00e9m (PA), onde reafirmou o compromisso do Brasil com pr\u00e1ticas agr\u00edcolas sustent\u00e1veis. \u201cFizemos a melhor participa\u00e7\u00e3o da agropecu\u00e1ria em todas as COPs. Levamos ci\u00eancia, dados e compromisso real com a sustentabilidade\u201d, afirmou.<\/p>\n<p>Ao tratar das caracter\u00edsticas espec\u00edficas da agricultura no Plano Clima, F\u00e1varo ressaltou que o setor \u00e9 o \u00fanico capaz de sequestrar carbono em larga escala. \u201cTodos os setores precisam mitigar emiss\u00f5es; a agropecu\u00e1ria, al\u00e9m de mitigar, pode sequestrar carbono pela fotoss\u00edntese e pela recupera\u00e7\u00e3o de \u00e1reas degradadas\u201d, destacou o ministro Carlos F\u00e1varo.<\/p>\n<p>Entre agosto e dezembro, o Governo Federal promoveu consulta p\u00fablica das Estrat\u00e9gias Transversais e Planos Setoriais do Plano Clima, ampliando a participa\u00e7\u00e3o social e garantindo maior transpar\u00eancia e legitimidade ao processo.<\/p>\n<p>A consulta p\u00fablica do Plano Setorial de Agricultura e Pecu\u00e1ria retornou com 443 contribui\u00e7\u00f5es e questionamentos, demonstrando o interesse da sociedade no tema. Em aten\u00e7\u00e3o \u00e0s contribui\u00e7\u00f5es, as equipes t\u00e9cnicas do Plano Clima trabalharam no sentido de buscar solu\u00e7\u00f5es com bases cient\u00edficas e construir di\u00e1logos de forma a atender aos anseios dos segmentos envolvidos, considerando as diversas dimens\u00f5es de impactos que a pol\u00edtica p\u00fablica pode gerar.<\/p>\n<p>A configura\u00e7\u00e3o dos Planos Setoriais foi revisitada e as a\u00e7\u00f5es distribu\u00eddas entre tr\u00eas Planos Setoriais de Mitiga\u00e7\u00e3o (PSM):<\/p>\n<p>1. PSM de Agricultura e Pecu\u00e1ria, que abrange as a\u00e7\u00f5es relacionadas ao fortalecimento e moderniza\u00e7\u00e3o das pr\u00e1ticas agropecu\u00e1rias, com amplia\u00e7\u00e3o da ado\u00e7\u00e3o de pr\u00e1ticas sustent\u00e1veis do Plano ABC+, buscando aumentar a produtividade e a produ\u00e7\u00e3o, com uso mais eficiente de recursos naturais e com menores emiss\u00f5es de GEE, sob responsabilidade do Mapa, MDA e MPA.<\/p>\n<p>2. PSM de Mudan\u00e7as do uso da terra em \u00c1reas Rurais Privadas, que busca redu\u00e7\u00e3o das emiss\u00f5es por supress\u00f5es de vegeta\u00e7\u00e3o nativa em im\u00f3veis rurais e aumento das remo\u00e7\u00f5es por recupera\u00e7\u00e3o de vegeta\u00e7\u00e3o nativa, al\u00e9m de outras mudan\u00e7as de uso da terra em \u00e1reas privadas, como incentivo ao plantio de florestas, recupera\u00e7\u00e3o e convers\u00e3o de \u00e1reas degradadas e manejo conservacionista do solo e amplia\u00e7\u00e3o de sistemas produtivos integrados e agroecol\u00f3gicos, sob responsabilidade da Casa Civil, MMA, Mapa e MDA.<\/p>\n<p>3. PSM Mudan\u00e7as do uso da terra em \u00c1reas P\u00fablicas e Territ\u00f3rios Coletivos, que trata das emiss\u00f5es e remo\u00e7\u00f5es de mudan\u00e7a do uso do solo (Supress\u00e3o da Vegeta\u00e7\u00e3o Nativa, Recupera\u00e7\u00e3o da Vegeta\u00e7\u00e3o Nativa, Manuten\u00e7\u00e3o VN) em Unidades de Conserva\u00e7\u00e3o, Terras Ind\u00edgenas, Territ\u00f3rios Quilombolas, Assentamentos Rurais, \u00c1reas p\u00fablicas n\u00e3o destinadas e \u00e1reas no chamado \u201cvazio de Informa\u00e7\u00e3o geogr\u00e1fica\u201d, sob responsabilidade do MMA e MDA.<\/p>\n<p>Na \u00faltima quarta-feira (10), a s\u00e9tima reuni\u00e3o ordin\u00e1ria do Subex\/CIM consolidou o alinhamento final, garantindo que as demandas do setor agropecu\u00e1rio foram incorporadas aos textos. O Governo e o setor privado chegaram a um consenso ap\u00f3s diversas rodadas de negocia\u00e7\u00e3o.<\/p>\n<p>O ministro F\u00e1varo destacou que todas as discuss\u00f5es ocorreram com tranquilidade. \u201cNegociamos ponto a ponto, com responsabilidade. A equipe do Meio Ambiente foi compreensiva, ouviu nossos argumentos e chegamos a um bom termo\u201d, salientou.<\/p>\n<p>Com a conclus\u00e3o do alinhamento, o documento ser\u00e1 apresentado aos ministros durante a reuni\u00e3o do Comit\u00ea Interministerial sobre Mudan\u00e7a do Clima.<\/p>\n<\/div>\n<h6><em>THE <strong>Bela Cereais<\/strong> works with the best grains on the market and also keeps you up to date with the latest news and analyses on agribusiness.<br \/>\nDon&#039;t forget to follow our social networks.<\/em><\/h6>\n<p><a href=\"https:\/\/opresenterural.com.br\/plano-clima-define-metas-e-estrategias-para-a-transicao-sustentavel-do-agro-ate-2050\/\" target=\"_blank\" rel=\"noopener\">Access News Source <\/a><\/p>","protected":false},"excerpt":{"rendered":"<p>O objetivo do Plano Clima \u00e9 orientar, promover, implementar e monitorar a\u00e7\u00f5es coordenadas que visem&hellip;<\/p>","protected":false},"author":1,"featured_media":26404,"comment_status":"","ping_status":"","sticky":false,"template":"","format":"standard","meta":{"footnotes":""},"categories":[258],"tags":[],"class_list":["post-26403","post","type-post","status-publish","format-standard","has-post-thumbnail","hentry","category-safra"],"_links":{"self":[{"href":"https:\/\/belacereais.com.br\/en\/wp-json\/wp\/v2\/posts\/26403","targetHints":{"allow":["GET"]}}],"collection":[{"href":"https:\/\/belacereais.com.br\/en\/wp-json\/wp\/v2\/posts"}],"about":[{"href":"https:\/\/belacereais.com.br\/en\/wp-json\/wp\/v2\/types\/post"}],"author":[{"embeddable":true,"href":"https:\/\/belacereais.com.br\/en\/wp-json\/wp\/v2\/users\/1"}],"replies":[{"embeddable":true,"href":"https:\/\/belacereais.com.br\/en\/wp-json\/wp\/v2\/comments?post=26403"}],"version-history":[{"count":0,"href":"https:\/\/belacereais.com.br\/en\/wp-json\/wp\/v2\/posts\/26403\/revisions"}],"wp:featuredmedia":[{"embeddable":true,"href":"https:\/\/belacereais.com.br\/en\/wp-json\/wp\/v2\/media\/26404"}],"wp:attachment":[{"href":"https:\/\/belacereais.com.br\/en\/wp-json\/wp\/v2\/media?parent=26403"}],"wp:term":[{"taxonomy":"category","embeddable":true,"href":"https:\/\/belacereais.com.br\/en\/wp-json\/wp\/v2\/categories?post=26403"},{"taxonomy":"post_tag","embeddable":true,"href":"https:\/\/belacereais.com.br\/en\/wp-json\/wp\/v2\/tags?post=26403"}],"curies":[{"name":"wp","href":"https:\/\/api.w.org\/{rel}","templated":true}]}}