{"id":26407,"date":"2025-12-15T15:05:58","date_gmt":"2025-12-15T19:05:58","guid":{"rendered":"https:\/\/belacereais.com.br\/2025\/centro-oeste\/goias-proibe-venda-de-leite-liquido-feito-a-partir-de-leite-em-po-importado\/"},"modified":"2025-12-15T15:05:58","modified_gmt":"2025-12-15T19:05:58","slug":"goias-proibe-venda-de-leite-liquido-feito-a-partir-de-leite-em-po-importado","status":"publish","type":"post","link":"https:\/\/belacereais.com.br\/en\/2025\/centro-oeste\/goias-proibe-venda-de-leite-liquido-feito-a-partir-de-leite-em-po-importado\/","title":{"rendered":"Goi\u00e1s pro\u00edbe venda de leite l\u00edquido feito a partir de leite em p\u00f3 importado"},"content":{"rendered":"<p><\/p>\n<div class=\"materia\">\n<p>O governador Ronaldo Caiado sancionou a Lei n\u00ba 23.928\/2025, que pro\u00edbe a reconstitui\u00e7\u00e3o de leite em p\u00f3 importado para comercializa\u00e7\u00e3o como leite fluido em Goi\u00e1s. A nova legisla\u00e7\u00e3o atende a uma reivindica\u00e7\u00e3o da cadeia produtiva, diante do avan\u00e7o das importa\u00e7\u00f5es, especialmente de pa\u00edses do Mercosul que v\u00eam pressionando a competitividade do produtor local e levantando alertas sobre a origem e a qualidade do produto ofertado ao consumidor.<\/p>\n<p>\u201cEssa \u00e9 uma iniciativa determinante para a manuten\u00e7\u00e3o dos empregos na cadeia produtiva do leite, para a prote\u00e7\u00e3o dos pequenos produtores e, principalmente, para a popula\u00e7\u00e3o: que ter\u00e1 sempre um produto de alto valor nutricional, com padr\u00e3o de qualidade e brasileiro em sua casa\u201d, destacou o governador Ronaldo Caiado, considerando que a reconstitui\u00e7\u00e3o de leite em p\u00f3 para leite fluido \u00e9 o processo de adicionar \u00e1gua ao leite em p\u00f3 para obter um produto l\u00edquido destinado \u00e0 comercializa\u00e7\u00e3o.<\/p>\n<p>A proibi\u00e7\u00e3o vale para ind\u00fastrias, latic\u00ednios e qualquer pessoa jur\u00eddica estabelecida no Estado. O objetivo da nova legisla\u00e7\u00e3o \u00e9 garantir transpar\u00eancia, qualidade e respeito ao produto goiano. As empresas que descumprirem a norma estar\u00e3o sujeitas a multas, apreens\u00e3o do produto e at\u00e9 suspens\u00e3o do registro sanit\u00e1rio. \u201cEssa lei \u00e9 mais um passo na defesa da nossa agropecu\u00e1ria, do nosso emprego no campo e tamb\u00e9m da qualidade do alimento que chega \u00e0 mesa do nosso povo\u201d\u2019, acrescentou o chefe do Executivo goiano.<\/p>\n<p>Proposto pelo deputado estadual Amauri Ribeiro, o projeto \u00e9 uma resposta direta \u00e0s demandas do setor. \u201cEssa lei assegura maior controle sanit\u00e1rio e evita que pequenos produtores abandonem a cadeia l\u00e1ctea\u201d, afirmou o parlamentar.<\/p>\n<div id=\"uolpd-video-inarticle\"><\/div>\n<p>\n<strong>Imports<\/strong><\/p>\n<p>A aus\u00eancia de regras espec\u00edficas para o uso de leite em p\u00f3 importado levou, em 2024, \u00e0 entrada de 649 toneladas do produto em Goi\u00e1s, equivalente a 0,35% do volume adquirido pelo Brasil, sendo na sua totalidade de pa\u00edses do Mercosul. Esse movimento representou US$ 1,99 milh\u00e3o que deixaram de circular na economia goiana e que poderiam ter sido direcionados aos produtores de leite e ao com\u00e9rcio do estado.<\/p>\n<\/p><\/div>\n<h6><em>THE <strong>Bela Cereais<\/strong> works with the best grains on the market in the Central West Region and also keeps you up to date with the latest news and analyses on agribusiness.<br \/>\nDon&#039;t forget to follow our social networks.<\/em><\/h6>\n<p><a href=\"https:\/\/www.noticiasagricolas.com.br\/noticias\/leite\/412565-goias-proibe-venda-de-leite-liquido-feito-a-partir-de-leite-em-po-importado.html?utm_source=parceiros&#038;utm_medium=rss\" target=\"_blank\" rel=\"noopener\">Access News Source <\/a><\/p>","protected":false},"excerpt":{"rendered":"<p>O governador Ronaldo Caiado sancionou a Lei n\u00ba 23.928\/2025, que pro\u00edbe a reconstitui\u00e7\u00e3o de leite&hellip;<\/p>","protected":false},"author":1,"featured_media":25625,"comment_status":"","ping_status":"","sticky":false,"template":"","format":"standard","meta":{"footnotes":""},"categories":[90],"tags":[240,239],"class_list":["post-26407","post","type-post","status-publish","format-standard","has-post-thumbnail","hentry","category-centro-oeste","tag-agricultura","tag-agronegocio"],"_links":{"self":[{"href":"https:\/\/belacereais.com.br\/en\/wp-json\/wp\/v2\/posts\/26407","targetHints":{"allow":["GET"]}}],"collection":[{"href":"https:\/\/belacereais.com.br\/en\/wp-json\/wp\/v2\/posts"}],"about":[{"href":"https:\/\/belacereais.com.br\/en\/wp-json\/wp\/v2\/types\/post"}],"author":[{"embeddable":true,"href":"https:\/\/belacereais.com.br\/en\/wp-json\/wp\/v2\/users\/1"}],"replies":[{"embeddable":true,"href":"https:\/\/belacereais.com.br\/en\/wp-json\/wp\/v2\/comments?post=26407"}],"version-history":[{"count":0,"href":"https:\/\/belacereais.com.br\/en\/wp-json\/wp\/v2\/posts\/26407\/revisions"}],"wp:featuredmedia":[{"embeddable":true,"href":"https:\/\/belacereais.com.br\/en\/wp-json\/wp\/v2\/media\/25625"}],"wp:attachment":[{"href":"https:\/\/belacereais.com.br\/en\/wp-json\/wp\/v2\/media?parent=26407"}],"wp:term":[{"taxonomy":"category","embeddable":true,"href":"https:\/\/belacereais.com.br\/en\/wp-json\/wp\/v2\/categories?post=26407"},{"taxonomy":"post_tag","embeddable":true,"href":"https:\/\/belacereais.com.br\/en\/wp-json\/wp\/v2\/tags?post=26407"}],"curies":[{"name":"wp","href":"https:\/\/api.w.org\/{rel}","templated":true}]}}