{"id":26412,"date":"2025-12-16T12:54:36","date_gmt":"2025-12-16T16:54:36","guid":{"rendered":"https:\/\/belacereais.com.br\/2025\/centro-oeste\/imea-estima-aumento-no-plantio-de-milho-em-mato-grosso-mas-producao-menor\/"},"modified":"2025-12-16T12:54:36","modified_gmt":"2025-12-16T16:54:36","slug":"imea-estima-aumento-no-plantio-de-milho-em-mato-grosso-mas-producao-menor","status":"publish","type":"post","link":"https:\/\/belacereais.com.br\/en\/2025\/centro-oeste\/imea-estima-aumento-no-plantio-de-milho-em-mato-grosso-mas-producao-menor\/","title":{"rendered":"Imea estima aumento no plantio de milho em Mato Grosso, mas produ\u00e7\u00e3o menor"},"content":{"rendered":"<p><\/p>\n<div class=\"materia\">\n<p><img decoding=\"async\" alt=\"Logotipo Not\u00edcias Agr\u00edcolas\" height=\"21\" src=\"https:\/\/cdn.noticiasagricolas.com.br\/dbimagens\/e12363a00741f9cc7caf23469101a4aa.png\" width=\"106\"><\/p>\n<p>O\u00a0Imea\u00a0(Instituto Mato-Grossense de Economia Agropecu\u00e1ria) divulgou relat\u00f3rio apontando atualiza\u00e7\u00f5es sobre a safra de milho no estado. O levantamento destaca que\u00a0o Mato Grosso dever\u00e1 plantar 7,39 milh\u00f5es de hectares com milho na safra 2025\/26, o que representaria um aumento de 1,83% ante a temporada 2024\/25.\u00a0<\/p>\n<p>\u201cA expans\u00e3o no campo de cultivo \u00e9 impulsionada pela maior demanda interna do cereal, que sustenta a valoriza\u00e7\u00e3o dos pre\u00e7os e incentiva o produtor a ampliar sua \u00e1rea agr\u00edcola\u201d, explicam os t\u00e9cnicos do\u00a0Imea.\u00a0<\/p>\n<p>Por outro lado, a publica\u00e7\u00e3o destaca que \u201co cen\u00e1rio de custos de produ\u00e7\u00e3o mais elevados, especialmente dos insumos, imp\u00f5e uma maior cautela na tomada de decis\u00e3o, limitando a maior expans\u00e3o na \u00e1rea cultivada\u201d.\u00a0<\/p>\n<div id=\"uolpd-video-inarticle\"><\/div>\n<p>Olhando para a produtividade, o Instituto utilizou como metodologia m\u00e9dias hist\u00f3ricas, apontando um\u00a0rendimento que corresponde \u00e0 m\u00e9dia das \u00faltimas tr\u00eas safras, que resultou em 116,61 sacas por hectare, uma redu\u00e7\u00e3o de 6,70% em rela\u00e7\u00e3o ao \u00faltimo ciclo.\u00a0<\/p>\n<p>\u201cEssa retra\u00e7\u00e3o \u00e9 motivada pelo resultado recorde obtido na safra 24\/25, assim, as proje\u00e7\u00f5es da temporada retornam \u00e0s m\u00e9dias hist\u00f3ricas\u201d, aponta o relat\u00f3rio.\u00a0<\/p>\n<p>Diante disso, a produ\u00e7\u00e3o da safra 2025\/26 ficou estimada em 51,72 milh\u00f5es de toneladas, redu\u00e7\u00e3o de 8,38% quando comparada \u00e0 safra passada.\u00a0<\/p>\n<\/p><\/div>\n<h6><em>THE <strong>Bela Cereais<\/strong> works with the best grains on the market in the Central West Region and also keeps you up to date with the latest news and analyses on agribusiness.<br \/>\nDon&#039;t forget to follow our social networks.<\/em><\/h6>\n<p><a href=\"https:\/\/www.noticiasagricolas.com.br\/noticias\/milho\/412632-imea-estima-aumento-no-plantio-de-milho-em-mato-grosso-mas-producao-menor.html?utm_source=parceiros&#038;utm_medium=rss\" target=\"_blank\" rel=\"noopener\">Access News Source <\/a><\/p>","protected":false},"excerpt":{"rendered":"<p>O\u00a0Imea\u00a0(Instituto Mato-Grossense de Economia Agropecu\u00e1ria) divulgou relat\u00f3rio apontando atualiza\u00e7\u00f5es sobre a safra de milho no&hellip;<\/p>","protected":false},"author":1,"featured_media":26413,"comment_status":"","ping_status":"","sticky":false,"template":"","format":"standard","meta":{"footnotes":""},"categories":[90],"tags":[240,239,302,534,578,242,643,685,687,707],"class_list":["post-26412","post","type-post","status-publish","format-standard","has-post-thumbnail","hentry","category-centro-oeste","tag-agricultura","tag-agronegocio","tag-area-plantada","tag-imea","tag-mato-grosso","tag-milho","tag-plantio","tag-producao","tag-produtividade","tag-realidades-da-safra"],"_links":{"self":[{"href":"https:\/\/belacereais.com.br\/en\/wp-json\/wp\/v2\/posts\/26412","targetHints":{"allow":["GET"]}}],"collection":[{"href":"https:\/\/belacereais.com.br\/en\/wp-json\/wp\/v2\/posts"}],"about":[{"href":"https:\/\/belacereais.com.br\/en\/wp-json\/wp\/v2\/types\/post"}],"author":[{"embeddable":true,"href":"https:\/\/belacereais.com.br\/en\/wp-json\/wp\/v2\/users\/1"}],"replies":[{"embeddable":true,"href":"https:\/\/belacereais.com.br\/en\/wp-json\/wp\/v2\/comments?post=26412"}],"version-history":[{"count":0,"href":"https:\/\/belacereais.com.br\/en\/wp-json\/wp\/v2\/posts\/26412\/revisions"}],"wp:featuredmedia":[{"embeddable":true,"href":"https:\/\/belacereais.com.br\/en\/wp-json\/wp\/v2\/media\/26413"}],"wp:attachment":[{"href":"https:\/\/belacereais.com.br\/en\/wp-json\/wp\/v2\/media?parent=26412"}],"wp:term":[{"taxonomy":"category","embeddable":true,"href":"https:\/\/belacereais.com.br\/en\/wp-json\/wp\/v2\/categories?post=26412"},{"taxonomy":"post_tag","embeddable":true,"href":"https:\/\/belacereais.com.br\/en\/wp-json\/wp\/v2\/tags?post=26412"}],"curies":[{"name":"wp","href":"https:\/\/api.w.org\/{rel}","templated":true}]}}