{"id":26414,"date":"2025-12-16T13:05:32","date_gmt":"2025-12-16T17:05:32","guid":{"rendered":"https:\/\/belacereais.com.br\/2025\/exportacoes\/carne-de-frango-registra-queda-nas-exportacoes\/"},"modified":"2025-12-16T13:05:32","modified_gmt":"2025-12-16T17:05:32","slug":"carne-de-frango-registra-queda-nas-exportacoes","status":"publish","type":"post","link":"https:\/\/belacereais.com.br\/en\/2025\/exportacoes\/carne-de-frango-registra-queda-nas-exportacoes\/","title":{"rendered":"Carne de frango registra queda nas exporta\u00e7\u00f5es"},"content":{"rendered":"<p><\/p>\n<div id=\"mvp-content-main\" class=\"left relative\">\n<p data-start=\"219\" data-end=\"720\">De acordo com dados do Ita\u00fa BBA Agro, as exporta\u00e7\u00f5es brasileiras de carne de frango in natura tiveram desacelera\u00e7\u00e3o em novembro, passando de 435 mil toneladas em outubro para 395 mil toneladas no m\u00eas seguinte, uma queda de 5,2% em rela\u00e7\u00e3o a novembro de 2024. No acumulado dos onze primeiros meses de 2025, o volume in natura caiu 7,8%. Ao incluir os produtos industrializados, a redu\u00e7\u00e3o foi bem menor, de apenas 1,5%, mostrando que a ind\u00fastria conseguiu compensar parte da queda nas vendas externas.<\/p>\n<p data-start=\"722\" data-end=\"1045\">Apesar do recente an\u00fancio de desbloqueio do mercado chin\u00eas, os embarques in natura para o pa\u00eds asi\u00e1tico permanecem zerados. Ainda assim, a diversifica\u00e7\u00e3o dos destinos da carne de frango brasileira mant\u00e9m a estabilidade do setor, com os Emirados \u00c1rabes Unidos como principal comprador, representando cerca de 10% do total.<\/p>\n<p data-start=\"1047\" data-end=\"1469\"><img fetchpriority=\"high\" data-recalc-dims=\"1\" decoding=\"async\" data-attachment-id=\"199231\" data-permalink=\"https:\/\/opresenterural.com.br\/acido-deoxicolico-se-destaca-como-aliado-estrategico-na-avicultura-de-corte\/frango3-shutterstock-9\/\" data-orig-file=\"https:\/\/i0.wp.com\/opresenterural.com.br\/wp-content\/uploads\/2025\/12\/frango3-shutterstock.jpg?fit=1400%2C933&amp;ssl=1\" data-orig-size=\"1400,933\" data-comments-opened=\"0\" data-image-meta=\"{&quot;aperture&quot;:&quot;0&quot;,&quot;credit&quot;:&quot;&quot;,&quot;camera&quot;:&quot;&quot;,&quot;caption&quot;:&quot;&quot;,&quot;created_timestamp&quot;:&quot;0&quot;,&quot;copyright&quot;:&quot;&quot;,&quot;focal_length&quot;:&quot;0&quot;,&quot;iso&quot;:&quot;0&quot;,&quot;shutter_speed&quot;:&quot;0&quot;,&quot;title&quot;:&quot;&quot;,&quot;orientation&quot;:&quot;1&quot;}\" data-image-title=\"frango3 shutterstock\" data-image-description data-image-caption data-medium-file=\"https:\/\/i0.wp.com\/opresenterural.com.br\/wp-content\/uploads\/2025\/12\/frango3-shutterstock.jpg?fit=300%2C200&amp;ssl=1\" data-large-file=\"https:\/\/i0.wp.com\/opresenterural.com.br\/wp-content\/uploads\/2025\/12\/frango3-shutterstock.jpg?fit=740%2C493&amp;ssl=1\" class=\"size-medium wp-image-199231 alignleft\" src=\"https:\/\/i0.wp.com\/opresenterural.com.br\/wp-content\/uploads\/2025\/12\/frango3-shutterstock.jpg?resize=300%2C200&amp;ssl=1\" alt width=\"300\" height=\"200\" srcset=\"https:\/\/i0.wp.com\/opresenterural.com.br\/wp-content\/uploads\/2025\/12\/frango3-shutterstock.jpg?resize=300%2C200&amp;ssl=1 300w, https:\/\/i0.wp.com\/opresenterural.com.br\/wp-content\/uploads\/2025\/12\/frango3-shutterstock.jpg?resize=1024%2C682&amp;ssl=1 1024w, https:\/\/i0.wp.com\/opresenterural.com.br\/wp-content\/uploads\/2025\/12\/frango3-shutterstock.jpg?resize=768%2C512&amp;ssl=1 768w, https:\/\/i0.wp.com\/opresenterural.com.br\/wp-content\/uploads\/2025\/12\/frango3-shutterstock.jpg?resize=600%2C400&amp;ssl=1 600w, https:\/\/i0.wp.com\/opresenterural.com.br\/wp-content\/uploads\/2025\/12\/frango3-shutterstock.jpg?w=1400&amp;ssl=1 1400w\" sizes=\"(max-width: 300px) 100vw, 300px\">No campo, os custos dos principais insumos da ra\u00e7\u00e3o, como milho e farelo de soja, v\u00eam subindo nos \u00faltimos meses. No Paran\u00e1, por exemplo, os pre\u00e7os desses insumos aumentaram 10% e 11%, respectivamente, entre julho e novembro. Segundo levantamento da Embrapa, por\u00e9m, esses impactos ainda n\u00e3o foram totalmente absorvidos, e as margens seguem favor\u00e1veis, com spread estimado em torno de 41%, acima da m\u00e9dia hist\u00f3rica de 35%.<\/p>\n<p data-start=\"1471\" data-end=\"1724\">Os pre\u00e7os do frango inteiro congelado em S\u00e3o Paulo permanecem est\u00e1veis desde o in\u00edcio de novembro, alinhados aos valores do fim do ano passado, com leve tend\u00eancia de alta no curto prazo devido ao aumento sazonal da demanda durante o per\u00edodo de festas.<\/p>\n<p data-start=\"1726\" data-end=\"2086\">Quanto \u00e0 produ\u00e7\u00e3o, os dados do IBGE mostram que o setor manteve trajet\u00f3ria de crescimento ao longo de 2025. No terceiro trimestre, o abate de frangos avan\u00e7ou 2,9% em rela\u00e7\u00e3o ao mesmo per\u00edodo do ano passado, e a produ\u00e7\u00e3o cresceu 3,1%. No acumulado at\u00e9 setembro, os abates subiram 2,2% e a produ\u00e7\u00e3o 2,9%, confirmando a expans\u00e3o cont\u00ednua da avicultura nacional.<\/p>\n<\/div>\n<h6><em>THE <strong>Bela Cereais<\/strong> works with the best grains on the market and also keeps you up to date with the latest news and analyses on agribusiness.<br \/>\nDon&#039;t forget to follow our social networks.<\/em><\/h6>\n<p><a href=\"https:\/\/opresenterural.com.br\/carne-de-frango-registra-queda-nas-exportacoes\/\" target=\"_blank\" rel=\"noopener\">Access News Source <\/a><\/p>","protected":false},"excerpt":{"rendered":"<p>De acordo com dados do Ita\u00fa BBA Agro, as exporta\u00e7\u00f5es brasileiras de carne de frango&hellip;<\/p>","protected":false},"author":1,"featured_media":26415,"comment_status":"","ping_status":"","sticky":false,"template":"","format":"standard","meta":{"footnotes":""},"categories":[7],"tags":[],"class_list":["post-26414","post","type-post","status-publish","format-standard","has-post-thumbnail","hentry","category-exportacoes"],"_links":{"self":[{"href":"https:\/\/belacereais.com.br\/en\/wp-json\/wp\/v2\/posts\/26414","targetHints":{"allow":["GET"]}}],"collection":[{"href":"https:\/\/belacereais.com.br\/en\/wp-json\/wp\/v2\/posts"}],"about":[{"href":"https:\/\/belacereais.com.br\/en\/wp-json\/wp\/v2\/types\/post"}],"author":[{"embeddable":true,"href":"https:\/\/belacereais.com.br\/en\/wp-json\/wp\/v2\/users\/1"}],"replies":[{"embeddable":true,"href":"https:\/\/belacereais.com.br\/en\/wp-json\/wp\/v2\/comments?post=26414"}],"version-history":[{"count":0,"href":"https:\/\/belacereais.com.br\/en\/wp-json\/wp\/v2\/posts\/26414\/revisions"}],"wp:featuredmedia":[{"embeddable":true,"href":"https:\/\/belacereais.com.br\/en\/wp-json\/wp\/v2\/media\/26415"}],"wp:attachment":[{"href":"https:\/\/belacereais.com.br\/en\/wp-json\/wp\/v2\/media?parent=26414"}],"wp:term":[{"taxonomy":"category","embeddable":true,"href":"https:\/\/belacereais.com.br\/en\/wp-json\/wp\/v2\/categories?post=26414"},{"taxonomy":"post_tag","embeddable":true,"href":"https:\/\/belacereais.com.br\/en\/wp-json\/wp\/v2\/tags?post=26414"}],"curies":[{"name":"wp","href":"https:\/\/api.w.org\/{rel}","templated":true}]}}