{"id":26416,"date":"2025-12-16T13:46:15","date_gmt":"2025-12-16T17:46:15","guid":{"rendered":"https:\/\/belacereais.com.br\/2025\/safra\/safra-de-soja-2025-26-pode-atingir-novo-recorde-no-brasil\/"},"modified":"2025-12-16T13:46:15","modified_gmt":"2025-12-16T17:46:15","slug":"safra-de-soja-2025-26-pode-atingir-novo-recorde-no-brasil","status":"publish","type":"post","link":"https:\/\/belacereais.com.br\/en\/2025\/safra\/safra-de-soja-2025-26-pode-atingir-novo-recorde-no-brasil\/","title":{"rendered":"Safra de soja 2025\/26 pode atingir novo recorde no Brasil"},"content":{"rendered":"<p><\/p>\n<div id=\"mvp-content-main\" class=\"left relative\">\n<p data-start=\"0\" data-end=\"350\">O Departamento de Agricultura dos Estados Unidos (USDA) manteve inalterados os n\u00fameros do balan\u00e7o americano de soja para a safra 2025\/26, preservando as estimativas de produ\u00e7\u00e3o, exporta\u00e7\u00f5es e estoques finais. A decis\u00e3o ocorre mesmo diante de dados semanais de exporta\u00e7\u00e3o que indicam a possibilidade de embarques abaixo do volume projetado pelo \u00f3rg\u00e3o.<\/p>\n<p data-start=\"352\" data-end=\"605\">No cen\u00e1rio global, o USDA elevou a proje\u00e7\u00e3o de estoques mundiais de soja para 2025\/26, agora estimados em 122,4 milh\u00f5es de toneladas. O volume representa aumento em rela\u00e7\u00e3o ao relat\u00f3rio anterior, embora ainda fique abaixo do registrado na safra passada.<\/p>\n<div id=\"attachment_189277\" style=\"width: 310px\" class=\"wp-caption alignright\"><img fetchpriority=\"high\" data-recalc-dims=\"1\" decoding=\"async\" aria-describedby=\"caption-attachment-189277\" data-attachment-id=\"189277\" data-permalink=\"https:\/\/opresenterural.com.br\/pib-da-cadeia-da-soja-e-do-biodiesel-pode-crescer-quase-11-em-2025-aponta-cepea-abiove\/24-02-2021-cascavel-colheita-de-soja-38\/\" data-orig-file=\"https:\/\/i0.wp.com\/opresenterural.com.br\/wp-content\/uploads\/2025\/08\/colheita-soja-foto-gilson-abreu.jpg?fit=1400%2C933&amp;ssl=1\" data-orig-size=\"1400,933\" data-comments-opened=\"0\" data-image-meta=\"{&quot;aperture&quot;:&quot;2.8&quot;,&quot;credit&quot;:&quot;Gilson Abreu\\\/AEN&quot;,&quot;camera&quot;:&quot;Canon EOS 6D&quot;,&quot;caption&quot;:&quot;24\\\/02\\\/2021 - Cascavel, colheita de Soja&quot;,&quot;created_timestamp&quot;:&quot;1614186228&quot;,&quot;copyright&quot;:&quot;&quot;,&quot;focal_length&quot;:&quot;70&quot;,&quot;iso&quot;:&quot;100&quot;,&quot;shutter_speed&quot;:&quot;0.002&quot;,&quot;title&quot;:&quot;24\\\/02\\\/2021 - Cascavel, colheita de Soja&quot;,&quot;orientation&quot;:&quot;1&quot;}\" data-image-title=\"24\/02\/2021 \u2013 Cascavel, colheita de Soja\" data-image-description data-image-caption=\"&lt;p&gt;Foto: Gilson Abreu&lt;\/p&gt;\" data-medium-file=\"https:\/\/i0.wp.com\/opresenterural.com.br\/wp-content\/uploads\/2025\/08\/colheita-soja-foto-gilson-abreu.jpg?fit=300%2C200&amp;ssl=1\" data-large-file=\"https:\/\/i0.wp.com\/opresenterural.com.br\/wp-content\/uploads\/2025\/08\/colheita-soja-foto-gilson-abreu.jpg?fit=740%2C493&amp;ssl=1\" class=\"size-medium wp-image-189277\" src=\"https:\/\/i0.wp.com\/opresenterural.com.br\/wp-content\/uploads\/2025\/08\/colheita-soja-foto-gilson-abreu.jpg?resize=300%2C200&amp;ssl=1\" alt width=\"300\" height=\"200\" srcset=\"https:\/\/i0.wp.com\/opresenterural.com.br\/wp-content\/uploads\/2025\/08\/colheita-soja-foto-gilson-abreu.jpg?resize=300%2C200&amp;ssl=1 300w, https:\/\/i0.wp.com\/opresenterural.com.br\/wp-content\/uploads\/2025\/08\/colheita-soja-foto-gilson-abreu.jpg?resize=1024%2C682&amp;ssl=1 1024w, https:\/\/i0.wp.com\/opresenterural.com.br\/wp-content\/uploads\/2025\/08\/colheita-soja-foto-gilson-abreu.jpg?resize=768%2C512&amp;ssl=1 768w, https:\/\/i0.wp.com\/opresenterural.com.br\/wp-content\/uploads\/2025\/08\/colheita-soja-foto-gilson-abreu.jpg?resize=600%2C400&amp;ssl=1 600w, https:\/\/i0.wp.com\/opresenterural.com.br\/wp-content\/uploads\/2025\/08\/colheita-soja-foto-gilson-abreu.jpg?w=1400&amp;ssl=1 1400w\" sizes=\"(max-width: 300px) 100vw, 300px\"><\/p>\n<p id=\"caption-attachment-189277\" class=\"wp-caption-text\">Photo: Gilson Abreu\/AEN<\/p>\n<\/div>\n<p data-start=\"607\" data-end=\"1219\">Na Am\u00e9rica do Sul, a Argentina anunciou a redu\u00e7\u00e3o permanente das al\u00edquotas de exporta\u00e7\u00e3o para gr\u00e3os e derivados. A taxa da soja foi reduzida de 26% para 24%, enquanto a dos subprodutos caiu de 24,5% para 22,5%. A medida busca aliviar a carga tribut\u00e1ria do setor agropecu\u00e1rio e estimular as vendas dos produtores, em um momento de forte retra\u00e7\u00e3o da receita cambial. Em novembro, a entrada de d\u00f3lares com exporta\u00e7\u00f5es somou US$ 759,7 milh\u00f5es, queda de 62% em rela\u00e7\u00e3o ao mesmo per\u00edodo de 2024. A decis\u00e3o tamb\u00e9m visa reduzir a incerteza gerada com o fim da redu\u00e7\u00e3o tempor\u00e1ria das retenciones adotada no in\u00edcio do ano.<\/p>\n<p data-start=\"1221\" data-end=\"1662\">No Brasil, apesar das chuvas irregulares e dos atrasos no plantio em algumas regi\u00f5es, o desenvolvimento das lavouras segue, de forma geral, dentro de um quadro positivo. O m\u00eas de dezembro ser\u00e1 decisivo para a consolida\u00e7\u00e3o do potencial produtivo em diversas \u00e1reas. Caso se confirmem as proje\u00e7\u00f5es clim\u00e1ticas para os pr\u00f3ximos meses, a safra brasileira poder\u00e1 alcan\u00e7ar um novo recorde, com produ\u00e7\u00e3o estimada em torno de 178 milh\u00f5es de toneladas.<\/p>\n<p data-start=\"1664\" data-end=\"1946\" data-is-last-node data-is-only-node>Para o ciclo 2025\/26, a expectativa \u00e9 de crescimento tanto da demanda interna quanto da externa, projetadas em 64,2 milh\u00f5es e 112 milh\u00f5es de toneladas, respectivamente. Ainda assim, mesmo com o avan\u00e7o do consumo, os estoques brasileiros devem voltar a crescer ao final da temporada.<\/p>\n<\/div>\n<h6><em>THE <strong>Bela Cereais<\/strong> works with the best grains on the market and also keeps you up to date with the latest news and analyses on agribusiness.<br \/>\nDon&#039;t forget to follow our social networks.<\/em><\/h6>\n<p><a href=\"https:\/\/opresenterural.com.br\/safra-de-soja-2025-26-pode-atingir-novo-recorde-no-brasil\/\" target=\"_blank\" rel=\"noopener\">Access News Source <\/a><\/p>","protected":false},"excerpt":{"rendered":"<p>O Departamento de Agricultura dos Estados Unidos (USDA) manteve inalterados os n\u00fameros do balan\u00e7o americano&hellip;<\/p>","protected":false},"author":1,"featured_media":26031,"comment_status":"","ping_status":"","sticky":false,"template":"","format":"standard","meta":{"footnotes":""},"categories":[258],"tags":[],"class_list":["post-26416","post","type-post","status-publish","format-standard","has-post-thumbnail","hentry","category-safra"],"_links":{"self":[{"href":"https:\/\/belacereais.com.br\/en\/wp-json\/wp\/v2\/posts\/26416","targetHints":{"allow":["GET"]}}],"collection":[{"href":"https:\/\/belacereais.com.br\/en\/wp-json\/wp\/v2\/posts"}],"about":[{"href":"https:\/\/belacereais.com.br\/en\/wp-json\/wp\/v2\/types\/post"}],"author":[{"embeddable":true,"href":"https:\/\/belacereais.com.br\/en\/wp-json\/wp\/v2\/users\/1"}],"replies":[{"embeddable":true,"href":"https:\/\/belacereais.com.br\/en\/wp-json\/wp\/v2\/comments?post=26416"}],"version-history":[{"count":0,"href":"https:\/\/belacereais.com.br\/en\/wp-json\/wp\/v2\/posts\/26416\/revisions"}],"wp:featuredmedia":[{"embeddable":true,"href":"https:\/\/belacereais.com.br\/en\/wp-json\/wp\/v2\/media\/26031"}],"wp:attachment":[{"href":"https:\/\/belacereais.com.br\/en\/wp-json\/wp\/v2\/media?parent=26416"}],"wp:term":[{"taxonomy":"category","embeddable":true,"href":"https:\/\/belacereais.com.br\/en\/wp-json\/wp\/v2\/categories?post=26416"},{"taxonomy":"post_tag","embeddable":true,"href":"https:\/\/belacereais.com.br\/en\/wp-json\/wp\/v2\/tags?post=26416"}],"curies":[{"name":"wp","href":"https:\/\/api.w.org\/{rel}","templated":true}]}}