{"id":26417,"date":"2025-12-16T14:08:35","date_gmt":"2025-12-16T18:08:35","guid":{"rendered":"https:\/\/belacereais.com.br\/2025\/exportacoes\/exportacoes-de-carne-de-peru-do-parana-crescem-em-2025\/"},"modified":"2025-12-16T14:08:35","modified_gmt":"2025-12-16T18:08:35","slug":"exportacoes-de-carne-de-peru-do-parana-crescem-em-2025","status":"publish","type":"post","link":"https:\/\/belacereais.com.br\/en\/2025\/exportacoes\/exportacoes-de-carne-de-peru-do-parana-crescem-em-2025\/","title":{"rendered":"Exporta\u00e7\u00f5es de carne de peru do Paran\u00e1 crescem em 2025"},"content":{"rendered":"<p><\/p>\n<div id=\"mvp-content-main\" class=\"left relative\">\n<p class=\"beyondwords-clickable bwp\">As exporta\u00e7\u00f5es de carne de peru no Paran\u00e1 voltaram a crescer em 2025. Dados do Agrostat Brasil, plataforma do Minist\u00e9rio da Agricultura e Pecu\u00e1ria (Mapa), mostram alta nos embarques e nas receitas geradas pelo segmento da prote\u00edna. Entre janeiro e outubro deste ano, o Estado exportou 12,2 mil toneladas de carne de peru, com receitas de US$ 38,7 milh\u00f5es. Na compara\u00e7\u00e3o com o mesmo per\u00edodo de 2024, o setor paranaense registrou altas de 12,7% e 53,9%, respectivamente.<\/p>\n<p>O Paran\u00e1 j\u00e1 foi o maior produtor nacional de perus. Em 2018, com o\u00a0fechamento da planta de abates da BRF em Francisco Beltr\u00e3o, na regi\u00e3o Sudoeste, o setor diminuiu a produ\u00e7\u00e3o e diversos avicultores migraram para outras atividades, como a cria\u00e7\u00e3o de frangos de corte.<\/p>\n<p>Em 2021, a\u00a0BRF retornou ao munic\u00edpio do Sudoeste, ap\u00f3s a habilita\u00e7\u00e3o de uma planta de abates de peru para exporta\u00e7\u00e3o ao M\u00e9xico, maior parceiro comercial do Brasil nesse tipo de prote\u00edna.<\/p>\n<p>Desde ent\u00e3o, o Paran\u00e1 vem retomando gradualmente a produ\u00e7\u00e3o dessa ave para se aproximar dos patamares da d\u00e9cada passada. Hoje, o Paran\u00e1 ocupa a terceira posi\u00e7\u00e3o no ranking nacional.<\/p>\n<p>\u201cO Sistema Faep esteve junto do produtor durante a crise no setor e v\u00ea com bons olhos essa retomada na produ\u00e7\u00e3o e exporta\u00e7\u00e3o de perus. Essa atividade tem um papel importante para a avicultura paranaense e esperamos que siga com esses bons \u00edndices para o pr\u00f3ximo ano\u201d, avalia o presidente interino do Sistema Faep, \u00c1gide Eduardo Meneguette.<\/p>\n<h4 id=\"h-mercado-interno\" class=\"wp-block-heading\">Mercado interno<\/h4>\n<figure class=\"wp-block-image size-large\">\n<div id=\"attachment_119918\" style=\"width: 388px\" class=\"wp-caption alignright\"><img fetchpriority=\"high\" data-recalc-dims=\"1\" decoding=\"async\" aria-describedby=\"caption-attachment-119918\" data-attachment-id=\"119918\" data-permalink=\"https:\/\/opresenterural.com.br\/mapa-vai-selecionar-novos-adidos-agricolas\/adidos-agricolas-brasil\/\" data-orig-file=\"https:\/\/i0.wp.com\/opresenterural.com.br\/wp-content\/uploads\/2023\/05\/Adidos-agr%C3%ADcolas-Brasil.jpeg?fit=768%2C333&amp;ssl=1\" data-orig-size=\"768,333\" data-comments-opened=\"1\" data-image-meta=\"{&quot;aperture&quot;:&quot;0&quot;,&quot;credit&quot;:&quot;&quot;,&quot;camera&quot;:&quot;&quot;,&quot;caption&quot;:&quot;&quot;,&quot;created_timestamp&quot;:&quot;0&quot;,&quot;copyright&quot;:&quot;&quot;,&quot;focal_length&quot;:&quot;0&quot;,&quot;iso&quot;:&quot;0&quot;,&quot;shutter_speed&quot;:&quot;0&quot;,&quot;title&quot;:&quot;&quot;,&quot;orientation&quot;:&quot;0&quot;}\" data-image-title=\"Adidos agr\u00edcolas Brasil\" data-image-description data-image-caption data-medium-file=\"https:\/\/i0.wp.com\/opresenterural.com.br\/wp-content\/uploads\/2023\/05\/Adidos-agr%C3%ADcolas-Brasil.jpeg?fit=300%2C130&amp;ssl=1\" data-large-file=\"https:\/\/i0.wp.com\/opresenterural.com.br\/wp-content\/uploads\/2023\/05\/Adidos-agr%C3%ADcolas-Brasil.jpeg?fit=740%2C321&amp;ssl=1\" class=\"wp-image-119918\" src=\"https:\/\/i0.wp.com\/www.sistemafaep.org.br\/wp-content\/uploads\/2025\/12\/peru2-1024x683.jpg?resize=378%2C252&amp;ssl=1\" sizes=\"(max-width: 1024px) 100vw, 1024px\" srcset=\"https:\/\/www.sistemafaep.org.br\/wp-content\/uploads\/2025\/12\/peru2-1024x683.jpg 1024w, https:\/\/www.sistemafaep.org.br\/wp-content\/uploads\/2025\/12\/peru2-300x200.jpg 300w, https:\/\/www.sistemafaep.org.br\/wp-content\/uploads\/2025\/12\/peru2-768x512.jpg 768w, https:\/\/www.sistemafaep.org.br\/wp-content\/uploads\/2025\/12\/peru2-370x247.jpg 370w, https:\/\/www.sistemafaep.org.br\/wp-content\/uploads\/2025\/12\/peru2-270x180.jpg 270w, https:\/\/www.sistemafaep.org.br\/wp-content\/uploads\/2025\/12\/peru2-570x380.jpg 570w, https:\/\/www.sistemafaep.org.br\/wp-content\/uploads\/2025\/12\/peru2-740x493.jpg 740w, https:\/\/www.sistemafaep.org.br\/wp-content\/uploads\/2025\/12\/peru2.jpg 1200w\" alt width=\"378\" height=\"252\"><\/p>\n<p id=\"caption-attachment-119918\" class=\"wp-caption-text\">Paran\u00e1 deve terminar 2025 com o maior crescimento na exporta\u00e7\u00e3o de perus entre os estados da Regi\u00e3o Sul<\/p>\n<\/div>\n<\/figure>\n<p>A produ\u00e7\u00e3o de perus tem algumas particularidades em rela\u00e7\u00e3o a outras prote\u00ednas. Uma delas \u00e9 a import\u00e2ncia do mercado interno no escoamento dos abates.<\/p>\n<p>Em 2024, segundo dados da Associa\u00e7\u00e3o Brasileira de Prote\u00edna Animal (ABPA) e da Secretaria de Com\u00e9rcio Exterior (Secex), ligada ao Minist\u00e9rio do Desenvolvimento, Ind\u00fastria, Com\u00e9rcio e Servi\u00e7os, 49,6% dessa carne foram consumidas dentro do pa\u00eds, enquanto o restante seguiu para exporta\u00e7\u00e3o. Na m\u00e9dia, o consumo interno da prote\u00edna \u00e9 de 297 gramas por habitante.<\/p>\n<p>Historicamente, o peru produzido no Brasil passou por uma redu\u00e7\u00e3o no tempo e peso de abate. At\u00e9 a d\u00e9cada de 1980, a ave era abatida com at\u00e9 19 quilos, em um per\u00edodo de 112 a 140 dias. Atualmente, essas marcas reduziram para cinco quilos e janela de 60 a 62 dias.<\/p>\n<\/div>\n<h6><em>THE <strong>Bela Cereais<\/strong> works with the best grains on the market and also keeps you up to date with the latest news and analyses on agribusiness.<br \/>\nDon&#039;t forget to follow our social networks.<\/em><\/h6>\n<p><a href=\"https:\/\/opresenterural.com.br\/exportacoes-de-carne-de-peru-do-parana-crescem-em-2025\/\" target=\"_blank\" rel=\"noopener\">Access News Source <\/a><\/p>","protected":false},"excerpt":{"rendered":"<p>As exporta\u00e7\u00f5es de carne de peru no Paran\u00e1 voltaram a crescer em 2025. Dados do&hellip;<\/p>","protected":false},"author":1,"featured_media":26418,"comment_status":"","ping_status":"","sticky":false,"template":"","format":"standard","meta":{"footnotes":""},"categories":[7],"tags":[],"class_list":["post-26417","post","type-post","status-publish","format-standard","has-post-thumbnail","hentry","category-exportacoes"],"_links":{"self":[{"href":"https:\/\/belacereais.com.br\/en\/wp-json\/wp\/v2\/posts\/26417","targetHints":{"allow":["GET"]}}],"collection":[{"href":"https:\/\/belacereais.com.br\/en\/wp-json\/wp\/v2\/posts"}],"about":[{"href":"https:\/\/belacereais.com.br\/en\/wp-json\/wp\/v2\/types\/post"}],"author":[{"embeddable":true,"href":"https:\/\/belacereais.com.br\/en\/wp-json\/wp\/v2\/users\/1"}],"replies":[{"embeddable":true,"href":"https:\/\/belacereais.com.br\/en\/wp-json\/wp\/v2\/comments?post=26417"}],"version-history":[{"count":0,"href":"https:\/\/belacereais.com.br\/en\/wp-json\/wp\/v2\/posts\/26417\/revisions"}],"wp:featuredmedia":[{"embeddable":true,"href":"https:\/\/belacereais.com.br\/en\/wp-json\/wp\/v2\/media\/26418"}],"wp:attachment":[{"href":"https:\/\/belacereais.com.br\/en\/wp-json\/wp\/v2\/media?parent=26417"}],"wp:term":[{"taxonomy":"category","embeddable":true,"href":"https:\/\/belacereais.com.br\/en\/wp-json\/wp\/v2\/categories?post=26417"},{"taxonomy":"post_tag","embeddable":true,"href":"https:\/\/belacereais.com.br\/en\/wp-json\/wp\/v2\/tags?post=26417"}],"curies":[{"name":"wp","href":"https:\/\/api.w.org\/{rel}","templated":true}]}}