{"id":26419,"date":"2025-12-16T17:01:45","date_gmt":"2025-12-16T21:01:45","guid":{"rendered":"https:\/\/belacereais.com.br\/2025\/centro-oeste\/inmet-divulga-previsao-para-a-semana-com-chuvas-volumosas-esperadas-sobre-mato-grosso\/"},"modified":"2025-12-16T17:01:45","modified_gmt":"2025-12-16T21:01:45","slug":"inmet-divulga-previsao-para-a-semana-com-chuvas-volumosas-esperadas-sobre-mato-grosso","status":"publish","type":"post","link":"https:\/\/belacereais.com.br\/en\/2025\/centro-oeste\/inmet-divulga-previsao-para-a-semana-com-chuvas-volumosas-esperadas-sobre-mato-grosso\/","title":{"rendered":"Inmet divulga previs\u00e3o para a semana com chuvas volumosas esperadas sobre Mato Grosso"},"content":{"rendered":"<p><\/p>\n<div class=\"materia\">\n<p><img decoding=\"async\" alt=\"Logotipo Not\u00edcias Agr\u00edcolas\" height=\"21\" src=\"https:\/\/cdn.noticiasagricolas.com.br\/dbimagens\/e12363a00741f9cc7caf23469101a4aa.png\" width=\"106\"><\/p>\n<p>O Instituto Nacional de Meteorologia (Inmet) publicou nesta ter\u00e7a-feira (16) a perspectiva clim\u00e1tica at\u00e9 a pr\u00f3xima segunda-feira (22) para todo o Brasil. Esta semana deve ser marcada por um padr\u00e3o atmosf\u00e9rico t\u00edpico do ver\u00e3o, com a organiza\u00e7\u00e3o de um canal de conflu\u00eancia de umidade que pode evoluir para uma Zona de Converg\u00eancia do Atl\u00e2ntico Sul (ZCAS).<\/p>\n<p>De acordo com o Inmet, esse sistema deve atuar com orienta\u00e7\u00e3o de noroeste para sudeste, favorecendo a ocorr\u00eancia de volumes elevados de chuva em um corredor que se estende do Norte ao Sudeste do pa\u00eds, passando pelo Centro-Oeste, ao longo de v\u00e1rios dias consecutivos.<\/p>\n<p class=\"image-center\"><img decoding=\"async\" alt=\"GIF 16-12-2025 16-37-48\" src=\"https:\/\/cdn.noticiasagricolas.com.br\/dbimagens\/gif-16-12-2025-16-37-48-DrfWc.gif\"><\/p>\n<div id=\"uolpd-video-inarticle\"><\/div>\n<p>No Centro-Oeste, o Inmet aponta um cen\u00e1rio de aten\u00e7\u00e3o para chuvas persistentes e volumosas, principalmente em Mato Grosso e Goi\u00e1s. A forma\u00e7\u00e3o e manuten\u00e7\u00e3o do canal de converg\u00eancia de umidade deve sustentar precipita\u00e7\u00f5es frequentes, com acumulados entre 100 e 200 mil\u00edmetros em \u00e1reas dos tr\u00eas estados da regi\u00e3o.<\/p>\n<p>No norte de Mato Grosso e no sul de Goi\u00e1s, os volumes podem ser ainda mais expressivos. Segundo o Inmet, o per\u00edodo mais cr\u00edtico est\u00e1 concentrado entre os dias 17 e 21 de dezembro, quando as pancadas tendem a ocorrer com maior intensidade e potencial para transtornos.<\/p>\n<p>O mapa de precipita\u00e7\u00e3o acumulada em 24h mostra chuvas a partir de 20 mil\u00edmetros no sul de Goias, sul de Mato Grosso. As chuva v\u00e3o se intensificando ao longo da semana, ficando em torno dos 100 mil\u00edmetros em 24h sobre o centro-norte de Mato Grosso.<\/p>\n<p class=\"image-center\"><img decoding=\"async\" alt=\"GIF 16-12-2025 16-36-13\" src=\"https:\/\/cdn.noticiasagricolas.com.br\/dbimagens\/gif-16-12-2025-16-36-13-IN31O.gif\"><\/p>\n<p>Em Mato Grosso do Sul, embora haja previs\u00e3o de chuva, o instituto destaca menor favorecimento para grandes acumulados, com um cen\u00e1rio relativamente mais seco. A umidade relativa do ar deve permanecer elevada na maior parte da regi\u00e3o, entre 60% e 80%, reduzindo-se para valores pr\u00f3ximos de 40% a 50% no oeste sul-mato-grossense.<\/p>\n<p>No Sudeste, as informa\u00e7\u00f5es do Inmet indicam chuvas significativas at\u00e9 pelo menos o dia 18 de dezembro em amplas \u00e1reas de Minas Gerais e do Rio de Janeiro, com avan\u00e7o para o sul do Esp\u00edrito Santo na sequ\u00eancia. A atua\u00e7\u00e3o do sistema, combinada \u00e0 passagem de uma frente fria pelo oceano, aumenta o risco de tempestades em regi\u00f5es como o Vale do Para\u00edba, Serra do Mar, Mantiqueira, sul e Tri\u00e2ngulo Mineiro, al\u00e9m da serra fluminense e de grande parte do territ\u00f3rio fluminense.<\/p>\n<p>Nesses locais, os volumes podem atingir entre 100 e 200 mil\u00edmetros em at\u00e9 48 horas. Em S\u00e3o Paulo e no Esp\u00edrito Santo, o Inmet ressalta que as chuvas tendem a ocorrer de forma mais isolada e com menores acumulados. A umidade relativa do ar deve se manter entre 65% e 75% ao longo da semana, com exce\u00e7\u00e3o do norte mineiro, onde pode cair para perto de 50%.<\/p>\n<p>Na Regi\u00e3o Norte, o Inmet destaca a concentra\u00e7\u00e3o das chuvas mais volumosas sobre o Amazonas, onde a combina\u00e7\u00e3o de calor, alta disponibilidade de umidade e circula\u00e7\u00e3o atmosf\u00e9rica local favorece a forma\u00e7\u00e3o de \u00e1reas de instabilidade persistentes.<\/p>\n<p>Os acumulados previstos variam, em geral, entre 60 e 150 mil\u00edmetros, podendo superar esse patamar em pontos alinhados ao canal de conflu\u00eancia de umidade. O norte do Amap\u00e1 tamb\u00e9m deve registrar volumes mais elevados, influenciado pela proximidade com a Zona de Converg\u00eancia Intertropical.<\/p>\n<p>Por outro lado, o sul do Amap\u00e1, o norte do Par\u00e1 e Roraima devem enfrentar uma semana com pouca chuva, restrita a epis\u00f3dios r\u00e1pidos e localizados. Conforme o Inmet, a umidade relativa do ar seguir\u00e1 alta na maior parte da regi\u00e3o, acima de 60%, mas pode cair para n\u00edveis entre 30% e 40% em \u00e1reas com menor ocorr\u00eancia de precipita\u00e7\u00e3o.<\/p>\n<p>No Sul do pa\u00eds, a passagem de uma frente fria deve provocar acumulados elevados no oeste do Paran\u00e1 e no Rio Grande do Sul, com volumes que podem ultrapassar 100 mil\u00edmetros em 24 horas. Em Santa Catarina, ainda h\u00e1 condi\u00e7\u00e3o para chuva no dia 17, embora com tend\u00eancia de redu\u00e7\u00e3o da intensidade \u00e0 medida que o sistema se afasta.<\/p>\n<p>A partir da segunda metade da semana, o Inmet aponta predom\u00ednio de tempo mais seco e est\u00e1vel em toda a regi\u00e3o. A umidade relativa do ar permanece elevada no come\u00e7o do per\u00edodo, em torno de 70%, diminuindo gradualmente para valores entre 40% e 50% nos dias seguintes.<\/p>\n<p>J\u00e1 no Nordeste, o Inmet prev\u00ea uma semana com predom\u00ednio de tempo seco na maior parte dos estados. As exce\u00e7\u00f5es ficam por conta do norte do Maranh\u00e3o e do Piau\u00ed, onde podem ocorrer pancadas isoladas a partir de meados da semana, por\u00e9m com baixos acumulados. O instituto chama aten\u00e7\u00e3o para os baixos \u00edndices de umidade relativa do ar, especialmente na faixa que envolve Piau\u00ed, Cear\u00e1, Pernambuco e Bahia, com valores entre 20% e 30% e possibilidade de n\u00edveis ainda menores, abaixo de 15%, entre Pernambuco e o norte da Bahia. No extremo oeste baiano, a umidade tende a ser mais elevada, superando 50%, segundo as proje\u00e7\u00f5es do Inmet.<\/p>\n<\/p><\/div>\n<h6><em>THE <strong>Bela Cereais<\/strong> works with the best grains on the market in the Central West Region and also keeps you up to date with the latest news and analyses on agribusiness.<br \/>\nDon&#039;t forget to follow our social networks.<\/em><\/h6>\n<p><a href=\"https:\/\/www.noticiasagricolas.com.br\/noticias\/clima\/412663-inmet-divulga-previsao-para-a-semana-com-chuvas-volumosas-esperadas-sobre-mato-grosso.html?utm_source=parceiros&#038;utm_medium=rss\" target=\"_blank\" rel=\"noopener\">Access News Source <\/a><\/p>","protected":false},"excerpt":{"rendered":"<p>O Instituto Nacional de Meteorologia (Inmet) publicou nesta ter\u00e7a-feira (16) a perspectiva clim\u00e1tica at\u00e9 a&hellip;<\/p>","protected":false},"author":1,"featured_media":26420,"comment_status":"","ping_status":"","sticky":false,"template":"","format":"standard","meta":{"footnotes":""},"categories":[90],"tags":[240,239,385,539,594,617,252],"class_list":["post-26419","post","type-post","status-publish","format-standard","has-post-thumbnail","hentry","category-centro-oeste","tag-agricultura","tag-agronegocio","tag-clima","tag-inmet","tag-meteorologia","tag-noticias-agricolas-clima","tag-previsao-do-tempo"],"_links":{"self":[{"href":"https:\/\/belacereais.com.br\/en\/wp-json\/wp\/v2\/posts\/26419","targetHints":{"allow":["GET"]}}],"collection":[{"href":"https:\/\/belacereais.com.br\/en\/wp-json\/wp\/v2\/posts"}],"about":[{"href":"https:\/\/belacereais.com.br\/en\/wp-json\/wp\/v2\/types\/post"}],"author":[{"embeddable":true,"href":"https:\/\/belacereais.com.br\/en\/wp-json\/wp\/v2\/users\/1"}],"replies":[{"embeddable":true,"href":"https:\/\/belacereais.com.br\/en\/wp-json\/wp\/v2\/comments?post=26419"}],"version-history":[{"count":0,"href":"https:\/\/belacereais.com.br\/en\/wp-json\/wp\/v2\/posts\/26419\/revisions"}],"wp:featuredmedia":[{"embeddable":true,"href":"https:\/\/belacereais.com.br\/en\/wp-json\/wp\/v2\/media\/26420"}],"wp:attachment":[{"href":"https:\/\/belacereais.com.br\/en\/wp-json\/wp\/v2\/media?parent=26419"}],"wp:term":[{"taxonomy":"category","embeddable":true,"href":"https:\/\/belacereais.com.br\/en\/wp-json\/wp\/v2\/categories?post=26419"},{"taxonomy":"post_tag","embeddable":true,"href":"https:\/\/belacereais.com.br\/en\/wp-json\/wp\/v2\/tags?post=26419"}],"curies":[{"name":"wp","href":"https:\/\/api.w.org\/{rel}","templated":true}]}}