{"id":26421,"date":"2025-12-17T07:16:11","date_gmt":"2025-12-17T11:16:11","guid":{"rendered":"https:\/\/belacereais.com.br\/2025\/soja\/sementes-nao-certificadas-geram-perdas-expressivas-e-desafios-a-cadeia-da-soja-brasileira\/"},"modified":"2025-12-17T07:16:11","modified_gmt":"2025-12-17T11:16:11","slug":"sementes-nao-certificadas-geram-perdas-expressivas-e-desafios-a-cadeia-da-soja-brasileira","status":"publish","type":"post","link":"https:\/\/belacereais.com.br\/en\/2025\/soja\/sementes-nao-certificadas-geram-perdas-expressivas-e-desafios-a-cadeia-da-soja-brasileira\/","title":{"rendered":"Sementes n\u00e3o certificadas geram perdas expressivas e desafios \u00e0 cadeia da soja brasileira"},"content":{"rendered":"<p><\/p>\n<div id=\"mvp-content-main\" class=\"left relative\">\n<p class=\"v1MsoNormal\">O uso de sementes de soja n\u00e3o certificadas, incluindo sementes piratas e sementes salvas comercializadas irregularmente, segue em expans\u00e3o no Brasil e j\u00e1 representa um dos maiores desafios estruturais da cadeia produtiva da soja. Dados consolidados pela C\u00e9leres Consultoria, com elabora\u00e7\u00e3o da Associa\u00e7\u00e3o Brasileira dos Produtores de Sementes de Soja (ABRASS), indicam que, na safra 2025\/26, 27% da \u00e1rea plantada no pa\u00eds ser\u00e1 cultivada com sementes n\u00e3o certificadas, o equivalente a cerca de 13 milh\u00f5es de hectares.<\/p>\n<p class=\"v1MsoNormal\">De acordo com o diretor institucional da ABRASS, Gladir Tomazelli, parte do problema est\u00e1 na distor\u00e7\u00e3o entre o uso legal da semente salva e a sua comercializa\u00e7\u00e3o irregular. \u201cA pr\u00e1tica de utilizar sementes produzidas pelo pr\u00f3prio agricultor cresceu de forma expressiva nos \u00faltimos anos. Ocorre que uma parcela dessas sementes, que deveriam ser para uso pr\u00f3prio, acaba sendo comercializada ilegalmente, transformando-se em semente pirata\u201d, explica.<\/p>\n<h4 class=\"v1MsoNormal\"><b>Queda de quatro sacas por hectare<\/b><\/h4>\n<p class=\"v1MsoNormal\">O impacto direto desse cen\u00e1rio \u00e9 sentido na produtividade. Pesquisas indicam que o uso de sementes n\u00e3o certificadas resulta, em m\u00e9dia, em queda de quatro sacas por hectare. Aplicada \u00e0 \u00e1rea total fora do sistema formal, essa redu\u00e7\u00e3o representa 2,8 milh\u00f5es de toneladas a menos de soja produzidas no pa\u00eds, al\u00e9m da perda estimada de 1,9 milh\u00e3o de toneladas em exporta\u00e7\u00f5es e 0,9 milh\u00e3o de toneladas no consumo interno.<\/p>\n<h4 class=\"v1MsoNormal\"><b>Perdas econ\u00f4micas<\/b><b><\/b><\/h4>\n<p class=\"v1MsoNormal\">As perdas econ\u00f4micas tamb\u00e9m s\u00e3o expressivas. O levantamento aponta que 16,4 milh\u00f5es de sacas de sementes certificadas deixam de ser comercializadas, gerando um preju\u00edzo superior a R$ 8 bilh\u00f5es para o setor de sementes.<\/p>\n<p class=\"v1MsoNormal\">Apenas de royalties gen\u00e9tica, o impacto chega a R$ 590 milh\u00f5es, comprometendo investimentos em pesquisa, inova\u00e7\u00e3o e desenvolvimento de novas cultivares. \u201cEstamos falando de um efeito domin\u00f3 que atinge toda a cadeia produtiva\u201d, afirma Tomazelli, ressaltando: \u201cMenos sementes certificadas significam menos produtividade, menos gera\u00e7\u00e3o de empregos qualificados, estimamos cerca de 4.500 postos diretos a menos, e menor circula\u00e7\u00e3o de renda no agroneg\u00f3cio brasileiro.\u201d<\/p>\n<h4 class=\"v1MsoNormal\"><b>Moderniza\u00e7\u00e3o da legisla\u00e7\u00e3o de cultivares<\/b><b><\/b><\/h4>\n<p class=\"v1MsoNormal\">Para enfrentar o problema, a ABRASS defende a moderniza\u00e7\u00e3o da legisla\u00e7\u00e3o de cultivares. A entidade apoia o Projeto de Lei (PL n. 1702\/19) em tramita\u00e7\u00e3o na C\u00e2mara dos Deputados que prev\u00ea o recolhimento de royalties de gen\u00e9tica sobre a semente salva. \u201cA aprova\u00e7\u00e3o e regulamenta\u00e7\u00e3o dessa lei trar\u00e3o mais seguran\u00e7a jur\u00eddica ao pesquisador e tornar\u00e3o o mercado de sementes mais competitivo e equilibrado\u201d, destaca Tomazelli.<\/p>\n<h4 class=\"v1MsoNormal\"><b>Selo ABRASS<\/b><b><\/b><\/h4>\n<p class=\"v1MsoNormal\">Al\u00e9m da agenda regulat\u00f3ria, a associa\u00e7\u00e3o tem investido em a\u00e7\u00f5es pr\u00e1ticas para elevar o padr\u00e3o do setor. Um dos principais projetos \u00e9 a Certifica\u00e7\u00e3o de Processos ABRASS, desenvolvido h\u00e1 cerca de quatro anos e atualmente em fase de implementa\u00e7\u00e3o de auditorias, em parceria com a Associa\u00e7\u00e3o Brasileira de Normas T\u00e9cnicas (ABNT). \u201cO objetivo \u00e9 padronizar e elevar o n\u00edvel dos processos produtivos entre os multiplicadores associados, garantindo maior regularidade e previsibilidade na qualidade das sementes\u201d, exp\u00f5e Tomazelli.<\/p>\n<p class=\"v1MsoNormal\">A iniciativa deve resultar na cria\u00e7\u00e3o de um selo ABRASS de processos de produ\u00e7\u00e3o, oferecendo maior seguran\u00e7a ao agricultor no momento da compra.<\/p>\n<p class=\"v1MsoNormal\">Para o presidente da ABRASS, Andr\u00e9 Schwening, a escolha por sementes certificadas vai al\u00e9m do cumprimento legal. \u201cTrata-se de uma decis\u00e3o estrat\u00e9gica para o produtor e para o pa\u00eds. Semente certificada \u00e9 sin\u00f4nimo de produtividade, competitividade e sustentabilidade econ\u00f4mica. Quando a semente n\u00e3o certificada ganha espa\u00e7o, todos perdem: o agricultor, a ind\u00fastria, a pesquisa e o Brasil\u201d, afirma.<\/p>\n<p class=\"v1MsoNormal\">Schwening refor\u00e7a que a entidade seguir\u00e1 atuando de forma institucional e t\u00e9cnica para fortalecer o mercado formal. \u201cA ABRASS continuar\u00e1 trabalhando para criar um ambiente mais transparente, moderno e sustent\u00e1vel, onde a inova\u00e7\u00e3o seja valorizada e a produ\u00e7\u00e3o de soja brasileira mantenha sua lideran\u00e7a global\u201d, enaltece.<\/p>\n<\/div>\n<h6><em>THE <strong>Bela Cereais<\/strong> works with the best grains on the market and also keeps you up to date with the latest news and analyses on agribusiness.<br \/>\nDon&#039;t forget to follow our social networks.<\/em><\/h6>\n<p><a href=\"https:\/\/opresenterural.com.br\/sementes-nao-certificadas-geram-perdas-expressivas-e-desafios-a-cadeia-da-soja-brasileira\/\" target=\"_blank\" rel=\"noopener\">Access News Source <\/a><\/p>","protected":false},"excerpt":{"rendered":"<p>O uso de sementes de soja n\u00e3o certificadas, incluindo sementes piratas e sementes salvas comercializadas&hellip;<\/p>","protected":false},"author":1,"featured_media":26422,"comment_status":"","ping_status":"","sticky":false,"template":"","format":"standard","meta":{"footnotes":""},"categories":[259],"tags":[],"class_list":["post-26421","post","type-post","status-publish","format-standard","has-post-thumbnail","hentry","category-soja"],"_links":{"self":[{"href":"https:\/\/belacereais.com.br\/en\/wp-json\/wp\/v2\/posts\/26421","targetHints":{"allow":["GET"]}}],"collection":[{"href":"https:\/\/belacereais.com.br\/en\/wp-json\/wp\/v2\/posts"}],"about":[{"href":"https:\/\/belacereais.com.br\/en\/wp-json\/wp\/v2\/types\/post"}],"author":[{"embeddable":true,"href":"https:\/\/belacereais.com.br\/en\/wp-json\/wp\/v2\/users\/1"}],"replies":[{"embeddable":true,"href":"https:\/\/belacereais.com.br\/en\/wp-json\/wp\/v2\/comments?post=26421"}],"version-history":[{"count":0,"href":"https:\/\/belacereais.com.br\/en\/wp-json\/wp\/v2\/posts\/26421\/revisions"}],"wp:featuredmedia":[{"embeddable":true,"href":"https:\/\/belacereais.com.br\/en\/wp-json\/wp\/v2\/media\/26422"}],"wp:attachment":[{"href":"https:\/\/belacereais.com.br\/en\/wp-json\/wp\/v2\/media?parent=26421"}],"wp:term":[{"taxonomy":"category","embeddable":true,"href":"https:\/\/belacereais.com.br\/en\/wp-json\/wp\/v2\/categories?post=26421"},{"taxonomy":"post_tag","embeddable":true,"href":"https:\/\/belacereais.com.br\/en\/wp-json\/wp\/v2\/tags?post=26421"}],"curies":[{"name":"wp","href":"https:\/\/api.w.org\/{rel}","templated":true}]}}