{"id":26423,"date":"2025-12-17T08:34:51","date_gmt":"2025-12-17T12:34:51","guid":{"rendered":"https:\/\/belacereais.com.br\/2025\/exportacoes\/brasil-desponta-como-principal-vetor-de-crescimento-nas-exportacoes-de-carne-suina-em-2026\/"},"modified":"2025-12-17T08:34:51","modified_gmt":"2025-12-17T12:34:51","slug":"brasil-desponta-como-principal-vetor-de-crescimento-nas-exportacoes-de-carne-suina-em-2026","status":"publish","type":"post","link":"https:\/\/belacereais.com.br\/en\/2025\/exportacoes\/brasil-desponta-como-principal-vetor-de-crescimento-nas-exportacoes-de-carne-suina-em-2026\/","title":{"rendered":"Brasil desponta como principal vetor de crescimento nas exporta\u00e7\u00f5es de carne su\u00edna em 2026"},"content":{"rendered":"<p><\/p>\n<div id=\"mvp-content-main\" class=\"left relative\">\n<p data-start=\"132\" data-end=\"527\">As primeiras proje\u00e7\u00f5es do Departamento de Agricultura dos Estados Unidos (USDA) para 2026 desenham um cen\u00e1rio de estabilidade na produ\u00e7\u00e3o mundial de carne su\u00edna e abrem espa\u00e7o para o Brasil ampliar sua presen\u00e7a no mercado internacional. Enquanto grandes produtores globais caminham sem grandes avan\u00e7os, a expectativa \u00e9 de que a demanda externa sustente o crescimento das exporta\u00e7\u00f5es brasileiras.<\/p>\n<p data-start=\"529\" data-end=\"910\">De acordo com o USDA, a produ\u00e7\u00e3o global deve se manter praticamente est\u00e1vel no pr\u00f3ximo ano. A China e os Estados Unidos, que ocupam a primeira e a terceira posi\u00e7\u00e3o no ranking mundial, n\u00e3o devem registrar varia\u00e7\u00f5es relevantes. J\u00e1 a Uni\u00e3o Europeia segue em trajet\u00f3ria de queda, com recuo estimado em 1,2%, reflexo de desafios estruturais que v\u00eam reduzindo a competitividade do bloco.<\/p>\n<p><img fetchpriority=\"high\" data-recalc-dims=\"1\" decoding=\"async\" data-attachment-id=\"183267\" data-permalink=\"https:\/\/opresenterural.com.br\/abcs-assume-protagonismo-ao-fortalecer-carne-suina-durante-sncs\/pigcarcassescutinhalfstoredinrefrigeratorroomof-4\/\" data-orig-file=\"https:\/\/i0.wp.com\/opresenterural.com.br\/wp-content\/uploads\/2025\/05\/shutterstock_1043400754.jpg?fit=1400%2C933&amp;ssl=1\" data-orig-size=\"1400,933\" data-comments-opened=\"0\" data-image-meta=\"{&quot;aperture&quot;:&quot;0&quot;,&quot;credit&quot;:&quot;Shutterstock&quot;,&quot;camera&quot;:&quot;&quot;,&quot;caption&quot;:&quot;Pig carcasses cut in half stored in refrigerator room of food processing plant.&quot;,&quot;created_timestamp&quot;:&quot;0&quot;,&quot;copyright&quot;:&quot;Copyright (c) 2018 David Tadevosian\\\/Shutterstock.  No use without permission.&quot;,&quot;focal_length&quot;:&quot;0&quot;,&quot;iso&quot;:&quot;0&quot;,&quot;shutter_speed&quot;:&quot;0&quot;,&quot;title&quot;:&quot;Pig,Carcasses,Cut,In,Half,Stored,In,Refrigerator,Room,Of&quot;,&quot;orientation&quot;:&quot;1&quot;}\" data-image-title=\"Carne su\u00edna\" data-image-description data-image-caption=\"&lt;p&gt;Foto: Shutterstock&lt;\/p&gt;\" data-medium-file=\"https:\/\/i0.wp.com\/opresenterural.com.br\/wp-content\/uploads\/2025\/05\/shutterstock_1043400754.jpg?fit=300%2C200&amp;ssl=1\" data-large-file=\"https:\/\/i0.wp.com\/opresenterural.com.br\/wp-content\/uploads\/2025\/05\/shutterstock_1043400754.jpg?fit=740%2C493&amp;ssl=1\" class=\"size-medium wp-image-183267\" src=\"https:\/\/i0.wp.com\/opresenterural.com.br\/wp-content\/uploads\/2025\/05\/shutterstock_1043400754.jpg?resize=300%2C200&amp;ssl=1\" alt width=\"300\" height=\"200\" srcset=\"https:\/\/i0.wp.com\/opresenterural.com.br\/wp-content\/uploads\/2025\/05\/shutterstock_1043400754.jpg?resize=300%2C200&amp;ssl=1 300w, https:\/\/i0.wp.com\/opresenterural.com.br\/wp-content\/uploads\/2025\/05\/shutterstock_1043400754.jpg?resize=1024%2C682&amp;ssl=1 1024w, https:\/\/i0.wp.com\/opresenterural.com.br\/wp-content\/uploads\/2025\/05\/shutterstock_1043400754.jpg?resize=768%2C512&amp;ssl=1 768w, https:\/\/i0.wp.com\/opresenterural.com.br\/wp-content\/uploads\/2025\/05\/shutterstock_1043400754.jpg?resize=600%2C400&amp;ssl=1 600w, https:\/\/i0.wp.com\/opresenterural.com.br\/wp-content\/uploads\/2025\/05\/shutterstock_1043400754.jpg?w=1400&amp;ssl=1 1400w\" sizes=\"(max-width: 300px) 100vw, 300px\"><\/p>\n<p data-start=\"912\" data-end=\"1315\">No com\u00e9rcio internacional, a perda de espa\u00e7o europeu tende a ficar ainda mais evidente. A Uni\u00e3o Europeia, historicamente um dos maiores exportadores, deve reduzir suas vendas externas em 7,4%. Entre os quatro principais exportadores globais, Uni\u00e3o Europeia, Estados Unidos, Brasil e Canad\u00e1, o Brasil aparece como o pa\u00eds com maior potencial de crescimento, com avan\u00e7o projetado de 3,8% nas exporta\u00e7\u00f5es.<\/p>\n<p data-start=\"1317\" data-end=\"1623\">A produ\u00e7\u00e3o brasileira tamb\u00e9m deve crescer, ainda que em ritmo mais moderado. Para 2026, o USDA projeta aumento de 1,3%, ap\u00f3s uma expans\u00e3o mais forte estimada para 2025. Mesmo assim, o volume adicional refor\u00e7a a capacidade do pa\u00eds de atender a novos mercados em um momento de reorganiza\u00e7\u00e3o da oferta global.<\/p>\n<p data-start=\"1625\" data-end=\"2159\">Do lado da demanda, o destaque fica para o Sudeste Asi\u00e1tico. As importa\u00e7\u00f5es chinesas devem apresentar leve recuo de 1,2%, mas outros mercados seguem em expans\u00e3o. As Filipinas aparecem como o principal motor desse movimento, com crescimento projetado de 7,1% nas compras externas. Com isso, o pa\u00eds deve ultrapassar a Coreia do Sul e se tornar o quarto maior importador mundial de carne su\u00edna, atr\u00e1s apenas de M\u00e9xico, Jap\u00e3o e China. A previs\u00e3o \u00e9 de importa\u00e7\u00f5es em torno de 750 mil toneladas, volume 50 mil toneladas superior ao de 2025.<\/p>\n<p data-start=\"2161\" data-end=\"2477\">Esse cen\u00e1rio internacional cria condi\u00e7\u00f5es favor\u00e1veis para o Brasil, que vem ampliando sua produ\u00e7\u00e3o e fortalecendo sua competitividade nas exporta\u00e7\u00f5es. As margens do setor seguem atrativas e estimulam novos investimentos, especialmente se os custos de ra\u00e7\u00e3o continuarem sob controle, como indicam as proje\u00e7\u00f5es atuais.<\/p>\n<p data-start=\"2479\" data-end=\"2798\" data-is-last-node data-is-only-node>No curto prazo, o mercado interno pode sentir alguma press\u00e3o nos pre\u00e7os do atacado ap\u00f3s a virada do ano. Ainda assim, a dist\u00e2ncia entre os pre\u00e7os praticados e os custos de produ\u00e7\u00e3o aponta para a manuten\u00e7\u00e3o de margens saud\u00e1veis, garantindo sustenta\u00e7\u00e3o ao ritmo de crescimento da suinocultura brasileira ao longo de 2026.<\/p>\n<\/div>\n<h6><em>THE <strong>Bela Cereais<\/strong> works with the best grains on the market and also keeps you up to date with the latest news and analyses on agribusiness.<br \/>\nDon&#039;t forget to follow our social networks.<\/em><\/h6>\n<p><a href=\"https:\/\/opresenterural.com.br\/brasil-desponta-como-principal-vetor-de-crescimento-nas-exportacoes-de-carne-suina-em-2026\/\" target=\"_blank\" rel=\"noopener\">Access News Source <\/a><\/p>","protected":false},"excerpt":{"rendered":"<p>As primeiras proje\u00e7\u00f5es do Departamento de Agricultura dos Estados Unidos (USDA) para 2026 desenham um&hellip;<\/p>","protected":false},"author":1,"featured_media":25010,"comment_status":"","ping_status":"","sticky":false,"template":"","format":"standard","meta":{"footnotes":""},"categories":[7],"tags":[],"class_list":["post-26423","post","type-post","status-publish","format-standard","has-post-thumbnail","hentry","category-exportacoes"],"_links":{"self":[{"href":"https:\/\/belacereais.com.br\/en\/wp-json\/wp\/v2\/posts\/26423","targetHints":{"allow":["GET"]}}],"collection":[{"href":"https:\/\/belacereais.com.br\/en\/wp-json\/wp\/v2\/posts"}],"about":[{"href":"https:\/\/belacereais.com.br\/en\/wp-json\/wp\/v2\/types\/post"}],"author":[{"embeddable":true,"href":"https:\/\/belacereais.com.br\/en\/wp-json\/wp\/v2\/users\/1"}],"replies":[{"embeddable":true,"href":"https:\/\/belacereais.com.br\/en\/wp-json\/wp\/v2\/comments?post=26423"}],"version-history":[{"count":0,"href":"https:\/\/belacereais.com.br\/en\/wp-json\/wp\/v2\/posts\/26423\/revisions"}],"wp:featuredmedia":[{"embeddable":true,"href":"https:\/\/belacereais.com.br\/en\/wp-json\/wp\/v2\/media\/25010"}],"wp:attachment":[{"href":"https:\/\/belacereais.com.br\/en\/wp-json\/wp\/v2\/media?parent=26423"}],"wp:term":[{"taxonomy":"category","embeddable":true,"href":"https:\/\/belacereais.com.br\/en\/wp-json\/wp\/v2\/categories?post=26423"},{"taxonomy":"post_tag","embeddable":true,"href":"https:\/\/belacereais.com.br\/en\/wp-json\/wp\/v2\/tags?post=26423"}],"curies":[{"name":"wp","href":"https:\/\/api.w.org\/{rel}","templated":true}]}}