{"id":26424,"date":"2025-12-17T13:17:08","date_gmt":"2025-12-17T17:17:08","guid":{"rendered":"https:\/\/belacereais.com.br\/2025\/safra\/mapa-inedito-revela-intensificacao-do-uso-do-solo-e-consolida-2a-safra-como-eixo-da-producao-agricola-no-brasil\/"},"modified":"2025-12-17T13:17:08","modified_gmt":"2025-12-17T17:17:08","slug":"mapa-inedito-revela-intensificacao-do-uso-do-solo-e-consolida-2a-safra-como-eixo-da-producao-agricola-no-brasil","status":"publish","type":"post","link":"https:\/\/belacereais.com.br\/en\/2025\/safra\/mapa-inedito-revela-intensificacao-do-uso-do-solo-e-consolida-2a-safra-como-eixo-da-producao-agricola-no-brasil\/","title":{"rendered":"Mapa in\u00e9dito revela intensifica\u00e7\u00e3o do uso do solo e consolida 2\u00aa safra como eixo da produ\u00e7\u00e3o agr\u00edcola no Brasil"},"content":{"rendered":"<p><\/p>\n<div id=\"mvp-content-main\" class=\"left relative\">\n<p>As atividades agropecu\u00e1rias j\u00e1 ocupam cerca de 32% do territ\u00f3rio brasileiro, segundo dados do <a href=\"https:\/\/brasil.mapbiomas.org\" target=\"_blank\" rel=\"noopener\">MapBiomas<\/a>, com predomin\u00e2ncia das pastagens plantadas, que respondem por 56,7% dessa \u00e1rea, enquanto a agricultura representa 23%. As imagens de sat\u00e9lite analisadas pela iniciativa indicam um processo consistente de intensifica\u00e7\u00e3o do uso do solo tanto nas lavouras quanto nas \u00e1reas destinadas \u00e0 pecu\u00e1ria.<\/p>\n<p>No caso da agricultura, quase dois ter\u00e7os das \u00e1reas ocupadas por lavouras tempor\u00e1rias, como soja, milho e algod\u00e3o, apresentaram mais de um ciclo produtivo ao longo do ano. Ao todo, 64% dessas \u00e1reas, o equivalente a 31,4 milh\u00f5es de hectares, foram cultivadas com uma segunda cultura ou com plantas de cobertura ap\u00f3s a colheita da safra principal. J\u00e1 nas pastagens, 78% da \u00e1rea mapeada, ou 121,4 milh\u00f5es de hectares, exibem m\u00e9dio ou alto vigor, condi\u00e7\u00e3o que permite elevar a taxa de lota\u00e7\u00e3o e aumentar o n\u00famero de animais por hectare.<\/p>\n<p>Esse avan\u00e7o da intensifica\u00e7\u00e3o agr\u00edcola ganha um novo retrato com o lan\u00e7amento da primeira vers\u00e3o do mapa de agricultura de segunda safra do MapBiomas. O levantamento identifica os cultivos implantados ap\u00f3s a colheita da safra de ver\u00e3o e complementa o mapa de quantidade de ciclos divulgado no ano passado. Ainda em vers\u00e3o beta, a base de dados cobre o per\u00edodo de 2000 a 2024 e se concentra nos estados com maior produ\u00e7\u00e3o de milho e algod\u00e3o de segunda safra, classificando as \u00e1reas em tr\u00eas categorias: milho, algod\u00e3o e outras lavouras tempor\u00e1rias ou cultivos de cobertura.<\/p>\n<div id=\"attachment_87140\" style=\"width: 310px\" class=\"wp-caption alignleft\"><img fetchpriority=\"high\" data-recalc-dims=\"1\" decoding=\"async\" aria-describedby=\"caption-attachment-87140\" data-attachment-id=\"87140\" data-permalink=\"https:\/\/opresenterural.com.br\/novo-metodo-de-avaliacao-do-solo-identifica-fatores-que-limitam-a-produtividade\/solo-embrapa-soja\/\" data-orig-file=\"https:\/\/i0.wp.com\/opresenterural.com.br\/wp-content\/uploads\/2022\/01\/solo-embrapa-soja.jpg?fit=900%2C642&amp;ssl=1\" data-orig-size=\"900,642\" data-comments-opened=\"1\" data-image-meta=\"{&quot;aperture&quot;:&quot;0&quot;,&quot;credit&quot;:&quot;&quot;,&quot;camera&quot;:&quot;&quot;,&quot;caption&quot;:&quot;&quot;,&quot;created_timestamp&quot;:&quot;0&quot;,&quot;copyright&quot;:&quot;&quot;,&quot;focal_length&quot;:&quot;0&quot;,&quot;iso&quot;:&quot;0&quot;,&quot;shutter_speed&quot;:&quot;0&quot;,&quot;title&quot;:&quot;&quot;,&quot;orientation&quot;:&quot;1&quot;}\" data-image-title=\"solo embrapa soja\" data-image-description data-image-caption=\"&lt;p&gt;Foto: Esmael Lopes dos Santos&lt;\/p&gt;\" data-medium-file=\"https:\/\/i0.wp.com\/opresenterural.com.br\/wp-content\/uploads\/2022\/01\/solo-embrapa-soja.jpg?fit=300%2C214&amp;ssl=1\" data-large-file=\"https:\/\/i0.wp.com\/opresenterural.com.br\/wp-content\/uploads\/2022\/01\/solo-embrapa-soja.jpg?fit=740%2C528&amp;ssl=1\" class=\"size-medium wp-image-87140\" src=\"https:\/\/i0.wp.com\/opresenterural.com.br\/wp-content\/uploads\/2022\/01\/solo-embrapa-soja.jpg?resize=300%2C214&amp;ssl=1\" alt width=\"300\" height=\"214\" srcset=\"https:\/\/i0.wp.com\/opresenterural.com.br\/wp-content\/uploads\/2022\/01\/solo-embrapa-soja.jpg?resize=300%2C214&amp;ssl=1 300w, https:\/\/i0.wp.com\/opresenterural.com.br\/wp-content\/uploads\/2022\/01\/solo-embrapa-soja.jpg?resize=768%2C548&amp;ssl=1 768w, https:\/\/i0.wp.com\/opresenterural.com.br\/wp-content\/uploads\/2022\/01\/solo-embrapa-soja.jpg?resize=600%2C428&amp;ssl=1 600w, https:\/\/i0.wp.com\/opresenterural.com.br\/wp-content\/uploads\/2022\/01\/solo-embrapa-soja.jpg?w=900&amp;ssl=1 900w\" sizes=\"(max-width: 300px) 100vw, 300px\"><\/p>\n<p id=\"caption-attachment-87140\" class=\"wp-caption-text\">Foto: Esmael Lopes dos Santos<\/p>\n<\/div>\n<p>Os dados mostram que o milho \u00e9, de longe, a principal cultura de segunda safra no pa\u00eds. Em 2024, foram identificados 14,7 milh\u00f5es de hectares cultivados com milho nesse sistema, al\u00e9m de 2,5 milh\u00f5es de hectares de algod\u00e3o e 6,5 milh\u00f5es de hectares ocupados por outros cultivos tempor\u00e1rios ou esp\u00e9cies usadas para cobertura do solo.<\/p>\n<p>De acordo com o MapBiomas, cerca de 95% das lavouras de milho de segunda safra foram implantadas ap\u00f3s a colheita da soja, evidenciando a consolida\u00e7\u00e3o desse arranjo produtivo em grandes regi\u00f5es agr\u00edcolas.<\/p>\n<p>Para o professor Eliseu Weber, um dos coordenadores do tema de agricultura do MapBiomas, a segunda safra \u00e9 um elemento central da competitividade da agricultura brasileira. \u201cA segunda safra \u00e9 um trunfo da agricultura tropical na produ\u00e7\u00e3o de gr\u00e3os. Ela incrementa o retorno econ\u00f4mico ao produtor e colabora na conserva\u00e7\u00e3o da vegeta\u00e7\u00e3o nativa, pois permite aumentar a produ\u00e7\u00e3o sem abrir novas \u00e1reas\u201d, afirma.<\/p>\n<p>Segundo Weber, o sistema tamb\u00e9m traz ganhos agron\u00f4micos relevantes. \u201cAl\u00e9m de aproveitar nutrientes remanescentes da cultura anterior, a segunda safra eleva o potencial de sequestro de carbono. O milho, em especial, deixa uma palhada abundante ap\u00f3s a colheita, fundamental para a conserva\u00e7\u00e3o do solo e da \u00e1gua e para a fixa\u00e7\u00e3o de carbono no solo via plantio direto\u201d, diz.<\/p>\n<p>Apesar dos benef\u00edcios, o pesquisador alerta para os riscos associados ao uso mais intensivo do solo. \u201cA expans\u00e3o da segunda safra enfrenta desafios importantes. Um deles \u00e9 a degrada\u00e7\u00e3o do solo pelo uso mais intensivo, o que exige aten\u00e7\u00e3o redobrada \u00e0s pr\u00e1ticas de manejo\u201d, observa. Ele acrescenta que as mudan\u00e7as clim\u00e1ticas tamb\u00e9m imp\u00f5em limites ao sistema. \u201cH\u00e1 uma tend\u00eancia de redu\u00e7\u00e3o das chuvas e de alongamento da esta\u00e7\u00e3o seca, que pode inviabilizar a segunda safra no futuro, especialmente a do milho, em algumas regi\u00f5es\u201d, conclui.<\/p>\n<p><b>Concentra\u00e7\u00e3o nos principais polos do agro brasileiro<\/b><b><\/b><\/p>\n<div id=\"attachment_176660\" style=\"width: 310px\" class=\"wp-caption alignright\"><img data-recalc-dims=\"1\" decoding=\"async\" aria-describedby=\"caption-attachment-176660\" data-attachment-id=\"176660\" data-permalink=\"https:\/\/opresenterural.com.br\/safra-de-milho-do-parana-deve-ter-a-maior-produtividade-media-da-historia-em-2025\/whatsapp_image_2021-05-28_at_14-50-01_1\/\" data-orig-file=\"https:\/\/i0.wp.com\/opresenterural.com.br\/wp-content\/uploads\/2025\/03\/whatsapp_image_2021-05-28_at_14.50.01_1.jpg?fit=1280%2C854&amp;ssl=1\" data-orig-size=\"1280,854\" data-comments-opened=\"0\" data-image-meta=\"{&quot;aperture&quot;:&quot;0&quot;,&quot;credit&quot;:&quot;&quot;,&quot;camera&quot;:&quot;&quot;,&quot;caption&quot;:&quot;&quot;,&quot;created_timestamp&quot;:&quot;0&quot;,&quot;copyright&quot;:&quot;&quot;,&quot;focal_length&quot;:&quot;0&quot;,&quot;iso&quot;:&quot;0&quot;,&quot;shutter_speed&quot;:&quot;0&quot;,&quot;title&quot;:&quot;&quot;,&quot;orientation&quot;:&quot;1&quot;}\" data-image-title=\"campo lavoura\" data-image-description data-image-caption=\"&lt;p&gt;Foto: Gilson Abreu&lt;\/p&gt;\" data-medium-file=\"https:\/\/i0.wp.com\/opresenterural.com.br\/wp-content\/uploads\/2025\/03\/whatsapp_image_2021-05-28_at_14.50.01_1.jpg?fit=300%2C200&amp;ssl=1\" data-large-file=\"https:\/\/i0.wp.com\/opresenterural.com.br\/wp-content\/uploads\/2025\/03\/whatsapp_image_2021-05-28_at_14.50.01_1.jpg?fit=740%2C494&amp;ssl=1\" class=\"size-medium wp-image-176660\" src=\"https:\/\/i0.wp.com\/opresenterural.com.br\/wp-content\/uploads\/2025\/03\/whatsapp_image_2021-05-28_at_14.50.01_1.jpg?resize=300%2C200&amp;ssl=1\" alt width=\"300\" height=\"200\" srcset=\"https:\/\/i0.wp.com\/opresenterural.com.br\/wp-content\/uploads\/2025\/03\/whatsapp_image_2021-05-28_at_14.50.01_1.jpg?resize=300%2C200&amp;ssl=1 300w, https:\/\/i0.wp.com\/opresenterural.com.br\/wp-content\/uploads\/2025\/03\/whatsapp_image_2021-05-28_at_14.50.01_1.jpg?resize=1024%2C683&amp;ssl=1 1024w, https:\/\/i0.wp.com\/opresenterural.com.br\/wp-content\/uploads\/2025\/03\/whatsapp_image_2021-05-28_at_14.50.01_1.jpg?resize=768%2C512&amp;ssl=1 768w, https:\/\/i0.wp.com\/opresenterural.com.br\/wp-content\/uploads\/2025\/03\/whatsapp_image_2021-05-28_at_14.50.01_1.jpg?resize=600%2C400&amp;ssl=1 600w, https:\/\/i0.wp.com\/opresenterural.com.br\/wp-content\/uploads\/2025\/03\/whatsapp_image_2021-05-28_at_14.50.01_1.jpg?w=1280&amp;ssl=1 1280w\" sizes=\"(max-width: 300px) 100vw, 300px\"><\/p>\n<p id=\"caption-attachment-176660\" class=\"wp-caption-text\">Photo: Gilson Abreu<\/p>\n<\/div>\n<p>No recorte regional, o levantamento evidencia a forte concentra\u00e7\u00e3o da segunda safra nos principais polos do agroneg\u00f3cio brasileiro. Em 2024, o Mato Grosso manteve a lideran\u00e7a absoluta, com 7,1 milh\u00f5es de hectares cultivados com milho, o equivalente a 48% de toda a \u00e1rea mapeada dessa cultura na segunda safra, al\u00e9m de 1,6 milh\u00e3o de hectares de algod\u00e3o. O Paran\u00e1 aparece na sequ\u00eancia, com 5 milh\u00f5es de hectares destinados \u00e0 segunda safra, dos quais 2,2 milh\u00f5es de hectares com milho e 2,8 milh\u00f5es de hectares ocupados por outras culturas tempor\u00e1rias ou por plantas de cobertura.<\/p>\n<p>No Mato Grosso do Sul, a segunda safra somou 2 milh\u00f5es de hectares, com predomin\u00e2ncia do milho, que respondeu por 1,9 milh\u00e3o de hectares, enquanto o algod\u00e3o ocupou cerca de 100 mil hectares. Goi\u00e1s apresentou configura\u00e7\u00e3o semelhante, com 2 milh\u00f5es de hectares cultivados na segunda safra, sendo 1,7 milh\u00e3o de hectares com milho e 300 mil hectares com algod\u00e3o.<\/p>\n<p><b>Expans\u00e3o da segunda safra<\/b><b><\/b><\/p>\n<p>A expans\u00e3o da segunda safra est\u00e1 diretamente ligada ao avan\u00e7o da soja na safra de ver\u00e3o. Segundo o MapBiomas, a \u00e1rea cultivada com soja no Brasil saltou de 4,5 milh\u00f5es de hectares em 1985 para 40,7 milh\u00f5es de hectares em 2024. Atualmente, quase dois ter\u00e7os da \u00e1rea agr\u00edcola mapeada no pa\u00eds, cerca de 65%, correspondem a lavouras de soja de primeira safra.<\/p>\n<p><b>Intensifica\u00e7\u00e3o do uso do solo<\/b><b><\/b><\/p>\n<div id=\"attachment_176105\" style=\"width: 310px\" class=\"wp-caption alignleft\"><img loading=\"lazy\" data-recalc-dims=\"1\" decoding=\"async\" aria-describedby=\"caption-attachment-176105\" data-attachment-id=\"176105\" data-permalink=\"https:\/\/opresenterural.com.br\/pesquisa-avalia-viabilidade-economica-do-cultivo-de-soja-precoce-em-solo-arenoso\/whatsapp-image-2025-03-19-at-15-29-06-1-768x1024\/\" data-orig-file=\"https:\/\/i0.wp.com\/opresenterural.com.br\/wp-content\/uploads\/2025\/03\/WhatsApp-Image-2025-03-19-at-15.29.06-1-768x1024-1-e1742580292338.jpeg?fit=768%2C604&amp;ssl=1\" data-orig-size=\"768,604\" data-comments-opened=\"0\" data-image-meta=\"{&quot;aperture&quot;:&quot;0&quot;,&quot;credit&quot;:&quot;&quot;,&quot;camera&quot;:&quot;&quot;,&quot;caption&quot;:&quot;&quot;,&quot;created_timestamp&quot;:&quot;0&quot;,&quot;copyright&quot;:&quot;&quot;,&quot;focal_length&quot;:&quot;0&quot;,&quot;iso&quot;:&quot;0&quot;,&quot;shutter_speed&quot;:&quot;0&quot;,&quot;title&quot;:&quot;&quot;,&quot;orientation&quot;:&quot;0&quot;}\" data-image-title=\"soja solo arenoso\" data-image-description data-image-caption =\"&lt;p&gt;Foto: SAA SP&lt;\/p&gt;\" data-medium-file=\"https:\/\/i0.wp.com\/opresenterural.com.br\/wp-content\/uploads\/2025\/03\/WhatsApp-Image-2025-03-19-at-15.29.06-1-768x1024-1-e1742580292338.jpeg?fit=300%2C236&amp;ssl=1\" data-large-file=\"https:\/\/i0.wp.com\/opresenterural.com.br\/wp-content\/uploads\/2025\/03\/WhatsApp-Image-2025-03-19-at-15.29.06-1-768x1024-1-e1742580292338.jpeg?fit=740%2C582&amp;ssl=1\" class=\"size-medium wp-image-176105\" src=\"https:\/\/i0.wp.com\/opresenterural.com.br\/wp-content\/uploads\/2025\/03\/WhatsApp-Image-2025-03-19-at-15.29.06-1-768x1024-1-e1742580292338-300x236.jpeg?resize=300%2C236&amp;ssl=1\" alt width =\"300\" height=\"236\" srcset=\"https:\/\/i0.wp.com\/opresenterural.com.br\/wp-content\/uploads\/2025\/03\/WhatsApp-Image-2025-03-19-at-15.29.06-1-768x1024-1-e1742580292338.jpeg?resize=300%2C236&amp;ssl=1 300w, https:\/\/i0.wp.com\/opresenterural.com.br\/wp-content\/uploads\/2025\/03\/WhatsApp-Image-2025-03-19-at-15.29.06-1-768x1024-1-e1742580292338.jpeg?resize=600%2C472&amp;ssl=1 600w, https:\/\/i0.wp.com\/opresenterural.com.br\/wp-content\/uploads\/2025\/03\/WhatsApp-Image-2025-03-19-at-15.29.06-1-768x1024-1-e1742580292338.jpeg?w=768&amp;ssl=1 768w\" sizes=\"auto, (max-width: 300px) 100vw, 300px\"><\/p>\n<p id=\"caption-attachment-176105\" class=\"wp-caption-text\">Foto: SAA SP<\/p>\n<\/div>\n<p>Os dados mostram ainda que a intensifica\u00e7\u00e3o do uso do solo \u00e9 regra nesse sistema. Em 2024, 65% da \u00e1rea ocupada por soja na primeira safra apresentou dois ciclos de cultivo, o equivalente a 26,3 milh\u00f5es de hectares, enquanto 6,1% passaram por tr\u00eas ciclos, somando 2,5 milh\u00f5es de hectares. Apenas 21% da \u00e1rea, cerca de 8,6 milh\u00f5es de hectares, foi cultivada em um \u00fanico ciclo.<\/p>\n<p>Ap\u00f3s a colheita da soja, o milho se consolida como a principal cultura sucessora. Em 2024, foram cultivados 14 milh\u00f5es de hectares de milho na segunda safra, al\u00e9m de 2,4 milh\u00f5es de hectares de algod\u00e3o e 6 milh\u00f5es de hectares de outras culturas tempor\u00e1rias. O Mato Grosso concentra a maior parte dessa din\u00e2mica: 6,7 milh\u00f5es de hectares de milho foram plantados ap\u00f3s a soja, o que significa que 94% de todo o milho produzido no estado ocorre em sucess\u00e3o \u00e0 safra de ver\u00e3o. Na sequ\u00eancia aparecem o Paran\u00e1, com 2,2 milh\u00f5es de hectares, e o Mato Grosso do Sul, com 1,8 milh\u00e3o de hectares.<\/p>\n<p>Para Kenia Mour\u00e3o, coordenadora de Agricultura do MapBiomas, o novo mapeamento representa um avan\u00e7o relevante na leitura do uso do solo agr\u00edcola no pa\u00eds. \u201cO mapeamento das principais culturas de segunda safra no Brasil representa um avan\u00e7o no entendimento do uso das \u00e1reas agr\u00edcolas do pa\u00eds, e sua disponibiliza\u00e7\u00e3o pelo MapBiomas marca um passo importante na supera\u00e7\u00e3o dos desafios associados a esse tipo de monitoramento\u201d, afirma.<\/p>\n<p>Segundo ela, a diversidade clim\u00e1tica e a extens\u00e3o territorial do Brasil exigiram o desenvolvimento de uma metodologia capaz de captar diferentes calend\u00e1rios agr\u00edcolas. \u201cEsse processo envolveu a an\u00e1lise detalhada da din\u00e2mica agr\u00edcola de cada estado e a coleta manual e sistem\u00e1tica de amostras ao longo do tempo\u201d, explica Kenia, ressaltando que os resultados est\u00e3o alinhados a estimativas oficiais, como as da Conab, mas reconhece que ainda h\u00e1 lacunas, especialmente em estados como Santa Catarina e Rio Grande do Sul.<\/p>\n<p><b>Culturas permanentes e semipermanentes<\/b><b><\/b><\/p>\n<p>Al\u00e9m das lavouras tempor\u00e1rias, o MapBiomas tamb\u00e9m registrou a expans\u00e3o de culturas permanentes e semipermanentes ao longo das \u00faltimas d\u00e9cadas. A \u00e1rea de cana-de-a\u00e7\u00facar passou de 2,2 milh\u00f5es de hectares em 1985 para 10,1 milh\u00f5es de hectares em 2024.<\/p>\n<p>No mesmo per\u00edodo, o cultivo de arroz cresceu de 390 mil para 1,1 milh\u00e3o de hectares, enquanto os pomares de citrus avan\u00e7aram de 100 mil para 400 mil hectares. O dend\u00ea apresentou um crescimento expressivo, saindo de 10 mil hectares em 1985 para 240 mil hectares em 2024, movimento concentrado principalmente no Par\u00e1. J\u00e1 as \u00e1reas de silvicultura saltaram de 1,56 milh\u00e3o para 9 milh\u00f5es de hectares no per\u00edodo.<\/p>\n<p><b>Uso do territ\u00f3rio<\/b><b><\/b><\/p>\n<p>O levantamento tamb\u00e9m evidencia mudan\u00e7as estruturais no uso do territ\u00f3rio. A expans\u00e3o da agricultura ocorreu majoritariamente sobre \u00e1reas de pastagens, enquanto o avan\u00e7o das pr\u00f3prias pastagens se deu, em grande parte, sobre \u00e1reas de vegeta\u00e7\u00e3o nativa, especialmente forma\u00e7\u00f5es florestais e sav\u00e2nicas.<\/p>\n<p>Ainda assim, os dados indicam um movimento relevante de regenera\u00e7\u00e3o: ao longo das d\u00e9cadas, milh\u00f5es de hectares de pastagens retornaram \u00e0 condi\u00e7\u00e3o de vegeta\u00e7\u00e3o nativa, sobretudo sav\u00e2nica. Foram 1,4 milh\u00e3o de hectares entre 1985 e 1994, 3,5 milh\u00f5es entre 1995 e 2004, 3,9 milh\u00f5es entre 2005 e 2014 e 4,9 milh\u00f5es de hectares entre 2015 e 2024.<\/p>\n<p><b>\u00c1reas de pastagens brasileiras<\/b><b><\/b><\/p>\n<div id=\"attachment_152250\" style=\"width: 310px\" class=\"wp-caption alignright\"><img loading=\"lazy\" data-recalc-dims=\"1\" decoding=\"async\" aria-describedby=\"caption-attachment-152250\" data-attachment-id=\"152250\" data-permalink=\"https:\/\/opresenterural.com.br\/protocolo-permite-estimar-produtividade-e-melhorar-desempenho-de-pastagens\/240723_protocolopastagem_gisele_rosso_bovinos-2\/\" data-orig-file=\"https:\/\/i0.wp.com\/opresenterural.com.br\/wp-content\/uploads\/2024\/07\/240723_ProtocoloPastagem_Gisele_Rosso_bovinos-2.jpg?fit=829%2C591&amp;ssl=1\" data-orig-size=\"829,591\" data-comments-opened=\"0\" data-image-meta=\"{&quot;aperture&quot;:&quot;1.6&quot;,&quot;credit&quot;:&quot;&quot;,&quot;camera&quot;:&quot;iPhone 12&quot;,&quot;caption&quot;:&quot;&quot;,&quot;created_timestamp&quot;:&quot;1614252502&quot;,&quot;copyright&quot;:&quot;&quot;,&quot;focal_length&quot;:&quot;4.2&quot;,&quot;iso&quot;:&quot;32&quot;,&quot;shutter_speed&quot;:&quot;0.00090661831368994&quot;,&quot;title&quot;:&quot;&quot;,&quot;orientation&quot;:&quot;1&quot;}\" data-image-title=\"240723_ProtocoloPastagem_Gisele_Rosso_bovinos 2\" data-image-description data-image-caption =\"&lt;p&gt;Foto: Gisele Rosso&lt;\/p&gt;\" data-medium-file=\"https:\/\/i0.wp.com\/opresenterural.com.br\/wp-content\/uploads\/2024\/07\/240723_ProtocoloPastagem_Gisele_Rosso_bovinos-2.jpg?fit=300%2C214&amp;ssl=1\" data-large-file=\"https:\/\/i0.wp.com\/opresenterural.com.br\/wp-content\/uploads\/2024\/07\/240723_ProtocoloPastagem_Gisele_Rosso_bovinos-2.jpg?fit=740%2C528&amp;ssl=1\" class=\"size-medium wp-image-152250\" src=\"https:\/\/i0.wp.com\/opresenterural.com.br\/wp-content\/uploads\/2024\/07\/240723_ProtocoloPastagem_Gisele_Rosso_bovinos-2.jpg?resize=300%2C214&amp;ssl=1\" alt width =\"300\" height=\"214\" srcset=\"https:\/\/i0.wp.com\/opresenterural.com.br\/wp-content\/uploads\/2024\/07\/240723_ProtocoloPastagem_Gisele_Rosso_bovinos-2.jpg?resize=300%2C214&amp;ssl=1 300w, https:\/\/i0.wp.com\/opresenterural.com.br\/wp-content\/uploads\/2024\/07\/240723_ProtocoloPastagem_Gisele_Rosso_bovinos-2.jpg?resize=768%2C548&amp;ssl=1 768w, https:\/\/i0.wp.com\/opresenterural.com.br\/wp-content\/uploads\/2024\/07\/240723_ProtocoloPastagem_Gisele_Rosso_bovinos-2.jpg?resize=600%2C428&amp;ssl=1 600w, https:\/\/i0.wp.com\/opresenterural.com.br\/wp-content\/uploads\/2024\/07\/240723_ProtocoloPastagem_Gisele_Rosso_bovinos-2.jpg?w=829&amp;ssl=1 829w\" sizes=\"auto, (max-width: 300px) 100vw, 300px\"><\/p>\n<p id=\"caption-attachment-152250\" class=\"wp-caption-text\">Photo: Gisele Rosso<\/p>\n<\/div>\n<p>Apesar de metade das pastagens brasileiras ter mais de 30 anos de idade, cerca de 77,8 milh\u00f5es de hectares, e um ter\u00e7o existir desde 1985, os indicadores de vigor apontam para um quadro relativamente favor\u00e1vel. Apenas 21,6% da \u00e1rea mapeada, ou 33,4 milh\u00f5es de hectares, apresenta baixo vigor, caracterizado por menor produ\u00e7\u00e3o de forragem e maior exposi\u00e7\u00e3o do solo. A maior parte das pastagens est\u00e1 classificada entre m\u00e9dio vigor (43%, ou 66,6 milh\u00f5es de hectares) e alto vigor (35,4%, ou 54,8 milh\u00f5es de hectares).<\/p>\n<p>Entre 2000 e 2024, houve ganho l\u00edquido de vigor em 6,2 milh\u00f5es de hectares de pastagens. Nesse per\u00edodo, o vigor aumentou em 20,8 milh\u00f5es de hectares, enquanto diminuiu em 14,6 milh\u00f5es. Outras 62 milh\u00f5es de hectares mantiveram estabilidade e 11,1 milh\u00f5es de hectares evolu\u00edram para a condi\u00e7\u00e3o de alto vigor, refor\u00e7ando o papel da intensifica\u00e7\u00e3o e do manejo como fatores centrais para a sustentabilidade da pecu\u00e1ria brasileira.<\/p>\n<p><b>Produ\u00e7\u00e3o de biomassa<\/b><b><\/b><\/p>\n<p>o MapBiomas incorporou ao levantamento um indicador considerado central para avaliar a capacidade produtiva das pastagens: a produ\u00e7\u00e3o de biomassa, que expressa a quantidade de mat\u00e9ria vegetal dispon\u00edvel para a alimenta\u00e7\u00e3o do rebanho. Quanto maior esse volume, maior \u00e9 a capacidade de suporte da \u00e1rea. Em 2024, as pastagens brasileiras produziram cerca de 3,63 gigatoneladas de biomassa ou forragem, refor\u00e7ando o papel estrat\u00e9gico da pecu\u00e1ria no uso do territ\u00f3rio nacional.<\/p>\n<p>Os dados mostram diferen\u00e7as relevantes entre biomas. A Amaz\u00f4nia apresentou a maior produtividade de biomassa de pastagem, com valores superiores a 25 toneladas por hectare ao ano. No Cerrado e no Pantanal, a produ\u00e7\u00e3o predominante ficou na faixa de 15 a 20 toneladas por hectare ao ano.<\/p>\n<p>J\u00e1 na Caatinga, as pastagens exibiram produtividade mais baixa, em geral inferior a 15 toneladas por hectare ao ano. Na Mata Atl\u00e2ntica, a biomassa das pastagens apresentou maior variabilidade, com valores que oscilaram entre 10 e 25 toneladas por hectare ao ano, refletindo a heterogeneidade ambiental do bioma.<\/p>\n<div id=\"attachment_165381\" style=\"width: 310px\" class=\"wp-caption alignleft\"><img loading=\"lazy\" data-recalc-dims=\"1\" decoding=\"async\" aria-describedby=\"caption-attachment-165381\" data-attachment-id=\"165381\" data-permalink=\"https:\/\/opresenterural.com.br\/politicas-publicas-do-brasil-para-sustentabilidade-agropecuaria-ganham-destaque-na-cop-16\/pastagem-floresta-foto-breno-lobato-3\/\" data-orig-file=\"https:\/\/i0.wp.com\/opresenterural.com.br\/wp-content\/uploads\/2024\/12\/pastagem-floresta-Foto-Breno-Lobato-e1733945302493.jpeg?fit=609%2C425&amp;ssl=1\" data-orig-size=\"609,425\" data-comments-opened=\"0\" data-image-meta=\"{&quot;aperture&quot;:&quot;2.4&quot;,&quot;credit&quot;:&quot;&quot;,&quot;camera&quot;:&quot;SM-G973F&quot;,&quot;caption&quot;:&quot;&quot;,&quot;created_timestamp&quot;:&quot;1679568985&quot;,&quot;copyright&quot;:&quot;&quot;,&quot;focal_length&quot;:&quot;4.32&quot;,&quot;iso&quot;:&quot;50&quot;,&quot;shutter_speed&quot;:&quot;0.0076335877862595&quot;,&quot;title&quot;:&quot;&quot;,&quot;orientation&quot;:&quot;1&quot;}\" data-image-title=\"pastagem floresta Foto Breno Lobato\" data-image-description data-image-caption =\"&lt;p&gt;Foto: Breno Lobato&lt;\/p&gt;\" data-medium-file=\"https:\/\/i0.wp.com\/opresenterural.com.br\/wp-content\/uploads\/2024\/12\/pastagem-floresta-Foto-Breno-Lobato-e1733945302493.jpeg?fit=300%2C209&amp;ssl=1\" data-large-file=\"https:\/\/i0.wp.com\/opresenterural.com.br\/wp-content\/uploads\/2024\/12\/pastagem-floresta-Foto-Breno-Lobato-e1733945302493.jpeg?fit=609%2C425&amp;ssl=1\" class=\"size-medium wp-image-165381\" src=\"https:\/\/i0.wp.com\/opresenterural.com.br\/wp-content\/uploads\/2024\/12\/pastagem-floresta-Foto-Breno-Lobato-e1733945302493-300x209.jpeg?resize=300%2C209&amp;ssl=1\" alt width =\"300\" height=\"209\" srcset=\"https:\/\/i0.wp.com\/opresenterural.com.br\/wp-content\/uploads\/2024\/12\/pastagem-floresta-Foto-Breno-Lobato-e1733945302493.jpeg?resize=300%2C209&amp;ssl=1 300w, https:\/\/i0.wp.com\/opresenterural.com.br\/wp-content\/uploads\/2024\/12\/pastagem-floresta-Foto-Breno-Lobato-e1733945302493.jpeg?resize=600%2C419&amp;ssl=1 600w, https:\/\/i0.wp.com\/opresenterural.com.br\/wp-content\/uploads\/2024\/12\/pastagem-floresta-Foto-Breno-Lobato-e1733945302493.jpeg?w=609&amp;ssl=1 609w\" sizes=\"auto, (max-width: 300px) 100vw, 300px\"><\/p>\n<p id=\"caption-attachment-165381\" class=\"wp-caption-text\">Foto: Breno Lobato<\/p>\n<\/div>\n<p>Apesar dos indicadores positivos, o levantamento aponta que uma parcela relevante das \u00e1reas de pastagem ainda enfrenta problemas estruturais. \u201cApesar dos bons indicadores de vigor e produ\u00e7\u00e3o de forragem das pastagens brasileiras, os quase 22% de pastagens plantadas mapeadas como sendo de baixo vigor em 2024 sugerem uma condi\u00e7\u00e3o de degrada\u00e7\u00e3o severa\u201d, afirma Laerte Guimar\u00e3es Ferreira, coordenador do tema Pastagem no MapBiomas.<\/p>\n<p>De acordo com ele, essa \u00e1rea, estimada em aproximadamente 34 milh\u00f5es de hectares, representa um potencial estrat\u00e9gico. \u201cTrata-se de uma enorme oportunidade enquanto reserva de terras para outros usos, em converg\u00eancia com o Programa Nacional de Convers\u00e3o de Pastagens Degradadas implementado pelo governo federal\u201d, destaca.<\/p>\n<p><b>Concentra\u00e7\u00e3o territorial das pastagens<\/b><b><\/b><\/p>\n<p>A concentra\u00e7\u00e3o territorial das pastagens tamb\u00e9m \u00e9 marcante. Seis estados re\u00fanem quase 70% de toda a \u00e1rea ocupada por pastagens no pa\u00eds. O Par\u00e1 lidera, com 21,7 milh\u00f5es de hectares, seguido por Mato Grosso (20,2 milh\u00f5es de hectares), Minas Gerais (19,3 milh\u00f5es de hectares), Bahia (14,6 milh\u00f5es de hectares), Mato Grosso do Sul (12,2 milh\u00f5es de hectares) e Goi\u00e1s (12 milh\u00f5es de hectares).<\/p>\n<p>Juntos, esses estados respondem por 69,8% dos 155 milh\u00f5es de hectares de pastagens mapeados no Brasil, consolidando seu peso na din\u00e2mica da pecu\u00e1ria e no debate sobre intensifica\u00e7\u00e3o produtiva e uso sustent\u00e1vel do solo.<\/p>\n<\/div>\n<h6><em>THE <strong>Bela Cereais<\/strong> works with the best grains on the market and also keeps you up to date with the latest news and analyses on agribusiness.<br \/>\nDon&#039;t forget to follow our social networks.<\/em><\/h6>\n<p><a href=\"https:\/\/opresenterural.com.br\/mapa-inedito-revela-intensificacao-do-uso-do-solo-e-consolida-2a-safra-como-eixo-da-producao-agricola-no-brasil\/\" target=\"_blank\" rel=\"noopener\">Access News Source <\/a><\/p>","protected":false},"excerpt":{"rendered":"<p>As atividades agropecu\u00e1rias j\u00e1 ocupam cerca de 32% do territ\u00f3rio brasileiro, segundo dados do MapBiomas,&hellip;<\/p>","protected":false},"author":1,"featured_media":25268,"comment_status":"","ping_status":"","sticky":false,"template":"","format":"standard","meta":{"footnotes":""},"categories":[258],"tags":[],"class_list":["post-26424","post","type-post","status-publish","format-standard","has-post-thumbnail","hentry","category-safra"],"_links":{"self":[{"href":"https:\/\/belacereais.com.br\/en\/wp-json\/wp\/v2\/posts\/26424","targetHints":{"allow":["GET"]}}],"collection":[{"href":"https:\/\/belacereais.com.br\/en\/wp-json\/wp\/v2\/posts"}],"about":[{"href":"https:\/\/belacereais.com.br\/en\/wp-json\/wp\/v2\/types\/post"}],"author":[{"embeddable":true,"href":"https:\/\/belacereais.com.br\/en\/wp-json\/wp\/v2\/users\/1"}],"replies":[{"embeddable":true,"href":"https:\/\/belacereais.com.br\/en\/wp-json\/wp\/v2\/comments?post=26424"}],"version-history":[{"count":0,"href":"https:\/\/belacereais.com.br\/en\/wp-json\/wp\/v2\/posts\/26424\/revisions"}],"wp:featuredmedia":[{"embeddable":true,"href":"https:\/\/belacereais.com.br\/en\/wp-json\/wp\/v2\/media\/25268"}],"wp:attachment":[{"href":"https:\/\/belacereais.com.br\/en\/wp-json\/wp\/v2\/media?parent=26424"}],"wp:term":[{"taxonomy":"category","embeddable":true,"href":"https:\/\/belacereais.com.br\/en\/wp-json\/wp\/v2\/categories?post=26424"},{"taxonomy":"post_tag","embeddable":true,"href":"https:\/\/belacereais.com.br\/en\/wp-json\/wp\/v2\/tags?post=26424"}],"curies":[{"name":"wp","href":"https:\/\/api.w.org\/{rel}","templated":true}]}}