{"id":26425,"date":"2025-12-17T14:17:51","date_gmt":"2025-12-17T18:17:51","guid":{"rendered":"https:\/\/belacereais.com.br\/2025\/safra\/o-custo-do-clima-como-os-extremos-estao-reescrevendo-as-regras-da-economia-global\/"},"modified":"2025-12-17T14:17:51","modified_gmt":"2025-12-17T18:17:51","slug":"o-custo-do-clima-como-os-extremos-estao-reescrevendo-as-regras-da-economia-global","status":"publish","type":"post","link":"https:\/\/belacereais.com.br\/en\/2025\/safra\/o-custo-do-clima-como-os-extremos-estao-reescrevendo-as-regras-da-economia-global\/","title":{"rendered":"O custo do clima: como os extremos est\u00e3o reescrevendo as regras da economia global"},"content":{"rendered":"<p><\/p>\n<div id=\"mvp-content-main\" class=\"left relative\">\n<p>Entramos na d\u00e9cada dos extremos. Ondas de calor recordes, secas prolongadas, enchentes e inc\u00eandios de grandes propor\u00e7\u00f5es deixaram de ser exce\u00e7\u00f5es e passaram a fazer parte do novo cen\u00e1rio global.\u00a0O impacto vai muito al\u00e9m do ambiental: o clima extremo tornou-se um risco macroecon\u00f4mico, capaz de redefinir o custo do dinheiro, o valor dos ativos, os pre\u00e7os das commodities e at\u00e9 a capacidade fiscal dos Estados.<\/p>\n<p>As consequ\u00eancias econ\u00f4micas j\u00e1 s\u00e3o mensur\u00e1veis. Em 2023, os desastres naturais geraram US$280 bilh\u00f5es em perdas econ\u00f4micas, segundo a Swiss Re. Desses, apenas US$108 bilh\u00f5es estavam segurados, revelando um preocupante gap de prote\u00e7\u00e3o financeira. Em 2024, o valor segurado subiu para US$137 bilh\u00f5es, e a proje\u00e7\u00e3o indica\u00a0US$145 bilh\u00f5es anuais at\u00e9 2025, com crescimento m\u00e9dio de 5% a 7% ao ano.<\/p>\n<div id=\"attachment_165936\" style=\"width: 310px\" class=\"wp-caption alignright\"><img fetchpriority=\"high\" data-recalc-dims=\"1\" decoding=\"async\" aria-describedby=\"caption-attachment-165936\" data-attachment-id=\"165936\" data-permalink=\"https:\/\/opresenterural.com.br\/o-urgente-combate-a-desertificacao-no-brasil\/seca-antonio-carlos-mafalda-3\/\" data-orig-file=\"https:\/\/i0.wp.com\/opresenterural.com.br\/wp-content\/uploads\/2024\/12\/seca-Antonio-Carlos-Mafalda-1.jpg?fit=640%2C480&amp;ssl=1\" data-orig-size=\"640,480\" data-comments-opened=\"0\" data-image-meta=\"{&quot;aperture&quot;:&quot;0&quot;,&quot;credit&quot;:&quot;&quot;,&quot;camera&quot;:&quot;&quot;,&quot;caption&quot;:&quot;&quot;,&quot;created_timestamp&quot;:&quot;0&quot;,&quot;copyright&quot;:&quot;&quot;,&quot;focal_length&quot;:&quot;0&quot;,&quot;iso&quot;:&quot;0&quot;,&quot;shutter_speed&quot;:&quot;0&quot;,&quot;title&quot;:&quot;&quot;,&quot;orientation&quot;:&quot;0&quot;}\" data-image-title=\"seca Antonio Carlos Mafalda\" data-image-description data-image-caption=\"&lt;p&gt;Foto: Antonio Carlos Mafalda&lt;\/p&gt;\" data-medium-file=\"https:\/\/i0.wp.com\/opresenterural.com.br\/wp-content\/uploads\/2024\/12\/seca-Antonio-Carlos-Mafalda-1.jpg?fit=300%2C225&amp;ssl=1\" data-large-file=\"https:\/\/i0.wp.com\/opresenterural.com.br\/wp-content\/uploads\/2024\/12\/seca-Antonio-Carlos-Mafalda-1.jpg?fit=640%2C480&amp;ssl=1\" class=\"size-medium wp-image-165936\" src=\"https:\/\/i0.wp.com\/opresenterural.com.br\/wp-content\/uploads\/2024\/12\/seca-Antonio-Carlos-Mafalda-1.jpg?resize=300%2C225&amp;ssl=1\" alt width=\"300\" height=\"225\" srcset=\"https:\/\/i0.wp.com\/opresenterural.com.br\/wp-content\/uploads\/2024\/12\/seca-Antonio-Carlos-Mafalda-1.jpg?resize=300%2C225&amp;ssl=1 300w, https:\/\/i0.wp.com\/opresenterural.com.br\/wp-content\/uploads\/2024\/12\/seca-Antonio-Carlos-Mafalda-1.jpg?resize=600%2C450&amp;ssl=1 600w, https:\/\/i0.wp.com\/opresenterural.com.br\/wp-content\/uploads\/2024\/12\/seca-Antonio-Carlos-Mafalda-1.jpg?w=640&amp;ssl=1 640w\" sizes=\"(max-width: 300px) 100vw, 300px\"><\/p>\n<p id=\"caption-attachment-165936\" class=\"wp-caption-text\">Foto: Antonio Carlos Mafalda<\/p>\n<\/div>\n<p>Mas o dado mais alarmante vem do Banco Mundial: mais de\u00a0US$ 300 bilh\u00f5es por ano em perdas n\u00e3o seguradas.\u00a0S\u00e3o recursos drenados de or\u00e7amentos p\u00fablicos, margens corporativas e renda das fam\u00edlias, pressionando a liquidez e ampliando a vulnerabilidade fiscal de pa\u00edses e empresas.<\/p>\n<p>E os efeitos do clima n\u00e3o terminam quando as enchentes baixam ou o fogo apaga. Eles se estendem em choques inflacion\u00e1rios, perda de produtividade agr\u00edcola, rupturas nas cadeias de suprimentos e aumento do risco-pa\u00eds. O\u00a0Banco Mundial estima que eventos extremos reduzem o PIB de pa\u00edses emergentes em at\u00e9 2% ao ano, enquanto a ONU (UNDRR) alerta que, ao incluir perdas ecol\u00f3gicas e sociais, o impacto \u00e9 ainda maior.<\/p>\n<p>A percep\u00e7\u00e3o de risco tamb\u00e9m mudou no topo do sistema financeiro. Bancos centrais e reguladores passaram a tratar o risco clim\u00e1tico como risco sist\u00eamico. O Banco de Compensa\u00e7\u00f5es Internacionais (BIS) e o Conselho de Estabilidade Financeira (FSB) j\u00e1 alertam para lacunas cr\u00edticas em dados e m\u00e9tricas prudenciais. O Banco Central Europeu (ECB) incluiu o tema em seu Financial Stability Review, destacando vulnerabilidades em setores intensivos em carbono e os riscos de greenwashing e m\u00e1 precifica\u00e7\u00e3o de ativos.<\/p>\n<p>Os eventos convectivos severos \u2013 como granizo, vendavais e tempestades \u2013 tornaram-se a principal fonte de sinistros em v\u00e1rias regi\u00f5es, inclusive na Am\u00e9rica do Sul. O aumento da frequ\u00eancia e intensidade tem elevado pr\u00eamios, ampliado franquias e, em alguns casos, reduzindo a oferta de cobertura, impulsionando a busca por seguros param\u00e9tricos e mecanismos de resili\u00eancia financeira.<\/p>\n<p>Ignorar o risco clim\u00e1tico \u00e9, hoje, o investimento mais caro que uma economia pode fazer.\u00a0Estudos do World Resources Institute mostram que cada US$1 investido em adapta\u00e7\u00e3o e resili\u00eancia gera mais de US$10 em benef\u00edcios ao longo de uma d\u00e9cada, um ROI superior ao de muitos setores tradicionais. Ainda assim, menos de 5% dos fluxos globais de finan\u00e7as clim\u00e1ticas s\u00e3o destinados \u00e0 adapta\u00e7\u00e3o. O resultado \u00e9 previs\u00edvel: os pa\u00edses e empresas mais expostos s\u00e3o tamb\u00e9m os menos preparados.<\/p>\n<p><img data-recalc-dims=\"1\" decoding=\"async\" data-attachment-id=\"165351\" data-permalink=\"https:\/\/opresenterural.com.br\/seca-provoca-prejuizo-us-80-bilhoes-a-soja-no-brasil\/soja-seca-2\/\" data-orig-file=\"https:\/\/i0.wp.com\/opresenterural.com.br\/wp-content\/uploads\/2024\/12\/soja-seca-1.jpg?fit=1400%2C933&amp;ssl=1\" data-orig-size=\"1400,933\" data-comments-opened=\"0\" data-image-meta=\"{&quot;aperture&quot;:&quot;0&quot;,&quot;credit&quot;:&quot;Wenderson Araujo&quot;,&quot;camera&quot;:&quot;&quot;,&quot;caption&quot;:&quot;&quot;,&quot;created_timestamp&quot;:&quot;0&quot;,&quot;copyright&quot;:&quot;TRILUX FOTOGRAFIAS---61 999731323-contato@triluxfotografias.com&quot;,&quot;focal_length&quot;:&quot;0&quot;,&quot;iso&quot;:&quot;0&quot;,&quot;shutter_speed&quot;:&quot;0&quot;,&quot;title&quot;:&quot;&quot;,&quot;orientation&quot;:&quot;0&quot;}\" data-image-title=\"soja seca\" data-image-description data-image-caption=\"&lt;p&gt;Foto: Divulga\u00e7\u00e3o\/Arquivo OPR&lt;\/p&gt;\" data-medium-file=\"https:\/\/i0.wp.com\/opresenterural.com.br\/wp-content\/uploads\/2024\/12\/soja-seca-1.jpg?fit=300%2C200&amp;ssl=1\" data-large-file=\"https:\/\/i0.wp.com\/opresenterural.com.br\/wp-content\/uploads\/2024\/12\/soja-seca-1.jpg?fit=740%2C493&amp;ssl=1\" class=\"size-medium wp-image-165351\" src=\"https:\/\/i0.wp.com\/opresenterural.com.br\/wp-content\/uploads\/2024\/12\/soja-seca-1.jpg?resize=300%2C200&amp;ssl=1\" alt width=\"300\" height=\"200\" srcset=\"https:\/\/i0.wp.com\/opresenterural.com.br\/wp-content\/uploads\/2024\/12\/soja-seca-1.jpg?resize=300%2C200&amp;ssl=1 300w, https:\/\/i0.wp.com\/opresenterural.com.br\/wp-content\/uploads\/2024\/12\/soja-seca-1.jpg?resize=1024%2C682&amp;ssl=1 1024w, https:\/\/i0.wp.com\/opresenterural.com.br\/wp-content\/uploads\/2024\/12\/soja-seca-1.jpg?resize=768%2C512&amp;ssl=1 768w, https:\/\/i0.wp.com\/opresenterural.com.br\/wp-content\/uploads\/2024\/12\/soja-seca-1.jpg?resize=600%2C400&amp;ssl=1 600w, https:\/\/i0.wp.com\/opresenterural.com.br\/wp-content\/uploads\/2024\/12\/soja-seca-1.jpg?w=1400&amp;ssl=1 1400w\" sizes=\"(max-width: 300px) 100vw, 300px\"><\/p>\n<p>Nesse contexto, as finan\u00e7as sustent\u00e1veis consolidam-se como o elo entre estabilidade econ\u00f4mica e prote\u00e7\u00e3o ambiental. A Taxonomia da Uni\u00e3o Europeia trouxe padr\u00f5es objetivos para definir o que \u00e9 \u201cverde\u201d, reduzindo ambiguidades e fortalecendo a confian\u00e7a do investidor. No Brasil, a Taxonomia Sustent\u00e1vel Brasileira segue a mesma l\u00f3gica, criando um marco t\u00e9cnico que conecta o pa\u00eds \u00e0 nova economia global, com foco em transi\u00e7\u00e3o justa, agricultura sustent\u00e1vel e infraestrutura resiliente.<\/p>\n<p>O avan\u00e7o \u00e9 vis\u00edvel tamb\u00e9m no mercado de capitais. O volume de t\u00edtulos GSS+ (Green, Social, Sustainability e Sustainability-linked) ultrapassou US$ 6,9 trilh\u00f5es em emiss\u00f5es acumuladas at\u00e9 2024, com US$ 1,05 trilh\u00e3o emitido apenas no \u00faltimo ano, um crescimento de 31% em rela\u00e7\u00e3o a 2023. Esses recursos t\u00eam financiado energia limpa, agricultura regenerativa, infraestrutura verde e solu\u00e7\u00f5es baseadas na natureza, pavimentando o caminho para uma economia mais resiliente e competitiva.<\/p>\n<h4>Para blindar economias ao clima, \u00e9 fundamental:<\/h4>\n<ol start=\"1\" type=\"1\">\n<li class=\"v1MsoNormal\">Integrar riscos f\u00edsicos e de transi\u00e7\u00e3o\u00a0na an\u00e1lise de cr\u00e9dito, investimento e seguro.<\/li>\n<li class=\"v1MsoNormal\">Ampliar emiss\u00f5es soberanas e subnacionais\u00a0de t\u00edtulos verdes e de sustentabilidade para obras de adapta\u00e7\u00e3o e resili\u00eancia urbana.<\/li>\n<li class=\"v1MsoNormal\">Escalar o blended finance, combinando capital p\u00fablico, filantr\u00f3pico e privado para irriga\u00e7\u00e3o eficiente, infraestrutura azul-verde e prote\u00e7\u00e3o costeira.<\/li>\n<li class=\"v1MsoNormal\">Melhorar dados e m\u00e9tricas clim\u00e1ticas, mensurando perdas evitadas e indicadores de resili\u00eancia, reduzindo incertezas e o custo de capital.<\/li>\n<\/ol>\n<p><img loading=\"lazy\" data-recalc-dims=\"1\" decoding=\"async\" data-attachment-id=\"91136\" data-permalink=\"https:\/\/opresenterural.com.br\/outono-comeca-com-chuvas-intensas-e-queda-de-temperatura-no-sul-e-sudeste-do-pais\/chuvas-2\/\" data-orig-file=\"https:\/\/i0.wp.com\/opresenterural.com.br\/wp-content\/uploads\/2022\/03\/chuvas-1.jpg?fit=1400%2C933&amp;ssl=1\" data-orig-size=\"1400,933\" data-comments-opened=\"1\" data-image-meta=\"{&quot;aperture&quot;:&quot;9&quot;,&quot;credit&quot;:&quot;&quot;,&quot;camera&quot;:&quot;Canon EOS 600D&quot;,&quot;caption&quot;:&quot;&quot;,&quot;created_timestamp&quot;:&quot;1641996934&quot;,&quot;copyright&quot;:&quot;&quot;,&quot;focal_length&quot;:&quot;55&quot;,&quot;iso&quot;:&quot;100&quot;,&quot;shutter_speed&quot;:&quot;0.005&quot;,&quot;title&quot;:&quot;&quot;,&quot;orientation&quot;:&quot;1&quot;}\" data-image-title=\"chuvas\" data-image-description data-image-caption =\"&lt;p&gt;Foto: Divulga\u00e7\u00e3o\/Arquivo OPR&lt;\/p&gt;\" data-medium-file=\"https:\/\/i0.wp.com\/opresenterural.com.br\/wp-content\/uploads\/2022\/03\/chuvas-1.jpg?fit=300%2C200&amp;ssl=1\" data-large-file=\"https:\/\/i0.wp.com\/opresenterural.com.br\/wp-content\/uploads\/2022\/03\/chuvas-1.jpg?fit=740%2C493&amp;ssl=1\" class=\"size-medium wp-image-91136\" src=\"https:\/\/i0.wp.com\/opresenterural.com.br\/wp-content\/uploads\/2022\/03\/chuvas-1.jpg?resize=300%2C200&amp;ssl=1\" alt width =\"300\" height=\"200\" srcset=\"https:\/\/i0.wp.com\/opresenterural.com.br\/wp-content\/uploads\/2022\/03\/chuvas-1.jpg?resize=300%2C200&amp;ssl=1 300w, https:\/\/i0.wp.com\/opresenterural.com.br\/wp-content\/uploads\/2022\/03\/chuvas-1.jpg?resize=1024%2C682&amp;ssl=1 1024w, https:\/\/i0.wp.com\/opresenterural.com.br\/wp-content\/uploads\/2022\/03\/chuvas-1.jpg?resize=768%2C512&amp;ssl=1 768w, https:\/\/i0.wp.com\/opresenterural.com.br\/wp-content\/uploads\/2022\/03\/chuvas-1.jpg?resize=600%2C400&amp;ssl=1 600w, https:\/\/i0.wp.com\/opresenterural.com.br\/wp-content\/uploads\/2022\/03\/chuvas-1.jpg?w=1400&amp;ssl=1 1400w\" sizes=\"auto, (max-width: 300px) 100vw, 300px\"><\/p>\n<p>As finan\u00e7as sustent\u00e1veis deixaram de ser um nicho. Elas s\u00e3o hoje o alicerce da nova economia global. H\u00e1 capital dispon\u00edvel, o desafio \u00e9 alocar com intelig\u00eancia, direcionando recursos para onde geram maior impacto e retorno de longo prazo: resili\u00eancia, adapta\u00e7\u00e3o e desenvolvimento sustent\u00e1vel.<\/p>\n<p>Em um mundo moldado pelo clima, cada d\u00f3lar investido em preven\u00e7\u00e3o evita m\u00faltiplos em perdas futuras. A prosperidade, daqui para frente, ser\u00e1 medida n\u00e3o apenas em crescimento, mas em capacidade de resistir e adaptar-se.<\/p>\n<\/div>\n<h6><em>THE <strong>Bela Cereais<\/strong> works with the best grains on the market and also keeps you up to date with the latest news and analyses on agribusiness.<br \/>\nDon&#039;t forget to follow our social networks.<\/em><\/h6>\n<p><a href=\"https:\/\/opresenterural.com.br\/o-custo-do-clima-como-os-extremos-estao-reescrevendo-as-regras-da-economia-global\/\" target=\"_blank\" rel=\"noopener\">Access News Source <\/a><\/p>","protected":false},"excerpt":{"rendered":"<p>Entramos na d\u00e9cada dos extremos. Ondas de calor recordes, secas prolongadas, enchentes e inc\u00eandios de&hellip;<\/p>","protected":false},"author":1,"featured_media":26095,"comment_status":"","ping_status":"","sticky":false,"template":"","format":"standard","meta":{"footnotes":""},"categories":[258],"tags":[],"class_list":["post-26425","post","type-post","status-publish","format-standard","has-post-thumbnail","hentry","category-safra"],"_links":{"self":[{"href":"https:\/\/belacereais.com.br\/en\/wp-json\/wp\/v2\/posts\/26425","targetHints":{"allow":["GET"]}}],"collection":[{"href":"https:\/\/belacereais.com.br\/en\/wp-json\/wp\/v2\/posts"}],"about":[{"href":"https:\/\/belacereais.com.br\/en\/wp-json\/wp\/v2\/types\/post"}],"author":[{"embeddable":true,"href":"https:\/\/belacereais.com.br\/en\/wp-json\/wp\/v2\/users\/1"}],"replies":[{"embeddable":true,"href":"https:\/\/belacereais.com.br\/en\/wp-json\/wp\/v2\/comments?post=26425"}],"version-history":[{"count":0,"href":"https:\/\/belacereais.com.br\/en\/wp-json\/wp\/v2\/posts\/26425\/revisions"}],"wp:featuredmedia":[{"embeddable":true,"href":"https:\/\/belacereais.com.br\/en\/wp-json\/wp\/v2\/media\/26095"}],"wp:attachment":[{"href":"https:\/\/belacereais.com.br\/en\/wp-json\/wp\/v2\/media?parent=26425"}],"wp:term":[{"taxonomy":"category","embeddable":true,"href":"https:\/\/belacereais.com.br\/en\/wp-json\/wp\/v2\/categories?post=26425"},{"taxonomy":"post_tag","embeddable":true,"href":"https:\/\/belacereais.com.br\/en\/wp-json\/wp\/v2\/tags?post=26425"}],"curies":[{"name":"wp","href":"https:\/\/api.w.org\/{rel}","templated":true}]}}