{"id":26426,"date":"2025-12-17T14:30:07","date_gmt":"2025-12-17T18:30:07","guid":{"rendered":"https:\/\/belacereais.com.br\/2025\/centro-oeste\/retrospectiva-avancos-sanitarios-novos-programas-e-articulacao-politica-marcam-o-agro-de-mato-grosso-do-sul-em-2025\/"},"modified":"2025-12-17T14:30:07","modified_gmt":"2025-12-17T18:30:07","slug":"retrospectiva-avancos-sanitarios-novos-programas-e-articulacao-politica-marcam-o-agro-de-mato-grosso-do-sul-em-2025","status":"publish","type":"post","link":"https:\/\/belacereais.com.br\/en\/2025\/centro-oeste\/retrospectiva-avancos-sanitarios-novos-programas-e-articulacao-politica-marcam-o-agro-de-mato-grosso-do-sul-em-2025\/","title":{"rendered":"Retrospectiva: Avan\u00e7os sanit\u00e1rios, novos programas e articula\u00e7\u00e3o pol\u00edtica marcam o agro de Mato Grosso do Sul em 2025"},"content":{"rendered":"<p><\/p>\n<div class=\"materia\">\n<p>Em um ano marcado por debates intensos, decis\u00f5es estrat\u00e9gicas e avan\u00e7os estruturantes para o agro sul-mato-grossense, a Famasul encerra 2025 com um balan\u00e7o robusto: 331 reuni\u00f5es realizadas at\u00e9 novembro e participa\u00e7\u00e3o ativa em 271 representa\u00e7\u00f5es em conselhos, comiss\u00f5es e f\u00f3runs. A atua\u00e7\u00e3o refor\u00e7ou o protagonismo da entidade na formula\u00e7\u00e3o de pol\u00edticas p\u00fablicas, na defesa agropecu\u00e1ria e na constru\u00e7\u00e3o de solu\u00e7\u00f5es t\u00e9cnicas que impactam diretamente a competitividade das cadeias produtivas de Mato Grosso do Sul.<\/p>\n<p>Na an\u00e1lise do Departamento T\u00e9cnico da Famasul, 2025 foi um ano positivo, com avan\u00e7os sanit\u00e1rios, regulat\u00f3rios e institucionais que fortaleceram a competitividade de Mato Grosso do Sul. Mesmo com press\u00f5es clim\u00e1ticas, tribut\u00e1rias e de mercado, o estado conseguiu ampliar programas, atualizar marcos legais e garantir seguran\u00e7a sanit\u00e1ria.<\/p>\n<p>\u201cA Famasul atuou de forma estrat\u00e9gica na defesa dos interesses dos produtores, buscando melhorar o ambiente de neg\u00f3cios em diversas frentes. Apesar dos desafios, 2025 se consolidou como um ano de grandes entregas que criaram bases s\u00f3lidas para um crescimento sustent\u00e1vel e competitivo nos pr\u00f3ximos anos\u201d, avalia a coordenadora do departamento t\u00e9cnico, Tamiris Azoia.<\/p>\n<p>Em 2025, algumas comiss\u00f5es desempenharam pap\u00e9is especialmente estrat\u00e9gicos para o fortalecimento institucional e para o avan\u00e7o das pol\u00edticas p\u00fablicas no setor agropecu\u00e1rio. A atua\u00e7\u00e3o da Famasul na Comiss\u00e3o Nacional de Equideocultura da CNA foi um dos destaques do ano, funcionando como elo t\u00e9cnico entre as entidades nacionais do segmento do cavalo e a Ag\u00eancia de Defesa Sanit\u00e1ria Animal e Vegetal de Mato Grosso do Sul (IAGRO).<\/p>\n<div id=\"uolpd-video-inarticle\"><\/div>\n<p>\u201cEssa articula\u00e7\u00e3o permitiu compartilhar, com outros estados, tecnologias desenvolvidas e aplicadas em MS, como a Resenha Virtual de Equinos e o App do Transportador, que passaram a ser considerados como refer\u00eancia para o modelo do futuro Passaporte Equestre Nacional\u201d, enfatiza a coordenadora do departamento t\u00e9cnico.<\/p>\n<p><strong>Family farming<\/strong><\/p>\n<p>A Federa\u00e7\u00e3o teve participa\u00e7\u00e3o expressiva nas Confer\u00eancias Territoriais de Agricultura Familiar, por meio do Conselho Estadual de Desenvolvimento Rural e Agricultura Familiar (CEDRAF\/MS).<\/p>\n<p>Outra importante a\u00e7\u00e3o de representa\u00e7\u00e3o, com papel estrat\u00e9gico e impacto direto para os produtores, foi o ITR (Imposto sobre a Propriedade Territorial Rural) 2025. Ao todo foram 05 munic\u00edpios sem reajuste e 28 munic\u00edpios com reajuste de at\u00e9 7% abaixo do valor comunicado anteriormente pelas prefeituras municipais.<\/p>\n<p><strong>Bovinocultura de leite<\/strong><\/p>\n<p>Por meio da Comiss\u00e3o Nacional de Bovinocultura de Leite da CNA (Confedera\u00e7\u00e3o da Agricultura e Pecu\u00e1ria do Brasil), a Famasul contribuiu para a retomada dos estudos de defesa antidumping, item estrat\u00e9gico para proteger a ind\u00fastria e o produtor frente ao aumento das importa\u00e7\u00f5es.<\/p>\n<p>Outro marco foi a entrada de Mato Grosso do Sul na Alian\u00e7a L\u00e1ctea Sul-Brasileira, com participa\u00e7\u00e3o ativa no Grupo de Trabalho de Exporta\u00e7\u00e3o, apoiando propostas para ampliar mercados internacionais, ajustar teores de s\u00f3lidos do leite e incentivar competitividade industrial.<\/p>\n<p>No estado, a Famasul atuou diretamente na C\u00e2mara Setorial do Leite para a constru\u00e7\u00e3o do PROLEITE, lan\u00e7ado durante a Expogrande 2025. Entre os resultados, destacam-se a assinatura do Termo de Coopera\u00e7\u00e3o entre Semadesc e Senar\/MS para protocolos de IATF (Insemina\u00e7\u00e3o Artificial em Tempo Fixo), transfer\u00eancia de embri\u00f5es e o Programa Extraleite, que concede incentivo financeiro no per\u00edodo cr\u00edtico da seca.<\/p>\n<p><strong>Rastreabilidade, sanidade, bioinsumos e enfrentamento aos javalis<\/strong><\/p>\n<p>A Famasul tamb\u00e9m atuou na constru\u00e7\u00e3o do Programa Nacional de Rastreabilidade Individual de Bovinos, defendendo prazos adequados para implementa\u00e7\u00e3o e evitando impactos financeiros imediatos ao produtor.<\/p>\n<p>A conquista de Mato Grosso do Sul e do Brasil como \u00e1reas livres de febre aftosa sem vacina\u00e7\u00e3o encerrou quase uma d\u00e9cada de trabalho cont\u00ednuo. A Famasul contribuiu diretamente para essa conquista por meio de sua atua\u00e7\u00e3o permanente no Comit\u00ea Estadual Gestor do PNEFA 2017\u20132026, com forte participa\u00e7\u00e3o t\u00e9cnica na orienta\u00e7\u00e3o dos produtores sobre vigil\u00e2ncia, monitoramento e transi\u00e7\u00e3o para o novo status. Em 2025, o 8\u00ba F\u00f3rum do Plano Estrat\u00e9gico do PNEFA registrou recorde de p\u00fablico, com 130 participantes presenciais e 280 online, evidenciando o engajamento do setor.<\/p>\n<p>No III F\u00f3rum Estadual de Mudan\u00e7as Clim\u00e1ticas, a entidade assumiu a vice-coordena\u00e7\u00e3o da C\u00e2mara T\u00e9cnica de Conflitos de Coexist\u00eancia entre Popula\u00e7\u00f5es Humanas e Javalis\/Javaporcos, aprofundando an\u00e1lises sobre impactos econ\u00f4micos e riscos sanit\u00e1rios da fauna invasora.<\/p>\n<p>Em \u00e2mbito federal, contribuiu tecnicamente para o debate da Lei do Bioinsumos, garantindo aprimoramentos no marco regulat\u00f3rio, seguran\u00e7a jur\u00eddica e condi\u00e7\u00f5es adequadas de uso pelos produtores.<\/p>\n<p><strong>Piscicultura, aves e su\u00ednos<\/strong><\/p>\n<p>A piscicultura recebeu um dos avan\u00e7os fiscais mais relevantes do ano. Atendendo demanda hist\u00f3rica da C\u00e2mara Setorial, o Governo do Estado publicou decreto que zerou o ICMS nas vendas internas de peixe fresco e congelado e reduziu a 1% o imposto nas opera\u00e7\u00f5es interestaduais, tornando a cadeia mais competitiva.<\/p>\n<p>Nas prote\u00ednas animais, a Famasul, por meio da Comiss\u00e3o Nacional de Aves e Su\u00ednos da CNA, teve papel central no retorno do Foniagro, f\u00f3rum nacional que representa produtores integrados. A articula\u00e7\u00e3o refor\u00e7ou a interlocu\u00e7\u00e3o entre ind\u00fastria e produtores, consolidando o estado como refer\u00eancia no sistema de integra\u00e7\u00e3o.<\/p>\n<p>Houve tamb\u00e9m avan\u00e7os importantes nas rela\u00e7\u00f5es contratuais, onde consultores da CNA\/Famasul conduziram reuni\u00f5es com CADECs (Comiss\u00e3o de Acompanhamento, Desenvolvimento e Concilia\u00e7\u00e3o da Integra\u00e7\u00e3o)da avicultura, resultando em melhorias no pre\u00e7o pago ao produtor e maior equil\u00edbrio nas condi\u00e7\u00f5es dos contratos.<\/p>\n<p><strong>Incentivos fiscais para pulses<\/strong><\/p>\n<p>Com base em estudo t\u00e9cnico da Famasul em parceria com a Aprosoja\/MS, o Governo do Estado publicou o Decreto n\u00ba 16.649\/2025, concedendo diferimento do ICMS nas opera\u00e7\u00f5es internas de carinata, chia, gergelim, gr\u00e3o-de-bico, lentilha e linha\u00e7a. O incentivo reduz custos, estimula o beneficiamento local e fortalece a diversifica\u00e7\u00e3o produtiva.<\/p>\n<p><strong>Um ano de avan\u00e7os<\/strong><\/p>\n<p>Os resultados de 2025 consolidaram bases s\u00f3lidas para novos avan\u00e7os. A previs\u00e3o \u00e9 de um 2026 ainda mais din\u00e2mico, com melhorias estruturais, expans\u00e3o de pol\u00edticas p\u00fablicas e fortalecimento das cadeias produtivas.<\/p>\n<p>Para isso, a Famasul e o Senar\/MS refor\u00e7am seu compromisso de estar ao lado do produtor, ampliando a defesa sanit\u00e1ria, qualificando a m\u00e3o de obra, estimulando competitividade e representando, com firmeza e di\u00e1logo, os interesses do agroneg\u00f3cio sul-mato-grossense.<\/p>\n<\/p><\/div>\n<h6><em>THE <strong>Bela Cereais<\/strong> works with the best grains on the market in the Central West Region and also keeps you up to date with the latest news and analyses on agribusiness.<br \/>\nDon&#039;t forget to follow our social networks.<\/em><\/h6>\n<p><a href=\"https:\/\/www.noticiasagricolas.com.br\/noticias\/boi\/412708-retrospectiva-avancos-sanitarios-novos-programas-e-articulacao-politica-marcam-o-agro-de-mato-grosso-do-sul-em-2025.html?utm_source=parceiros&#038;utm_medium=rss\" target=\"_blank\" rel=\"noopener\">Access News Source <\/a><\/p>","protected":false},"excerpt":{"rendered":"<p>Em um ano marcado por debates intensos, decis\u00f5es estrat\u00e9gicas e avan\u00e7os estruturantes para o agro&hellip;<\/p>","protected":false},"author":1,"featured_media":26427,"comment_status":"","ping_status":"","sticky":false,"template":"","format":"standard","meta":{"footnotes":""},"categories":[90],"tags":[240,239,307,328,330,358,361,414,473,634,635,656,660,792],"class_list":["post-26426","post","type-post","status-publish","format-standard","has-post-thumbnail","hentry","category-centro-oeste","tag-agricultura","tag-agronegocio","tag-arroba","tag-boi","tag-boi-china","tag-carcaca-atacado","tag-carne-bovina","tag-cotacao-do-boi","tag-exportacoes-carne-bovina","tag-pecuaria","tag-pecuaria-de-corte","tag-preco-da-arroba","tag-preco-do-boi","tag-valor-da-arroba"],"_links":{"self":[{"href":"https:\/\/belacereais.com.br\/en\/wp-json\/wp\/v2\/posts\/26426","targetHints":{"allow":["GET"]}}],"collection":[{"href":"https:\/\/belacereais.com.br\/en\/wp-json\/wp\/v2\/posts"}],"about":[{"href":"https:\/\/belacereais.com.br\/en\/wp-json\/wp\/v2\/types\/post"}],"author":[{"embeddable":true,"href":"https:\/\/belacereais.com.br\/en\/wp-json\/wp\/v2\/users\/1"}],"replies":[{"embeddable":true,"href":"https:\/\/belacereais.com.br\/en\/wp-json\/wp\/v2\/comments?post=26426"}],"version-history":[{"count":0,"href":"https:\/\/belacereais.com.br\/en\/wp-json\/wp\/v2\/posts\/26426\/revisions"}],"wp:featuredmedia":[{"embeddable":true,"href":"https:\/\/belacereais.com.br\/en\/wp-json\/wp\/v2\/media\/26427"}],"wp:attachment":[{"href":"https:\/\/belacereais.com.br\/en\/wp-json\/wp\/v2\/media?parent=26426"}],"wp:term":[{"taxonomy":"category","embeddable":true,"href":"https:\/\/belacereais.com.br\/en\/wp-json\/wp\/v2\/categories?post=26426"},{"taxonomy":"post_tag","embeddable":true,"href":"https:\/\/belacereais.com.br\/en\/wp-json\/wp\/v2\/tags?post=26426"}],"curies":[{"name":"wp","href":"https:\/\/api.w.org\/{rel}","templated":true}]}}