{"id":26428,"date":"2025-12-17T14:41:59","date_gmt":"2025-12-17T18:41:59","guid":{"rendered":"https:\/\/belacereais.com.br\/2025\/exportacoes\/por-que-exportar-em-2025-ficou-mais-arriscado-e-nao-e-por-causa-do-preco\/"},"modified":"2025-12-17T14:41:59","modified_gmt":"2025-12-17T18:41:59","slug":"por-que-exportar-em-2025-ficou-mais-arriscado-e-nao-e-por-causa-do-preco","status":"publish","type":"post","link":"https:\/\/belacereais.com.br\/en\/2025\/exportacoes\/por-que-exportar-em-2025-ficou-mais-arriscado-e-nao-e-por-causa-do-preco\/","title":{"rendered":"Por que exportar em 2025 ficou mais arriscado e n\u00e3o \u00e9 por causa do pre\u00e7o"},"content":{"rendered":"<p><\/p>\n<div id=\"mvp-content-main\" class=\"left relative\">\n<p class=\"v1MsoNormal\">Em um ano marcado por choques tarif\u00e1rios, reconfigura\u00e7\u00e3o de fluxos comerciais e recordes hist\u00f3ricos na corrente de com\u00e9rcio, o com\u00e9rcio exterior brasileiro atravessa 2025 sob elevada tens\u00e3o operacional. Embora os n\u00fameros agregados indiquem desempenho robusto, o ambiente para quem exporta se tornou mais complexo, vol\u00e1til e seletivo, exigindo das empresas um n\u00edvel de prepara\u00e7\u00e3o documental sem precedentes.<\/p>\n<p class=\"v1MsoNormal\">Dados oficiais mostram que, at\u00e9 outubro de 2025, o Brasil alcan\u00e7ou US$ 289,7 bilh\u00f5es em exporta\u00e7\u00f5es e US$ 237,3 bilh\u00f5es em importa\u00e7\u00f5es, resultando em um super\u00e1vit de US$ 52,3 bilh\u00f5es e uma corrente de com\u00e9rcio recorde de US$ 527,1 bilh\u00f5es.<\/p>\n<div id=\"attachment_199940\" style=\"width: 310px\" class=\"wp-caption alignright\"><img fetchpriority=\"high\" data-recalc-dims=\"1\" decoding=\"async\" aria-describedby=\"caption-attachment-199940\" data-attachment-id=\"199940\" data-permalink=\"https:\/\/opresenterural.com.br\/por-que-exportar-em-2025-ficou-mais-arriscado-e-nao-e-por-causa-do-preco\/evoto-5\/\" data-orig-file=\"https:\/\/i0.wp.com\/opresenterural.com.br\/wp-content\/uploads\/2025\/12\/Gabriel-Del-Bello-CEO-da-GOLD-TRADUCOES-jpg-e1765966949725.jpg?fit=798%2C682&amp;ssl=1\" data-orig-size=\"798,682\" data-comments-opened=\"0\" data-image-meta=\"{&quot;aperture&quot;:&quot;5.6&quot;,&quot;credit&quot;:&quot;&quot;,&quot;camera&quot;:&quot;NIKON Z 6_2&quot;,&quot;caption&quot;:&quot;Evoto&quot;,&quot;created_timestamp&quot;:&quot;1739874828&quot;,&quot;copyright&quot;:&quot;&quot;,&quot;focal_length&quot;:&quot;50&quot;,&quot;iso&quot;:&quot;320&quot;,&quot;shutter_speed&quot;:&quot;0.008&quot;,&quot;title&quot;:&quot;Evoto&quot;,&quot;orientation&quot;:&quot;1&quot;}\" data-image-title=\"Evoto\" data-image-description data-image-caption=\"&lt;p&gt;Gabriel Del Bello, especialista em\u00a0Interpreta\u00e7\u00e3o e Tradu\u00e7\u00e3o de Idiomas: \u201cEm um ano em que o mercado global se desconfigurou, n\u00e3o basta competir em pre\u00e7o ou escala. Quem n\u00e3o tiver papelada afiada corre o risco de ficar fora\u201d&lt;\/p&gt;\" data-medium-file=\"https:\/\/i0.wp.com\/opresenterural.com.br\/wp-content\/uploads\/2025\/12\/Gabriel-Del-Bello-CEO-da-GOLD-TRADUCOES-jpg-e1765966949725.jpg?fit=300%2C256&amp;ssl=1\" data-large-file=\"https:\/\/i0.wp.com\/opresenterural.com.br\/wp-content\/uploads\/2025\/12\/Gabriel-Del-Bello-CEO-da-GOLD-TRADUCOES-jpg-e1765966949725.jpg?fit=681%2C1024&amp;ssl=1\" class=\"size-medium wp-image-199940\" src=\"https:\/\/i0.wp.com\/opresenterural.com.br\/wp-content\/uploads\/2025\/12\/Gabriel-Del-Bello-CEO-da-GOLD-TRADUCOES-jpg-e1765966949725-300x256.jpg?resize=300%2C256&amp;ssl=1\" alt width=\"300\" height=\"256\" srcset=\"https:\/\/i0.wp.com\/opresenterural.com.br\/wp-content\/uploads\/2025\/12\/Gabriel-Del-Bello-CEO-da-GOLD-TRADUCOES-jpg-e1765966949725.jpg?resize=300%2C256&amp;ssl=1 300w, https:\/\/i0.wp.com\/opresenterural.com.br\/wp-content\/uploads\/2025\/12\/Gabriel-Del-Bello-CEO-da-GOLD-TRADUCOES-jpg-e1765966949725.jpg?resize=768%2C656&amp;ssl=1 768w, https:\/\/i0.wp.com\/opresenterural.com.br\/wp-content\/uploads\/2025\/12\/Gabriel-Del-Bello-CEO-da-GOLD-TRADUCOES-jpg-e1765966949725.jpg?resize=600%2C513&amp;ssl=1 600w, https:\/\/i0.wp.com\/opresenterural.com.br\/wp-content\/uploads\/2025\/12\/Gabriel-Del-Bello-CEO-da-GOLD-TRADUCOES-jpg-e1765966949725.jpg?w=798&amp;ssl=1 798w\" sizes=\"(max-width: 300px) 100vw, 300px\"><\/p>\n<p id=\"caption-attachment-199940\" class=\"wp-caption-text\">Gabriel Del Bello, especialista em\u00a0Interpreta\u00e7\u00e3o e Tradu\u00e7\u00e3o de Idiomas: \u201cEm um ano em que o mercado global se desconfigurou, n\u00e3o basta competir em pre\u00e7o ou escala. Quem n\u00e3o tiver papelada afiada corre o risco de ficar fora\u201d<\/p>\n<\/div>\n<p class=\"v1MsoNormal\">O avan\u00e7o, no entanto, esconde assimetrias relevantes entre setores e mercados. Parte significativa dos exportadores brasileiros sentiu diretamente os efeitos do tarifa\u00e7o, imposto pelos Estados Unidos, com sobretaxas que reduziram competitividade e provocaram retra\u00e7\u00e3o em segmentos espec\u00edficos.<\/p>\n<p class=\"v1MsoNormal\">Diante da perda de espa\u00e7o em mercados tradicionais e da instabilidade cambial, empresas passaram a acelerar a abertura de novos destinos, redesenhar rotas log\u00edsticas e negociar com m\u00faltiplas jurisdi\u00e7\u00f5es ao mesmo tempo. Esse movimento ampliou de forma significativa a complexidade regulat\u00f3ria e documental das opera\u00e7\u00f5es, transformando a gest\u00e3o de pap\u00e9is em um dos principais gargalos do com\u00e9rcio exterior em 2025.<\/p>\n<p class=\"v1MsoNormal\">O que antes era tratado como etapa burocr\u00e1tica passou a ser elemento central da estrat\u00e9gia de exporta\u00e7\u00e3o. Com fluxos globais mais fragmentados e fiscaliza\u00e7\u00e3o internacional mais rigorosa, exig\u00eancias como comprova\u00e7\u00e3o de origem, rastreabilidade e conformidade t\u00e9cnica ganharam peso decisivo na libera\u00e7\u00e3o de cargas.<\/p>\n<p class=\"v1MsoNormal\">A tradu\u00e7\u00e3o t\u00e9cnica e juramentada, especialmente de laudos, fichas de seguran\u00e7a (SDS), certificados de an\u00e1lise, contratos e rotulagens, tornou-se um ponto sens\u00edvel, capaz de definir se uma mercadoria embarca ou permanece retida no porto. \u201cEm um ano em que o mercado global se desconfigurou, n\u00e3o basta competir em pre\u00e7o ou escala. Quem n\u00e3o tiver papelada afiada corre o risco de ficar fora\u201d, afirma Gabriel Del Bello, especialista em\u00a0<span lang=\"PT\">Interpreta\u00e7\u00e3o e Tradu\u00e7\u00e3o de Idiomas.<\/span><\/p>\n<p class=\"v1MsoNormal\">Segundo ele, erros aparentemente pequenos como uma tradu\u00e7\u00e3o imprecisa, um certificado fora do padr\u00e3o exigido pelo pa\u00eds de destino ou uma inconsist\u00eancia entre documentos s\u00e3o suficientes para provocar atrasos, multas ou at\u00e9 a rejei\u00e7\u00e3o de cargas inteiras.<\/p>\n<div id=\"attachment_189498\" style=\"width: 310px\" class=\"wp-caption alignleft\"><img data-recalc-dims=\"1\" decoding=\"async\" aria-describedby=\"caption-attachment-189498\" data-attachment-id=\"189498\" data-permalink=\"https:\/\/opresenterural.com.br\/portos-do-parana-bate-recorde-de-movimentacao-em-um-unico-mes-73-milhoes-de-toneladas\/default-153\/\" data-orig-file=\"https:\/\/i0.wp.com\/opresenterural.com.br\/wp-content\/uploads\/2025\/08\/portos-porto-Foto-Claudio-Neves-Portos-do-Parana.jpg?fit=1400%2C933&amp;ssl=1\" data-orig-size=\"1400,933\" data-comments-opened=\"0\" data-image-meta=\"{&quot;aperture&quot;:&quot;1.7&quot;,&quot;credit&quot;:&quot;&quot;,&quot;camera&quot;:&quot;FC8482&quot;,&quot;caption&quot;:&quot;default&quot;,&quot;created_timestamp&quot;:&quot;1753871280&quot;,&quot;copyright&quot;:&quot;&quot;,&quot;focal_length&quot;:&quot;6.72&quot;,&quot;iso&quot;:&quot;100&quot;,&quot;shutter_speed&quot;:&quot;0.00025&quot;,&quot;title&quot;:&quot;default&quot;,&quot;orientation&quot;:&quot;1&quot;}\" data-image-title=\"porto\" data-image-description=\"&lt;p&gt;Foto: Claudio Neves&lt;\/p&gt;\" data-image-caption=\"&lt;p&gt;Foto: Claudio Neves&lt;\/p&gt;\" data-medium-file=\"https:\/\/i0.wp.com\/opresenterural.com.br\/wp-content\/uploads\/2025\/08\/portos-porto-Foto-Claudio-Neves-Portos-do-Parana.jpg?fit=300%2C200&amp;ssl=1\" data-large-file=\"https:\/\/i0.wp.com\/opresenterural.com.br\/wp-content\/uploads\/2025\/08\/portos-porto-Foto-Claudio-Neves-Portos-do-Parana.jpg?fit=740%2C493&amp;ssl=1\" class=\"size-medium wp-image-189498\" src=\"https:\/\/i0.wp.com\/opresenterural.com.br\/wp-content\/uploads\/2025\/08\/portos-porto-Foto-Claudio-Neves-Portos-do-Parana.jpg?resize=300%2C200&amp;ssl=1\" alt width=\"300\" height=\"200\" srcset=\"https:\/\/i0.wp.com\/opresenterural.com.br\/wp-content\/uploads\/2025\/08\/portos-porto-Foto-Claudio-Neves-Portos-do-Parana.jpg?resize=300%2C200&amp;ssl=1 300w, https:\/\/i0.wp.com\/opresenterural.com.br\/wp-content\/uploads\/2025\/08\/portos-porto-Foto-Claudio-Neves-Portos-do-Parana.jpg?resize=1024%2C682&amp;ssl=1 1024w, https:\/\/i0.wp.com\/opresenterural.com.br\/wp-content\/uploads\/2025\/08\/portos-porto-Foto-Claudio-Neves-Portos-do-Parana.jpg?resize=768%2C512&amp;ssl=1 768w, https:\/\/i0.wp.com\/opresenterural.com.br\/wp-content\/uploads\/2025\/08\/portos-porto-Foto-Claudio-Neves-Portos-do-Parana.jpg?resize=600%2C400&amp;ssl=1 600w, https:\/\/i0.wp.com\/opresenterural.com.br\/wp-content\/uploads\/2025\/08\/portos-porto-Foto-Claudio-Neves-Portos-do-Parana.jpg?w=1400&amp;ssl=1 1400w\" sizes=\"(max-width: 300px) 100vw, 300px\"><\/p>\n<p id=\"caption-attachment-189498\" class=\"wp-caption-text\">Photo: Claudio Neves<\/p>\n<\/div>\n<p class=\"v1MsoNormal\">Al\u00e9m disso, o aumento no n\u00famero de mercados atendidos elevou o volume de dossi\u00eas t\u00e9cnicos e contratos simult\u00e2neos, exigindo sistemas de versionamento, hist\u00f3rico de revis\u00f5es e controle rigoroso de prazos. Em um ambiente em que tarifas e regras mudam rapidamente, o tempo para corrigir falhas diminuiu, ampliando o risco operacional. \u201cEste ano deixou claro que a diferen\u00e7a entre embarcar ou ver um cont\u00eainer parado muitas vezes n\u00e3o est\u00e1 no pre\u00e7o, mas na documenta\u00e7\u00e3o correta\u201d, resume Del Bello.<\/p>\n<p class=\"v1MsoNormal\">Para 2026, a avalia\u00e7\u00e3o \u00e9 de que a press\u00e3o por conformidade tende a aumentar. Importadores, autoridades sanit\u00e1rias e aduaneiras devem manter ou ampliar o rigor na an\u00e1lise documental, especialmente em um contexto de disputas comerciais e maior preocupa\u00e7\u00e3o com seguran\u00e7a, sustentabilidade e rastreabilidade.<\/p>\n<p class=\"v1MsoNormal\">Diante desse cen\u00e1rio, Del Bello recomenda que os exportadores entrem no pr\u00f3ximo ano com planejamento pr\u00e9vio, mapeamento detalhado das exig\u00eancias de cada mercado e processos estruturados de compliance regulat\u00f3rio. \u201cQuem chegar a 2026 com checklist pronto, documentos alinhados e tradu\u00e7\u00e3o t\u00e9cnica adequada ter\u00e1 vantagem competitiva e maior seguran\u00e7a para operar globalmente, mesmo em um ambiente inst\u00e1vel\u201d, aponta.<\/p>\n<\/div>\n<h6><em>THE <strong>Bela Cereais<\/strong> works with the best grains on the market and also keeps you up to date with the latest news and analyses on agribusiness.<br \/>\nDon&#039;t forget to follow our social networks.<\/em><\/h6>\n<p><a href=\"https:\/\/opresenterural.com.br\/por-que-exportar-em-2025-ficou-mais-arriscado-e-nao-e-por-causa-do-preco\/\" target=\"_blank\" rel=\"noopener\">Access News Source <\/a><\/p>","protected":false},"excerpt":{"rendered":"<p>Em um ano marcado por choques tarif\u00e1rios, reconfigura\u00e7\u00e3o de fluxos comerciais e recordes hist\u00f3ricos na&hellip;<\/p>","protected":false},"author":1,"featured_media":26429,"comment_status":"","ping_status":"","sticky":false,"template":"","format":"standard","meta":{"footnotes":""},"categories":[7],"tags":[],"class_list":["post-26428","post","type-post","status-publish","format-standard","has-post-thumbnail","hentry","category-exportacoes"],"_links":{"self":[{"href":"https:\/\/belacereais.com.br\/en\/wp-json\/wp\/v2\/posts\/26428","targetHints":{"allow":["GET"]}}],"collection":[{"href":"https:\/\/belacereais.com.br\/en\/wp-json\/wp\/v2\/posts"}],"about":[{"href":"https:\/\/belacereais.com.br\/en\/wp-json\/wp\/v2\/types\/post"}],"author":[{"embeddable":true,"href":"https:\/\/belacereais.com.br\/en\/wp-json\/wp\/v2\/users\/1"}],"replies":[{"embeddable":true,"href":"https:\/\/belacereais.com.br\/en\/wp-json\/wp\/v2\/comments?post=26428"}],"version-history":[{"count":0,"href":"https:\/\/belacereais.com.br\/en\/wp-json\/wp\/v2\/posts\/26428\/revisions"}],"wp:featuredmedia":[{"embeddable":true,"href":"https:\/\/belacereais.com.br\/en\/wp-json\/wp\/v2\/media\/26429"}],"wp:attachment":[{"href":"https:\/\/belacereais.com.br\/en\/wp-json\/wp\/v2\/media?parent=26428"}],"wp:term":[{"taxonomy":"category","embeddable":true,"href":"https:\/\/belacereais.com.br\/en\/wp-json\/wp\/v2\/categories?post=26428"},{"taxonomy":"post_tag","embeddable":true,"href":"https:\/\/belacereais.com.br\/en\/wp-json\/wp\/v2\/tags?post=26428"}],"curies":[{"name":"wp","href":"https:\/\/api.w.org\/{rel}","templated":true}]}}