{"id":26431,"date":"2025-12-18T09:52:46","date_gmt":"2025-12-18T13:52:46","guid":{"rendered":"https:\/\/belacereais.com.br\/2025\/centro-oeste\/clima-irregular-antecipa-pragas-e-pressiona-a-safra-de-soja-no-leste-de-mt\/"},"modified":"2025-12-18T09:52:46","modified_gmt":"2025-12-18T13:52:46","slug":"clima-irregular-antecipa-pragas-e-pressiona-a-safra-de-soja-no-leste-de-mt","status":"publish","type":"post","link":"https:\/\/belacereais.com.br\/en\/2025\/centro-oeste\/clima-irregular-antecipa-pragas-e-pressiona-a-safra-de-soja-no-leste-de-mt\/","title":{"rendered":"Clima irregular antecipa pragas e pressiona a safra de soja no leste de MT"},"content":{"rendered":"<p><\/p>\n<div class=\"materia\">\n<p>Produtores de soja da regi\u00e3o leste de Mato Grosso relatam que a irregularidade clim\u00e1tica e o surgimento precoce de pragas est\u00e3o entre os principais desafios da safra 2025\/26, com impactos no desenvolvimento inicial das lavouras e na previs\u00e3o de colheita.<\/p>\n<p>O 12\u00ba epis\u00f3dio da s\u00e9rie &#8220;MT Clima e Mercado&#8221;, da Associa\u00e7\u00e3o dos Produtores de Soja e Milho de Mato Grosso (Aprosoja MT), documentou as condi\u00e7\u00f5es das lavouras nos munic\u00edpios de S\u00e3o Jos\u00e9 do Xingu e Porto Alegre do Norte. Al\u00e9m dos fatores clim\u00e1ticos, os agricultores demonstraram preocupa\u00e7\u00e3o com a capacidade de armazenamento e a log\u00edstica para o escoamento da produ\u00e7\u00e3o.<\/p>\n<p>Em Porto Alegre do Norte, o produtor Guilherme Resende Cruvinel afirmou que veranicos (per\u00edodos de estiagem) nas primeiras semanas ap\u00f3s o plantio, realizado em setembro, comprometeram o desenvolvimento da soja. &#8220;Com certeza interferiu um pouco [no potencial produtivo]&#8221;, avaliou. Ele tamb\u00e9m destacou o gargalo log\u00edstico da regi\u00e3o. &#8220;A regi\u00e3o ainda tem um gargalo de armaz\u00e9ns, o que vai dificultar e ser\u00e1 uma preocupa\u00e7\u00e3o na hora da colheita&#8221;, pontuou.<\/p>\n<p>Reginaldo Brunetta, delegado coordenador do N\u00facleo Araguaia Xingu, observou que o clima mais seco antecipou a incid\u00eancia de\u00a0<a href=\"https:\/\/brasmaxgenetica.com.br\/blog\/principais-pragas-soja\/\" rel=\"nofollow noreferrer noopener\" target=\"_blank\">pragas da soja<\/a>\u00a0como mosca-branca e percevejo, principalmente nas \u00e1reas plantadas mais cedo.<\/p>\n<div id=\"uolpd-video-inarticle\"><\/div>\n<p>Em S\u00e3o Jos\u00e9 do Xingu, o produtor Douglas Michels relatou que a instabilidade das chuvas levou \u00e0 necessidade de replantio em aproximadamente 400 hectares de sua propriedade. &#8220;Tivemos algumas \u00e1reas de replantio e alguns problemas de estande&#8221;, explicou. Michels tamb\u00e9m apontou a mosca-branca como uma das principais preocupa\u00e7\u00f5es para o restante da safra.<\/p>\n<p>\u00a0<\/p>\n<p>A s\u00e9rie segue nesta quarta-feira (17) pelos munic\u00edpios de Quer\u00eancia, \u00c1gua Boa e Nova Xavantina para monitorar as condi\u00e7\u00f5es das lavouras em diferentes regi\u00f5es do estado.<\/p>\n<\/p><\/div>\n<h6><em>THE <strong>Bela Cereais<\/strong> works with the best grains on the market in the Central West Region and also keeps you up to date with the latest news and analyses on agribusiness.<br \/>\nDon&#039;t forget to follow our social networks.<\/em><\/h6>\n<p><a href=\"https:\/\/www.noticiasagricolas.com.br\/noticias\/soja\/412758-clima-irregular-antecipa-pragas-e-pressiona-a-safra-de-soja-no-leste-de-mt.html?utm_source=parceiros&#038;utm_medium=rss\" target=\"_blank\" rel=\"noopener\">Access News Source <\/a><\/p>","protected":false},"excerpt":{"rendered":"<p>Produtores de soja da regi\u00e3o leste de Mato Grosso relatam que a irregularidade clim\u00e1tica e&hellip;<\/p>","protected":false},"author":1,"featured_media":26432,"comment_status":"","ping_status":"","sticky":false,"template":"","format":"standard","meta":{"footnotes":""},"categories":[90],"tags":[240,239,751],"class_list":["post-26431","post","type-post","status-publish","format-standard","has-post-thumbnail","hentry","category-centro-oeste","tag-agricultura","tag-agronegocio","tag-soja"],"_links":{"self":[{"href":"https:\/\/belacereais.com.br\/en\/wp-json\/wp\/v2\/posts\/26431","targetHints":{"allow":["GET"]}}],"collection":[{"href":"https:\/\/belacereais.com.br\/en\/wp-json\/wp\/v2\/posts"}],"about":[{"href":"https:\/\/belacereais.com.br\/en\/wp-json\/wp\/v2\/types\/post"}],"author":[{"embeddable":true,"href":"https:\/\/belacereais.com.br\/en\/wp-json\/wp\/v2\/users\/1"}],"replies":[{"embeddable":true,"href":"https:\/\/belacereais.com.br\/en\/wp-json\/wp\/v2\/comments?post=26431"}],"version-history":[{"count":0,"href":"https:\/\/belacereais.com.br\/en\/wp-json\/wp\/v2\/posts\/26431\/revisions"}],"wp:featuredmedia":[{"embeddable":true,"href":"https:\/\/belacereais.com.br\/en\/wp-json\/wp\/v2\/media\/26432"}],"wp:attachment":[{"href":"https:\/\/belacereais.com.br\/en\/wp-json\/wp\/v2\/media?parent=26431"}],"wp:term":[{"taxonomy":"category","embeddable":true,"href":"https:\/\/belacereais.com.br\/en\/wp-json\/wp\/v2\/categories?post=26431"},{"taxonomy":"post_tag","embeddable":true,"href":"https:\/\/belacereais.com.br\/en\/wp-json\/wp\/v2\/tags?post=26431"}],"curies":[{"name":"wp","href":"https:\/\/api.w.org\/{rel}","templated":true}]}}