{"id":26634,"date":"2026-01-20T08:39:42","date_gmt":"2026-01-20T12:39:42","guid":{"rendered":"https:\/\/belacereais.com.br\/2026\/milho\/segunda-safra-de-milho-entra-no-momento-mais-critico-do-ciclo\/"},"modified":"2026-01-20T08:39:42","modified_gmt":"2026-01-20T12:39:42","slug":"segunda-safra-de-milho-entra-no-momento-mais-critico-do-ciclo","status":"publish","type":"post","link":"https:\/\/belacereais.com.br\/en\/2026\/milho\/segunda-safra-de-milho-entra-no-momento-mais-critico-do-ciclo\/","title":{"rendered":"Segunda safra de milho entra no momento mais cr\u00edtico do ciclo"},"content":{"rendered":"<p><\/p>\n<div id=\"mvp-content-main\" class=\"left relative\">\n<p>O campo entra agora em um dos momentos mais estrat\u00e9gicos para a agricultura brasileira: o in\u00edcio do plantio do milho segunda safra. Cada decis\u00e3o tomada nesse curto intervalo de tempo influencia diretamente o desempenho da lavoura ao longo de todo o ciclo. O sucesso do milho safrinha est\u00e1 diretamente ligado \u00e0 qualidade das sementes, adequa\u00e7\u00e3o do h\u00edbrido \u00e0 janela dispon\u00edvel e uniformidade no plantio.<\/p>\n<p>De acordo com o engenheiro agr\u00f4nomo, Marcos Boel, o bom estabelecimento da lavoura come\u00e7a antes mesmo da semeadura. \u201cO ponto principal \u00e9 a escolha correta do h\u00edbrido, que precisa estar adaptado \u00e0 regi\u00e3o, \u00e0 data de plantio e ao n\u00edvel de investimento que o agricultor est\u00e1 disposto a fazer. A qualidade f\u00edsica e fisiol\u00f3gica da semente, condi\u00e7\u00f5es clim\u00e1ticas de plantio e a tecnologia envolvida, com equipamentos bem regulados, tamb\u00e9m s\u00e3o fundamentais\u201d, afirma.<\/p>\n<p><img fetchpriority=\"high\" data-recalc-dims=\"1\" decoding=\"async\" data-attachment-id=\"201485\" data-permalink=\"https:\/\/opresenterural.com.br\/segunda-safra-de-milho-entra-no-momento-mais-critico-do-ciclo\/milho-foto-divulgacao\/\" data-orig-file=\"https:\/\/i0.wp.com\/opresenterural.com.br\/wp-content\/uploads\/2026\/01\/milho-foto-divulgacao.jpg?fit=1400%2C1050&amp;ssl=1\" data-orig-size=\"1400,1050\" data-comments-opened=\"0\" data-image-meta=\"{&quot;aperture&quot;:&quot;0&quot;,&quot;credit&quot;:&quot;&quot;,&quot;camera&quot;:&quot;&quot;,&quot;caption&quot;:&quot;&quot;,&quot;created_timestamp&quot;:&quot;0&quot;,&quot;copyright&quot;:&quot;&quot;,&quot;focal_length&quot;:&quot;0&quot;,&quot;iso&quot;:&quot;0&quot;,&quot;shutter_speed&quot;:&quot;0&quot;,&quot;title&quot;:&quot;&quot;,&quot;orientation&quot;:&quot;0&quot;}\" data-image-title=\"milho foto divulga\u00e7\u00e3o\" data-image-description data-image-caption data-medium-file=\"https:\/\/i0.wp.com\/opresenterural.com.br\/wp-content\/uploads\/2026\/01\/milho-foto-divulgacao.jpg?fit=300%2C225&amp;ssl=1\" data-large-file=\"https:\/\/i0.wp.com\/opresenterural.com.br\/wp-content\/uploads\/2026\/01\/milho-foto-divulgacao.jpg?fit=740%2C555&amp;ssl=1\" class=\"size-medium wp-image-201485 alignleft\" src=\"https:\/\/i0.wp.com\/opresenterural.com.br\/wp-content\/uploads\/2026\/01\/milho-foto-divulgacao.jpg?resize=300%2C225&amp;ssl=1\" alt width=\"300\" height=\"225\" srcset=\"https:\/\/i0.wp.com\/opresenterural.com.br\/wp-content\/uploads\/2026\/01\/milho-foto-divulgacao.jpg?resize=300%2C225&amp;ssl=1 300w, https:\/\/i0.wp.com\/opresenterural.com.br\/wp-content\/uploads\/2026\/01\/milho-foto-divulgacao.jpg?resize=1024%2C768&amp;ssl=1 1024w, https:\/\/i0.wp.com\/opresenterural.com.br\/wp-content\/uploads\/2026\/01\/milho-foto-divulgacao.jpg?resize=768%2C576&amp;ssl=1 768w, https:\/\/i0.wp.com\/opresenterural.com.br\/wp-content\/uploads\/2026\/01\/milho-foto-divulgacao.jpg?resize=600%2C450&amp;ssl=1 600w, https:\/\/i0.wp.com\/opresenterural.com.br\/wp-content\/uploads\/2026\/01\/milho-foto-divulgacao.jpg?w=1400&amp;ssl=1 1400w\" sizes=\"(max-width: 300px) 100vw, 300px\">A janela ideal de plantio, que normalmente se estende de meados de janeiro at\u00e9 o final de fevereiro, pode ser ainda mais curta em anos de atraso na colheita da soja ou de irregularidade clim\u00e1tica. \u201c\u00c9 um verdadeiro jogo contra o tempo. Um dia de atraso no plantio pode representar uma perda significativa de produtividade no final do ciclo. Por isso, a semente precisa estar na propriedade com anteced\u00eancia, pronta para uso, com alta qualidade assegurada. Quanto mais cedo o milho entra em campo, maior \u00e9 o teto produtivo\u201d, destaca.<\/p>\n<p>Os primeiros sinais de que o milho safrinha come\u00e7ou bem aparecem logo ap\u00f3s a emerg\u00eancia. A contagem do estande, a velocidade de emerg\u00eancia e a uniformidade das plantas, que est\u00e1 diretamente relacionada a fatores como padr\u00e3o de peneira, germina\u00e7\u00e3o e vigor das sementes, s\u00e3o indicadores essenciais. \u201cO milho cresce muito r\u00e1pido. Uma emerg\u00eancia desuniforme gera plantas de tamanhos diferentes, e uma acaba dominando a outra\u201d, explica Boel.<\/p>\n<p>O monitoramento inicial da lavoura tamb\u00e9m \u00e9 indispens\u00e1vel. Pragas como percevejos, lagartas e a cigarrinha devem ser acompanhadas desde as primeiras folhas. Um bom tratamento de sementes \u00e9 fundamental para proteger a planta nas fases iniciais, promovendo emerg\u00eancia uniforme e reduzindo riscos com pragas e doen\u00e7as.<\/p>\n<p>Nos \u00faltimos anos, o milho safrinha deixou de ser uma cultura complementar e se tornou protagonista na rentabilidade do produtor. Em muitas propriedades, \u00e9 a principal fonte de resultado da safra. A cultura ganhou escala, tecnologia e import\u00e2ncia econ\u00f4mica. Mesmo assim, seu potencial produtivo ainda \u00e9 pouco explorado. \u201cO potencial do milho \u00e9 gigantesco no Brasil, mas ainda exploramos muito pouco. H\u00e1 um caminho grande para avan\u00e7ar em produtividade, principalmente com decis\u00f5es mais assertivas no plantio\u201d, enfatiza.<\/p>\n<\/div>\n<h6><em>THE <strong>Bela Cereais<\/strong> works with the best grains on the market and also keeps you up to date with the latest news and analyses on agribusiness.<br \/>\nDon&#039;t forget to follow our social networks.<\/em><\/h6>\n<p><a href=\"https:\/\/opresenterural.com.br\/segunda-safra-de-milho-entra-no-momento-mais-critico-do-ciclo\/\" target=\"_blank\" rel=\"noopener\">Access News Source <\/a><\/p>","protected":false},"excerpt":{"rendered":"<p>O campo entra agora em um dos momentos mais estrat\u00e9gicos para a agricultura brasileira: o&hellip;<\/p>","protected":false},"author":1,"featured_media":26635,"comment_status":"","ping_status":"","sticky":false,"template":"","format":"standard","meta":{"footnotes":""},"categories":[223],"tags":[],"class_list":["post-26634","post","type-post","status-publish","format-standard","has-post-thumbnail","hentry","category-milho"],"_links":{"self":[{"href":"https:\/\/belacereais.com.br\/en\/wp-json\/wp\/v2\/posts\/26634","targetHints":{"allow":["GET"]}}],"collection":[{"href":"https:\/\/belacereais.com.br\/en\/wp-json\/wp\/v2\/posts"}],"about":[{"href":"https:\/\/belacereais.com.br\/en\/wp-json\/wp\/v2\/types\/post"}],"author":[{"embeddable":true,"href":"https:\/\/belacereais.com.br\/en\/wp-json\/wp\/v2\/users\/1"}],"replies":[{"embeddable":true,"href":"https:\/\/belacereais.com.br\/en\/wp-json\/wp\/v2\/comments?post=26634"}],"version-history":[{"count":0,"href":"https:\/\/belacereais.com.br\/en\/wp-json\/wp\/v2\/posts\/26634\/revisions"}],"wp:featuredmedia":[{"embeddable":true,"href":"https:\/\/belacereais.com.br\/en\/wp-json\/wp\/v2\/media\/26635"}],"wp:attachment":[{"href":"https:\/\/belacereais.com.br\/en\/wp-json\/wp\/v2\/media?parent=26634"}],"wp:term":[{"taxonomy":"category","embeddable":true,"href":"https:\/\/belacereais.com.br\/en\/wp-json\/wp\/v2\/categories?post=26634"},{"taxonomy":"post_tag","embeddable":true,"href":"https:\/\/belacereais.com.br\/en\/wp-json\/wp\/v2\/tags?post=26634"}],"curies":[{"name":"wp","href":"https:\/\/api.w.org\/{rel}","templated":true}]}}