{"id":26671,"date":"2026-01-23T07:28:41","date_gmt":"2026-01-23T11:28:41","guid":{"rendered":"https:\/\/belacereais.com.br\/2026\/soja\/esmagamento-de-soja-no-brasil-deve-chegar-a-61-milhoes-de-toneladas-em-2026\/"},"modified":"2026-01-23T07:28:41","modified_gmt":"2026-01-23T11:28:41","slug":"esmagamento-de-soja-no-brasil-deve-chegar-a-61-milhoes-de-toneladas-em-2026","status":"publish","type":"post","link":"https:\/\/belacereais.com.br\/en\/2026\/soja\/esmagamento-de-soja-no-brasil-deve-chegar-a-61-milhoes-de-toneladas-em-2026\/","title":{"rendered":"Esmagamento de soja no Brasil deve chegar a 61 milh\u00f5es de toneladas em 2026"},"content":{"rendered":"<p><\/p>\n<div id=\"mvp-content-main\" class=\"left relative\">\n<p style=\"text-align: justify; margin: 0cm 0cm 8.0pt 0cm;\"><span style=\"font-family: 'Calibri',sans-serif; color: black;\">A Associa\u00e7\u00e3o Brasileira das Ind\u00fastrias de \u00d3leos Vegetais (Abiove) atualizou suas proje\u00e7\u00f5es para o complexo soja, evidenciando o protagonismo do processamento interno. O grande destaque do novo balan\u00e7o \u00e9 a expectativa de que o esmagamento de soja no Brasil alcance o patamar recorde de 61 milh\u00f5es de toneladas em 2026, representando um aumento de 0,8% em rela\u00e7\u00e3o \u00e0 estimativa anterior.<\/span><\/p>\n<div id=\"attachment_185834\" style=\"width: 310px\" class=\"wp-caption alignleft\"><img fetchpriority=\"high\" data-recalc-dims=\"1\" decoding=\"async\" aria-describedby=\"caption-attachment-185834\" data-attachment-id=\"185834\" data-permalink=\"https:\/\/opresenterural.com.br\/desafio-nacional-de-maxima-produtividade-de-soja-comprova-boas-praticas-agricolas\/soja-abre\/\" data-orig-file=\"https:\/\/i0.wp.com\/opresenterural.com.br\/wp-content\/uploads\/2025\/06\/soja-ABRE.jpg?fit=708%2C409&amp;ssl=1\" data-orig-size=\"708,409\" data-comments-opened=\"0\" data-image-meta=\"{&quot;aperture&quot;:&quot;0&quot;,&quot;credit&quot;:&quot;&quot;,&quot;camera&quot;:&quot;&quot;,&quot;caption&quot;:&quot;&quot;,&quot;created_timestamp&quot;:&quot;0&quot;,&quot;copyright&quot;:&quot;&quot;,&quot;focal_length&quot;:&quot;0&quot;,&quot;iso&quot;:&quot;0&quot;,&quot;shutter_speed&quot;:&quot;0&quot;,&quot;title&quot;:&quot;&quot;,&quot;orientation&quot;:&quot;0&quot;}\" data-image-title=\"colheita de soja\" data-image-description data-image-caption=\"&lt;p&gt;Foto: Divulga\u00e7\u00e3o&lt;\/p&gt;\" data-medium-file=\"https:\/\/i0.wp.com\/opresenterural.com.br\/wp-content\/uploads\/2025\/06\/soja-ABRE.jpg?fit=300%2C173&amp;ssl=1\" data-large-file=\"https:\/\/i0.wp.com\/opresenterural.com.br\/wp-content\/uploads\/2025\/06\/soja-ABRE.jpg?fit=708%2C409&amp;ssl=1\" class=\"size-medium wp-image-185834\" src=\"https:\/\/i0.wp.com\/opresenterural.com.br\/wp-content\/uploads\/2025\/06\/soja-ABRE.jpg?resize=300%2C173&amp;ssl=1\" alt width=\"300\" height=\"173\" srcset=\"https:\/\/i0.wp.com\/opresenterural.com.br\/wp-content\/uploads\/2025\/06\/soja-ABRE.jpg?resize=300%2C173&amp;ssl=1 300w, https:\/\/i0.wp.com\/opresenterural.com.br\/wp-content\/uploads\/2025\/06\/soja-ABRE.jpg?resize=600%2C347&amp;ssl=1 600w, https:\/\/i0.wp.com\/opresenterural.com.br\/wp-content\/uploads\/2025\/06\/soja-ABRE.jpg?w=708&amp;ssl=1 708w\" sizes=\"(max-width: 300px) 100vw, 300px\"><\/p>\n<p id=\"caption-attachment-185834\" class=\"wp-caption-text\">Photo: Disclosure<\/p>\n<\/div>\n<p style=\"text-align: justify; margin: 0cm 0cm 8.0pt 0cm;\"><span style=\"font-family: 'Calibri',sans-serif; color: black;\">Este impulso na atividade industrial \u00e9 acompanhado pelo crescimento na oferta de derivados. De acordo com as proje\u00e7\u00f5es da Abiove para 2026, a produ\u00e7\u00e3o de farelo de soja est\u00e1 estimada em 47 milh\u00f5es de toneladas (+0,9%), enquanto a fabrica\u00e7\u00e3o de \u00f3leo de soja deve chegar a 12,25 milh\u00f5es de toneladas (+0,8%). Esse cen\u00e1rio \u00e9 sustentado por uma produ\u00e7\u00e3o agr\u00edcola robusta, que segundo dados da Conab est\u00e1 estimada em 177,1 milh\u00f5es de toneladas para o pr\u00f3ximo ciclo.<\/span><\/p>\n<p style=\"text-align: justify; margin: 0cm 0cm 8.0pt 0cm;\"><span style=\"font-family: 'Calibri',sans-serif; color: black;\">No com\u00e9rcio internacional, o Brasil deve manter sua lideran\u00e7a com a exporta\u00e7\u00e3o de 111,5 milh\u00f5es de toneladas de soja em gr\u00e3o (+0,5%). No segmento de subprodutos, as proje\u00e7\u00f5es indicam o embarque de 24,6 milh\u00f5es de toneladas de farelo e um crescimento expressivo de 11,5% nas exporta\u00e7\u00f5es de \u00f3leo de soja, que devem atingir 1,45 milh\u00e3o de toneladas.\u00a0<\/span><span style=\"font-family: 'Calibri',sans-serif; color: black;\">\u201cO foco crescente no esmagamento reflete o amadurecimento da ind\u00fastria brasileira. Ao processarmos 61 milh\u00f5es de toneladas, estamos agregando valor \u00e0 nossa mat\u00e9ria-prima e garantindo o suprimento de prote\u00ednas e energia para o mercado interno e global\u201d, ressalta Daniel Furlan Amaral, Diretor de Economia e Assuntos Regulat\u00f3rios da Abiove.<\/span><\/p>\n<p style=\"text-align: justify; margin: 0cm 0cm 8.0pt 0cm;\"><b><span style=\"font-family: 'Calibri',sans-serif; color: black;\">Balan\u00e7o do Complexo da Soja em 2025<\/span><\/b><\/p>\n<p style=\"text-align: justify; margin: 0cm 0cm 8.0pt 0cm;\"><span style=\"font-family: 'Calibri',sans-serif; color: black;\">O desempenho do setor em 2025 j\u00e1 antecipava essa tend\u00eancia de alta. O esmagamento consolidado para o ano fechou em 58,5 milh\u00f5es de toneladas, processando uma safra que atingiu 171,5 milh\u00f5es de toneladas de gr\u00e3os, segundo a Conab. Assim como a atividade industrial de 2025 que, de acordo com dados da Abiove, resultou na produ\u00e7\u00e3o de 45,1 milh\u00f5es de toneladas de farelo de soja e 11,7 milh\u00f5es de toneladas de \u00f3leo de soja.<\/span><\/p>\n<p style=\"text-align: justify; margin: 0cm 0cm 8.0pt 0cm;\"><span style=\"font-family: 'Calibri',sans-serif; color: black;\">Quanto ao fluxo comercial, os dados validados pela Secretaria de Com\u00e9rcio Exterior (Secex), confirmam a exporta\u00e7\u00e3o de 108,2 milh\u00f5es de toneladas<\/span><\/p>\n<div id=\"attachment_167156\" style=\"width: 310px\" class=\"wp-caption alignright\"><img data-recalc-dims=\"1\" decoding=\"async\" aria-describedby=\"caption-attachment-167156\" data-attachment-id=\"167156\" data-permalink=\"https:\/\/opresenterural.com.br\/oferta-e-preco-da-soja-caem-em-2024-mas-demanda-eleva-valor-do-oleo\/soybean-oil-soybean-food-and-beverage-products-food-nutrition-co-6\/\" data-orig-file=\"https:\/\/i0.wp.com\/opresenterural.com.br\/wp-content\/uploads\/2024\/12\/%C3%B3leo-de-soja.jpg?fit=1400%2C933&amp;ssl=1\" data-orig-size=\"1400,933\" data-comments-opened=\"0\" data-image-meta=\"{&quot;aperture&quot;:&quot;8&quot;,&quot;credit&quot;:&quot;&quot;,&quot;camera&quot;:&quot;Canon EOS 5D Mark III&quot;,&quot;caption&quot;:&quot;Soybean oil Soybean food and beverage products Food nutrition concept.&quot;,&quot;created_timestamp&quot;:&quot;1598122547&quot;,&quot;copyright&quot;:&quot;&quot;,&quot;focal_length&quot;:&quot;200&quot;,&quot;iso&quot;:&quot;160&quot;,&quot;shutter_speed&quot;:&quot;0.008&quot;,&quot;title&quot;:&quot;Soybean oil Soybean food and beverage products Food nutrition co&quot;,&quot;orientation&quot;:&quot;1&quot;}\" data-image-title=\"\u00f3leo de soja com gr\u00e3os de soja\" data-image-description data-image-caption=\"&lt;p&gt;Foto: Divulga\u00e7\u00e3o\/Arquivo OPR&lt;\/p&gt;\" data-medium-file=\"https:\/\/i0.wp.com\/opresenterural.com.br\/wp-content\/uploads\/2024\/12\/%C3%B3leo-de-soja.jpg?fit=300%2C200&amp;ssl=1\" data-large-file=\"https:\/\/i0.wp.com\/opresenterural.com.br\/wp-content\/uploads\/2024\/12\/%C3%B3leo-de-soja.jpg?fit=740%2C493&amp;ssl=1\" class=\"size-medium wp-image-167156\" src=\"https:\/\/i0.wp.com\/opresenterural.com.br\/wp-content\/uploads\/2024\/12\/%C3%B3leo-de-soja.jpg?resize=300%2C200&amp;ssl=1\" alt width=\"300\" height=\"200\" srcset=\"https:\/\/i0.wp.com\/opresenterural.com.br\/wp-content\/uploads\/2024\/12\/%C3%B3leo-de-soja.jpg?resize=300%2C200&amp;ssl=1 300w, https:\/\/i0.wp.com\/opresenterural.com.br\/wp-content\/uploads\/2024\/12\/%C3%B3leo-de-soja.jpg?resize=1024%2C682&amp;ssl=1 1024w, https:\/\/i0.wp.com\/opresenterural.com.br\/wp-content\/uploads\/2024\/12\/%C3%B3leo-de-soja.jpg?resize=768%2C512&amp;ssl=1 768w, https:\/\/i0.wp.com\/opresenterural.com.br\/wp-content\/uploads\/2024\/12\/%C3%B3leo-de-soja.jpg?resize=600%2C400&amp;ssl=1 600w, https:\/\/i0.wp.com\/opresenterural.com.br\/wp-content\/uploads\/2024\/12\/%C3%B3leo-de-soja.jpg?w=1400&amp;ssl=1 1400w\" sizes=\"(max-width: 300px) 100vw, 300px\"><\/p>\n<p id=\"caption-attachment-167156\" class=\"wp-caption-text\">Photo: Disclosure\/OPR Archive<\/p>\n<\/div>\n<p style=\"text-align: justify; margin: 0cm 0cm 8.0pt 0cm;\"><span style=\"font-family: 'Calibri',sans-serif; color: black;\">de soja em gr\u00e3o, 23,3 milh\u00f5es de toneladas de farelo e 1,36 milh\u00e3o de toneladas de \u00f3leo. No lado das importa\u00e7\u00f5es, o pa\u00eds adquiriu 969 mil toneladas de soja e 105 mil toneladas de \u00f3leo de soja para suprir demandas pontuais.<\/span><\/p>\n<p style=\"text-align: justify; margin: 0cm 0cm 8.0pt 0cm;\"><b><span style=\"font-family: 'Calibri',sans-serif; color: black;\">Processamento mensal e acumulado<\/span><\/b><\/p>\n<p style=\"text-align: justify; margin: 0cm 0cm 8.0pt 0cm;\"><span style=\"font-family: 'Calibri',sans-serif; color: black;\">O vigor da ind\u00fastria foi reafirmado pelos dados mensais. Em novembro de 2025, o processamento de soja somou 4,369 milh\u00f5es de toneladas, volume 5,4% superior ao registrado em novembro de 2024 (ajustado pelo percentual amostral).<\/span><\/p>\n<p style=\"text-align: justify; margin: 0cm 0cm 8.0pt 0cm;\"><span style=\"font-family: 'Calibri',sans-serif; color: black;\">No acumulado do ano, o setor apresenta um crescimento s\u00f3lido. Entre janeiro e novembro de 2025, o processamento atingiu 48,1 milh\u00f5es de toneladas, o que representa uma alta de 4,6% em compara\u00e7\u00e3o ao mesmo per\u00edodo do ano anterior, consolidando 2025 como um ano de expans\u00e3o cont\u00ednua para as ind\u00fastrias de \u00f3leos vegetais.<\/span><\/p>\n<\/div>\n<h6><em>THE <strong>Bela Cereais<\/strong> works with the best grains on the market and also keeps you up to date with the latest news and analyses on agribusiness.<br \/>\nDon&#039;t forget to follow our social networks.<\/em><\/h6>\n<p><a href=\"https:\/\/opresenterural.com.br\/esmagamento-de-soja-no-brasil-deve-chegar-a-61-milhoes-de-toneladas-em-2026\/\" target=\"_blank\" rel=\"noopener\">Access News Source <\/a><\/p>","protected":false},"excerpt":{"rendered":"<p>A Associa\u00e7\u00e3o Brasileira das Ind\u00fastrias de \u00d3leos Vegetais (Abiove) atualizou suas proje\u00e7\u00f5es para o complexo&hellip;<\/p>","protected":false},"author":1,"featured_media":26390,"comment_status":"","ping_status":"","sticky":false,"template":"","format":"standard","meta":{"footnotes":""},"categories":[259],"tags":[],"class_list":["post-26671","post","type-post","status-publish","format-standard","has-post-thumbnail","hentry","category-soja"],"_links":{"self":[{"href":"https:\/\/belacereais.com.br\/en\/wp-json\/wp\/v2\/posts\/26671","targetHints":{"allow":["GET"]}}],"collection":[{"href":"https:\/\/belacereais.com.br\/en\/wp-json\/wp\/v2\/posts"}],"about":[{"href":"https:\/\/belacereais.com.br\/en\/wp-json\/wp\/v2\/types\/post"}],"author":[{"embeddable":true,"href":"https:\/\/belacereais.com.br\/en\/wp-json\/wp\/v2\/users\/1"}],"replies":[{"embeddable":true,"href":"https:\/\/belacereais.com.br\/en\/wp-json\/wp\/v2\/comments?post=26671"}],"version-history":[{"count":0,"href":"https:\/\/belacereais.com.br\/en\/wp-json\/wp\/v2\/posts\/26671\/revisions"}],"wp:featuredmedia":[{"embeddable":true,"href":"https:\/\/belacereais.com.br\/en\/wp-json\/wp\/v2\/media\/26390"}],"wp:attachment":[{"href":"https:\/\/belacereais.com.br\/en\/wp-json\/wp\/v2\/media?parent=26671"}],"wp:term":[{"taxonomy":"category","embeddable":true,"href":"https:\/\/belacereais.com.br\/en\/wp-json\/wp\/v2\/categories?post=26671"},{"taxonomy":"post_tag","embeddable":true,"href":"https:\/\/belacereais.com.br\/en\/wp-json\/wp\/v2\/tags?post=26671"}],"curies":[{"name":"wp","href":"https:\/\/api.w.org\/{rel}","templated":true}]}}