{"id":26672,"date":"2026-01-23T10:19:40","date_gmt":"2026-01-23T14:19:40","guid":{"rendered":"https:\/\/belacereais.com.br\/2026\/safra\/safra-dos-estados-unidos-cresce-e-aumenta-a-oferta-de-milho\/"},"modified":"2026-01-23T10:19:40","modified_gmt":"2026-01-23T14:19:40","slug":"safra-dos-estados-unidos-cresce-e-aumenta-a-oferta-de-milho","status":"publish","type":"post","link":"https:\/\/belacereais.com.br\/en\/2026\/safra\/safra-dos-estados-unidos-cresce-e-aumenta-a-oferta-de-milho\/","title":{"rendered":"Safra dos Estados Unidos cresce e aumenta a oferta de milho"},"content":{"rendered":"<p><\/p>\n<div id=\"mvp-content-main\" class=\"left relative\">\n<p data-start=\"161\" data-end=\"558\">O Departamento de Agricultura dos Estados Unidos (USDA) revisou para cima a produ\u00e7\u00e3o de milho do pa\u00eds e, como consequ\u00eancia, elevou os estoques finais. As exporta\u00e7\u00f5es norte-americanas, por outro lado, foram mantidas no mesmo patamar. Esse movimento amplia a oferta dispon\u00edvel no mercado internacional e mant\u00e9m press\u00e3o sobre os pre\u00e7os do cereal, de acordo com dados da Consultoria Agro Ita\u00fa BBA.<\/p>\n<p data-start=\"560\" data-end=\"1029\">No relat\u00f3rio de janeiro, o USDA estimou a produ\u00e7\u00e3o de milho dos Estados Unidos em 432,4 milh\u00f5es de toneladas, acima das 425,5 milh\u00f5es de toneladas projetadas no m\u00eas anterior. O aumento foi impulsionado pela produtividade m\u00e9dia recorde de 11,7 toneladas por hectare. Os estoques finais norte-americanos cresceram 9,8%, chegando a 56,6 milh\u00f5es de toneladas, o terceiro maior volume da s\u00e9rie hist\u00f3rica. As exporta\u00e7\u00f5es permaneceram inalteradas em 81,3 milh\u00f5es de toneladas.<\/p>\n<div id=\"attachment_185539\" style=\"width: 310px\" class=\"wp-caption alignright\"><img fetchpriority=\"high\" data-recalc-dims=\"1\" decoding=\"async\" aria-describedby=\"caption-attachment-185539\" data-attachment-id=\"185539\" data-permalink=\"https:\/\/opresenterural.com.br\/milho-recua-diante-de-clima-chuvoso-e-frio-mas-safra-2024-25-segue-promissora\/red-harvesting-machine-on-a-corn-farm-2\/\" data-orig-file=\"https:\/\/i0.wp.com\/opresenterural.com.br\/wp-content\/uploads\/2025\/06\/colheita-de-milho.jpg?fit=1400%2C926&amp;ssl=1\" data-orig-size=\"1400,926\" data-comments-opened=\"0\" data-image-meta=\"{&quot;aperture&quot;:&quot;0&quot;,&quot;credit&quot;:&quot;&quot;,&quot;camera&quot;:&quot;&quot;,&quot;caption&quot;:&quot;A red harvesting machine on a corn farm&quot;,&quot;created_timestamp&quot;:&quot;0&quot;,&quot;copyright&quot;:&quot;&quot;,&quot;focal_length&quot;:&quot;0&quot;,&quot;iso&quot;:&quot;0&quot;,&quot;shutter_speed&quot;:&quot;0&quot;,&quot;title&quot;:&quot;Red harvesting machine on a corn farm&quot;,&quot;orientation&quot;:&quot;0&quot;}\" data-image-title=\"Red harvesting machine on a corn farm\" data-image-description data-image-caption=\"&lt;p&gt;Foto: Divulga\u00e7\u00e3o\/Freepik&lt;\/p&gt;\" data-medium-file=\"https:\/\/i0.wp.com\/opresenterural.com.br\/wp-content\/uploads\/2025\/06\/colheita-de-milho.jpg?fit=300%2C198&amp;ssl=1\" data-large-file=\"https:\/\/i0.wp.com\/opresenterural.com.br\/wp-content\/uploads\/2025\/06\/colheita-de-milho.jpg?fit=740%2C489&amp;ssl=1\" class=\"size-medium wp-image-185539\" src=\"https:\/\/i0.wp.com\/opresenterural.com.br\/wp-content\/uploads\/2025\/06\/colheita-de-milho.jpg?resize=300%2C198&amp;ssl=1\" alt width=\"300\" height=\"198\" srcset=\"https:\/\/i0.wp.com\/opresenterural.com.br\/wp-content\/uploads\/2025\/06\/colheita-de-milho.jpg?resize=300%2C198&amp;ssl=1 300w, https:\/\/i0.wp.com\/opresenterural.com.br\/wp-content\/uploads\/2025\/06\/colheita-de-milho.jpg?resize=1024%2C677&amp;ssl=1 1024w, https:\/\/i0.wp.com\/opresenterural.com.br\/wp-content\/uploads\/2025\/06\/colheita-de-milho.jpg?resize=768%2C508&amp;ssl=1 768w, https:\/\/i0.wp.com\/opresenterural.com.br\/wp-content\/uploads\/2025\/06\/colheita-de-milho.jpg?resize=600%2C397&amp;ssl=1 600w, https:\/\/i0.wp.com\/opresenterural.com.br\/wp-content\/uploads\/2025\/06\/colheita-de-milho.jpg?w=1400&amp;ssl=1 1400w\" sizes=\"(max-width: 300px) 100vw, 300px\"><\/p>\n<p id=\"caption-attachment-185539\" class=\"wp-caption-text\">Photo: Disclosure\/Freepik<\/p>\n<\/div>\n<p data-start=\"1031\" data-end=\"1455\">O \u00f3rg\u00e3o tamb\u00e9m revisou para cima a produ\u00e7\u00e3o de milho da China, agora estimada em 301,2 milh\u00f5es de toneladas, enquanto as importa\u00e7\u00f5es do pa\u00eds para a safra 2025\/26 foram mantidas em 8 milh\u00f5es de toneladas. Com a eleva\u00e7\u00e3o da produ\u00e7\u00e3o nos Estados Unidos, o balan\u00e7o global de oferta e demanda ficou mais equilibrado, resultando em aumento do estoque de passagem da safra 2025\/26, ainda abaixo do registrado na temporada anterior.<\/p>\n<p data-start=\"1457\" data-end=\"1978\" data-is-last-node data-is-only-node>No Brasil, o avan\u00e7o da compra de fertilizantes para a segunda safra ocorre dentro da m\u00e9dia em estados como Mato Grosso, Paran\u00e1 e Mato Grosso do Sul, indicando condi\u00e7\u00f5es adequadas para o plantio. Em Goi\u00e1s, S\u00e3o Paulo e Minas Gerais, por\u00e9m, a aquisi\u00e7\u00e3o dos insumos segue atrasada, o que traz incertezas para as decis\u00f5es de plantio da safrinha 2026. Nessas regi\u00f5es, o ritmo do cultivo da soja, a janela de plantio e as condi\u00e7\u00f5es clim\u00e1ticas nas pr\u00f3ximas semanas ser\u00e3o determinantes para a defini\u00e7\u00e3o das \u00e1reas a serem semeadas.<\/p>\n<\/div>\n<h6><em>THE <strong>Bela Cereais<\/strong> works with the best grains on the market and also keeps you up to date with the latest news and analyses on agribusiness.<br \/>\nDon&#039;t forget to follow our social networks.<\/em><\/h6>\n<p><a href=\"https:\/\/opresenterural.com.br\/safra-dos-estados-unidos-cresce-e-aumenta-a-oferta-de-milho\/\" target=\"_blank\" rel=\"noopener\">Access News Source <\/a><\/p>","protected":false},"excerpt":{"rendered":"<p>O Departamento de Agricultura dos Estados Unidos (USDA) revisou para cima a produ\u00e7\u00e3o de milho&hellip;<\/p>","protected":false},"author":1,"featured_media":24859,"comment_status":"","ping_status":"","sticky":false,"template":"","format":"standard","meta":{"footnotes":""},"categories":[258],"tags":[],"class_list":["post-26672","post","type-post","status-publish","format-standard","has-post-thumbnail","hentry","category-safra"],"_links":{"self":[{"href":"https:\/\/belacereais.com.br\/en\/wp-json\/wp\/v2\/posts\/26672","targetHints":{"allow":["GET"]}}],"collection":[{"href":"https:\/\/belacereais.com.br\/en\/wp-json\/wp\/v2\/posts"}],"about":[{"href":"https:\/\/belacereais.com.br\/en\/wp-json\/wp\/v2\/types\/post"}],"author":[{"embeddable":true,"href":"https:\/\/belacereais.com.br\/en\/wp-json\/wp\/v2\/users\/1"}],"replies":[{"embeddable":true,"href":"https:\/\/belacereais.com.br\/en\/wp-json\/wp\/v2\/comments?post=26672"}],"version-history":[{"count":0,"href":"https:\/\/belacereais.com.br\/en\/wp-json\/wp\/v2\/posts\/26672\/revisions"}],"wp:featuredmedia":[{"embeddable":true,"href":"https:\/\/belacereais.com.br\/en\/wp-json\/wp\/v2\/media\/24859"}],"wp:attachment":[{"href":"https:\/\/belacereais.com.br\/en\/wp-json\/wp\/v2\/media?parent=26672"}],"wp:term":[{"taxonomy":"category","embeddable":true,"href":"https:\/\/belacereais.com.br\/en\/wp-json\/wp\/v2\/categories?post=26672"},{"taxonomy":"post_tag","embeddable":true,"href":"https:\/\/belacereais.com.br\/en\/wp-json\/wp\/v2\/tags?post=26672"}],"curies":[{"name":"wp","href":"https:\/\/api.w.org\/{rel}","templated":true}]}}