{"id":26677,"date":"2026-01-23T13:57:52","date_gmt":"2026-01-23T17:57:52","guid":{"rendered":"https:\/\/belacereais.com.br\/2026\/exportacoes\/peru-libera-exportacao-de-produtos-de-bovinos-e-suinos-do-brasil\/"},"modified":"2026-01-23T13:57:52","modified_gmt":"2026-01-23T17:57:52","slug":"peru-libera-exportacao-de-produtos-de-bovinos-e-suinos-do-brasil","status":"publish","type":"post","link":"https:\/\/belacereais.com.br\/en\/2026\/exportacoes\/peru-libera-exportacao-de-produtos-de-bovinos-e-suinos-do-brasil\/","title":{"rendered":"Peru libera exporta\u00e7\u00e3o de produtos de bovinos e su\u00ednos do Brasil"},"content":{"rendered":"<p><\/p>\n<div id=\"mvp-content-main\" class=\"left relative\">\n<p>O Servi\u00e7o Nacional de Sanidade Agr\u00e1ria do Peru (Senasa) oficializou, na \u00faltima semana, a habilita\u00e7\u00e3o das primeiras 18 unidades brasileiras para a exporta\u00e7\u00e3o de farinha de carne e ossos bovina e de hemoderivados de bovinos e su\u00ednos. A medida viabiliza o in\u00edcio das opera\u00e7\u00f5es comerciais nesses segmentos, abertos em maio de 2024, que dependiam da aprova\u00e7\u00e3o das plantas industriais para efetivar o acesso ao mercado peruano.<\/p>\n<p>As habilita\u00e7\u00f5es contemplam:<\/p>\n<ul>\n<li>Farinha de carne e ossos bovina: 14 empresas habilitadas;<\/li>\n<li>Hemoderivados (bovinos e\/ou su\u00ednos): 4 empresas autorizadas.<\/li>\n<\/ul>\n<div id=\"attachment_201813\" style=\"width: 310px\" class=\"wp-caption alignleft\"><img fetchpriority=\"high\" data-recalc-dims=\"1\" decoding=\"async\" aria-describedby=\"caption-attachment-201813\" data-attachment-id=\"201813\" data-permalink=\"https:\/\/opresenterural.com.br\/peru-libera-exportacao-de-produtos-de-bovinos-e-suinos-do-brasil\/9346b27b-946d-4c16-b635-3f262f69619d-1-1-1\/\" data-orig-file=\"https:\/\/i0.wp.com\/opresenterural.com.br\/wp-content\/uploads\/2026\/01\/9346b27b-946d-4c16-b635-3f262f69619d-1-1-1.jpg?fit=768%2C462&amp;ssl=1\" data-orig-size=\"768,462\" data-comments-opened=\"0\" data-image-meta=\"{&quot;aperture&quot;:&quot;0&quot;,&quot;credit&quot;:&quot;&quot;,&quot;camera&quot;:&quot;&quot;,&quot;caption&quot;:&quot;&quot;,&quot;created_timestamp&quot;:&quot;0&quot;,&quot;copyright&quot;:&quot;&quot;,&quot;focal_length&quot;:&quot;0&quot;,&quot;iso&quot;:&quot;0&quot;,&quot;shutter_speed&quot;:&quot;0&quot;,&quot;title&quot;:&quot;&quot;,&quot;orientation&quot;:&quot;0&quot;}\" data-image-title=\"9346b27b-946d-4c16-b635-3f262f69619d (1) (1) (1)\" data-image-description data-image-caption=\"&lt;p&gt;Foto: Associa\u00e7\u00e3o Brasileira de Reciclagem Animal \u2013 ABRA&lt;\/p&gt;\" data-medium-file=\"https:\/\/i0.wp.com\/opresenterural.com.br\/wp-content\/uploads\/2026\/01\/9346b27b-946d-4c16-b635-3f262f69619d-1-1-1.jpg?fit=300%2C180&amp;ssl=1\" data-large-file=\"https:\/\/i0.wp.com\/opresenterural.com.br\/wp-content\/uploads\/2026\/01\/9346b27b-946d-4c16-b635-3f262f69619d-1-1-1.jpg?fit=740%2C445&amp;ssl=1\" class=\"size-medium wp-image-201813\" src=\"https:\/\/i0.wp.com\/opresenterural.com.br\/wp-content\/uploads\/2026\/01\/9346b27b-946d-4c16-b635-3f262f69619d-1-1-1.jpg?resize=300%2C180&amp;ssl=1\" alt width=\"300\" height=\"180\" srcset=\"https:\/\/i0.wp.com\/opresenterural.com.br\/wp-content\/uploads\/2026\/01\/9346b27b-946d-4c16-b635-3f262f69619d-1-1-1.jpg?resize=300%2C180&amp;ssl=1 300w, https:\/\/i0.wp.com\/opresenterural.com.br\/wp-content\/uploads\/2026\/01\/9346b27b-946d-4c16-b635-3f262f69619d-1-1-1.jpg?resize=590%2C354&amp;ssl=1 590w, https:\/\/i0.wp.com\/opresenterural.com.br\/wp-content\/uploads\/2026\/01\/9346b27b-946d-4c16-b635-3f262f69619d-1-1-1.jpg?resize=400%2C240&amp;ssl=1 400w, https:\/\/i0.wp.com\/opresenterural.com.br\/wp-content\/uploads\/2026\/01\/9346b27b-946d-4c16-b635-3f262f69619d-1-1-1.jpg?resize=600%2C361&amp;ssl=1 600w, https:\/\/i0.wp.com\/opresenterural.com.br\/wp-content\/uploads\/2026\/01\/9346b27b-946d-4c16-b635-3f262f69619d-1-1-1.jpg?w=768&amp;ssl=1 768w\" sizes=\"(max-width: 300px) 100vw, 300px\"><\/p>\n<p id=\"caption-attachment-201813\" class=\"wp-caption-text\">Foto: Associa\u00e7\u00e3o Brasileira de Reciclagem Animal \u2013 ABRA<\/p>\n<\/div>\n<p>Al\u00e9m dessas autoriza\u00e7\u00f5es, o Senasa tamb\u00e9m habilitou mais tr\u00eas empresas brasileiras para a exporta\u00e7\u00e3o de farinhas de aves ao Peru, o que representa um aumento de 21% no n\u00famero total de estabelecimentos autorizados a fornecer esse produto ao pa\u00eds.<\/p>\n<p>Para assegurar a continuidade das exporta\u00e7\u00f5es, a autoridade sanit\u00e1ria peruana promoveu ainda a renova\u00e7\u00e3o das licen\u00e7as de todos os estabelecimentos que j\u00e1 operavam com farinhas de aves, com validade estendida at\u00e9 dezembro de 2028.<\/p>\n<p>A decis\u00e3o refor\u00e7a o fluxo comercial de insumos destinados \u00e0s cadeias produtivas no mercado peruano e amplia as possibilidades de fornecimento brasileiro no \u00e2mbito regional.<\/p>\n<\/div>\n<h6><em>THE <strong>Bela Cereais<\/strong> works with the best grains on the market and also keeps you up to date with the latest news and analyses on agribusiness.<br \/>\nDon&#039;t forget to follow our social networks.<\/em><\/h6>\n<p><a href=\"https:\/\/opresenterural.com.br\/peru-libera-exportacao-de-produtos-de-bovinos-e-suinos-do-brasil\/\" target=\"_blank\" rel=\"noopener\">Access News Source <\/a><\/p>","protected":false},"excerpt":{"rendered":"<p>O Servi\u00e7o Nacional de Sanidade Agr\u00e1ria do Peru (Senasa) oficializou, na \u00faltima semana, a habilita\u00e7\u00e3o&hellip;<\/p>","protected":false},"author":1,"featured_media":26678,"comment_status":"","ping_status":"","sticky":false,"template":"","format":"standard","meta":{"footnotes":""},"categories":[7],"tags":[],"class_list":["post-26677","post","type-post","status-publish","format-standard","has-post-thumbnail","hentry","category-exportacoes"],"_links":{"self":[{"href":"https:\/\/belacereais.com.br\/en\/wp-json\/wp\/v2\/posts\/26677","targetHints":{"allow":["GET"]}}],"collection":[{"href":"https:\/\/belacereais.com.br\/en\/wp-json\/wp\/v2\/posts"}],"about":[{"href":"https:\/\/belacereais.com.br\/en\/wp-json\/wp\/v2\/types\/post"}],"author":[{"embeddable":true,"href":"https:\/\/belacereais.com.br\/en\/wp-json\/wp\/v2\/users\/1"}],"replies":[{"embeddable":true,"href":"https:\/\/belacereais.com.br\/en\/wp-json\/wp\/v2\/comments?post=26677"}],"version-history":[{"count":0,"href":"https:\/\/belacereais.com.br\/en\/wp-json\/wp\/v2\/posts\/26677\/revisions"}],"wp:featuredmedia":[{"embeddable":true,"href":"https:\/\/belacereais.com.br\/en\/wp-json\/wp\/v2\/media\/26678"}],"wp:attachment":[{"href":"https:\/\/belacereais.com.br\/en\/wp-json\/wp\/v2\/media?parent=26677"}],"wp:term":[{"taxonomy":"category","embeddable":true,"href":"https:\/\/belacereais.com.br\/en\/wp-json\/wp\/v2\/categories?post=26677"},{"taxonomy":"post_tag","embeddable":true,"href":"https:\/\/belacereais.com.br\/en\/wp-json\/wp\/v2\/tags?post=26677"}],"curies":[{"name":"wp","href":"https:\/\/api.w.org\/{rel}","templated":true}]}}