{"id":26679,"date":"2026-01-23T16:00:05","date_gmt":"2026-01-23T20:00:05","guid":{"rendered":"https:\/\/belacereais.com.br\/2026\/exportacoes\/apexbrasil-aponta-543-janelas-de-exportacao-ao-mercado-europeu-com-acordo-mercosul-ue\/"},"modified":"2026-01-23T16:00:05","modified_gmt":"2026-01-23T20:00:05","slug":"apexbrasil-aponta-543-janelas-de-exportacao-ao-mercado-europeu-com-acordo-mercosul-ue","status":"publish","type":"post","link":"https:\/\/belacereais.com.br\/en\/2026\/exportacoes\/apexbrasil-aponta-543-janelas-de-exportacao-ao-mercado-europeu-com-acordo-mercosul-ue\/","title":{"rendered":"ApexBrasil aponta 543 janelas de exporta\u00e7\u00e3o ao mercado europeu com acordo Mercosul-UE"},"content":{"rendered":"<p><\/p>\n<div id=\"mvp-content-main\" class=\"left relative\">\n<p class=\"v1MsoNormal\">A Ag\u00eancia Brasileira de Promo\u00e7\u00e3o de Exporta\u00e7\u00f5es e Investimentos (ApexBrasil) divulgou nesta semana um <a href=\"https:\/\/click.apexbrasil.com.br\/Comunicacao\/Acordo%20Mercosul-UE_ApexBrasil_coletiva_jan2026.pdf\" target=\"_blank\" rel=\"noopener\">levantamento detalhado<\/a> que projeta cen\u00e1rio promissor de exporta\u00e7\u00e3o para o Brasil caso o Acordo Mercosul-Uni\u00e3o Europeia, formalizado em 2025, entre em vigor ap\u00f3s a ratifica\u00e7\u00e3o nos parlamentos dos pa\u00edses envolvidos.<\/p>\n<p class=\"v1MsoNormal\">De acordo com o estudo, setores brasileiros poder\u00e3o acessar imediatamente um mercado potencial de US$ 43,9 bilh\u00f5es em importa\u00e7\u00f5es anuais da Uni\u00e3o Europeia, com 543 oportunidades de exporta\u00e7\u00e3o com desgrava\u00e7\u00e3o tarif\u00e1ria imediata, dispensando barreiras alfandeg\u00e1rias atualmente vigentes.<\/p>\n<div id=\"attachment_199363\" style=\"width: 310px\" class=\"wp-caption alignright\"><img fetchpriority=\"high\" data-recalc-dims=\"1\" decoding=\"async\" aria-describedby=\"caption-attachment-199363\" data-attachment-id=\"199363\" data-permalink=\"https:\/\/opresenterural.com.br\/exportacoes-do-parana-aceleram-com-salto-de-cereais-e-carnes\/paranagua-23-de-dezembro-de-2023-vista-geral-do-porto-de-paranagua-5\/\" data-orig-file=\"https:\/\/i0.wp.com\/opresenterural.com.br\/wp-content\/uploads\/2025\/12\/portos-conteiner-Foto-Roberto-Dziura-Jr-AEN.jpg?fit=1400%2C933&amp;ssl=1\" data-orig-size=\"1400,933\" data-comments-opened=\"0\" data-image-meta=\"{&quot;aperture&quot;:&quot;11&quot;,&quot;credit&quot;:&quot;Roberto Dziura Jr&quot;,&quot;camera&quot;:&quot;Canon EOS 6D Mark II&quot;,&quot;caption&quot;:&quot;Paranagu\\u00e1, 23 de dezembro de 2023 - Vista geral do Porto de Paranagu\\u00e1.&quot;,&quot;created_timestamp&quot;:&quot;1703343402&quot;,&quot;copyright&quot;:&quot;&quot;,&quot;focal_length&quot;:&quot;30&quot;,&quot;iso&quot;:&quot;640&quot;,&quot;shutter_speed&quot;:&quot;0.0015625&quot;,&quot;title&quot;:&quot;Paranagu\\u00e1, 23 de dezembro de 2023 - Vista geral do Porto de Paranagu\\u00e1.&quot;,&quot;orientation&quot;:&quot;0&quot;}\" data-image-title=\"Paranagu\u00e1, 23 de dezembro de 2023 \u2013 Vista geral do Porto de Paranagu\u00e1.\" data-image-description data-image-caption=\"&lt;p&gt;Foto: Roberto Dziura Jr\/AEN&lt;\/p&gt;\" data-medium-file=\"https:\/\/i0.wp.com\/opresenterural.com.br\/wp-content\/uploads\/2025\/12\/portos-conteiner-Foto-Roberto-Dziura-Jr-AEN.jpg?fit=300%2C200&amp;ssl=1\" data-large-file=\"https:\/\/i0.wp.com\/opresenterural.com.br\/wp-content\/uploads\/2025\/12\/portos-conteiner-Foto-Roberto-Dziura-Jr-AEN.jpg?fit=740%2C493&amp;ssl=1\" class=\"size-medium wp-image-199363\" src=\"https:\/\/i0.wp.com\/opresenterural.com.br\/wp-content\/uploads\/2025\/12\/portos-conteiner-Foto-Roberto-Dziura-Jr-AEN.jpg?resize=300%2C200&amp;ssl=1\" alt width=\"300\" height=\"200\" srcset=\"https:\/\/i0.wp.com\/opresenterural.com.br\/wp-content\/uploads\/2025\/12\/portos-conteiner-Foto-Roberto-Dziura-Jr-AEN.jpg?resize=300%2C200&amp;ssl=1 300w, https:\/\/i0.wp.com\/opresenterural.com.br\/wp-content\/uploads\/2025\/12\/portos-conteiner-Foto-Roberto-Dziura-Jr-AEN.jpg?resize=1024%2C682&amp;ssl=1 1024w, https:\/\/i0.wp.com\/opresenterural.com.br\/wp-content\/uploads\/2025\/12\/portos-conteiner-Foto-Roberto-Dziura-Jr-AEN.jpg?resize=768%2C512&amp;ssl=1 768w, https:\/\/i0.wp.com\/opresenterural.com.br\/wp-content\/uploads\/2025\/12\/portos-conteiner-Foto-Roberto-Dziura-Jr-AEN.jpg?resize=600%2C400&amp;ssl=1 600w, https:\/\/i0.wp.com\/opresenterural.com.br\/wp-content\/uploads\/2025\/12\/portos-conteiner-Foto-Roberto-Dziura-Jr-AEN.jpg?w=1400&amp;ssl=1 1400w\" sizes=\"(max-width: 300px) 100vw, 300px\"><\/p>\n<p id=\"caption-attachment-199363\" class=\"wp-caption-text\">Photo: Roberto Dziura Jr.<\/p>\n<\/div>\n<p class=\"v1MsoNormal\">O estudo da \u00e1rea de Intelig\u00eancia de Mercado da ApexBrasil mapeou as frentes de abertura comercial com foco nas demandas do bloco europeu, composto por 27 pa\u00edses e um dos maiores mercados globais de consumo. A an\u00e1lise mostra que essas oportunidades est\u00e3o distribu\u00eddas em todas as grandes regi\u00f5es do continente, com maior concentra\u00e7\u00e3o na Europa Ocidental e presen\u00e7a significativa nos mercados Meridional, Oriental e Setentrional.<\/p>\n<p class=\"v1MsoNormal\">A colet\u00e2nea de dados evidencia que o Brasil, tradicional fornecedor de commodities agr\u00edcolas e mat\u00e9rias-primas, ainda figura com participa\u00e7\u00e3o modesta nas compras europeias desses itens espec\u00edficos. Sobre as 543 oportunidades identificadas, as exporta\u00e7\u00f5es brasileiras representaram cerca de US$ 1,1 bilh\u00e3o nos \u00faltimos anos, o que corresponde a pouco mais de 2,6% do total importado pelo bloco. A maior parte das frentes comerciais mapeadas hoje engloba produtos com baixo ou nenhum volume exportado atualmente, mas com competitividade reconhecida no exterior.<\/p>\n<p class=\"v1MsoNormal\">Produtos com potencial de expans\u00e3o imediata incluem m\u00e1quinas e equipamentos de transporte, artigos manufaturados diversos, produtos qu\u00edmicos, materiais em bruto e alimentos, entre outros segmentos que v\u00e3o al\u00e9m da pauta tradicional brasileira.<\/p>\n<p class=\"v1MsoNormal\">A ApexBrasil informa que o acordo ter\u00e1 impacto especialmente em setores que hoje enfrentam barreiras tarif\u00e1rias elevadas, e que a elimina\u00e7\u00e3o ou redu\u00e7\u00e3o de tarifas nesses segmentos pode impulsionar a diversifica\u00e7\u00e3o das exporta\u00e7\u00f5es nacionais.<\/p>\n<p><img data-recalc-dims=\"1\" decoding=\"async\" data-attachment-id=\"189498\" data-permalink=\"https:\/\/opresenterural.com.br\/portos-do-parana-bate-recorde-de-movimentacao-em-um-unico-mes-73-milhoes-de-toneladas\/default-153\/\" data-orig-file=\"https:\/\/i0.wp.com\/opresenterural.com.br\/wp-content\/uploads\/2025\/08\/portos-porto-Foto-Claudio-Neves-Portos-do-Parana.jpg?fit=1400%2C933&amp;ssl=1\" data-orig-size=\"1400,933\" data-comments-opened=\"0\" data-image-meta=\"{&quot;aperture&quot;:&quot;1.7&quot;,&quot;credit&quot;:&quot;&quot;,&quot;camera&quot;:&quot;FC8482&quot;,&quot;caption&quot;:&quot;default&quot;,&quot;created_timestamp&quot;:&quot;1753871280&quot;,&quot;copyright&quot;:&quot;&quot;,&quot;focal_length&quot;:&quot;6.72&quot;,&quot;iso&quot;:&quot;100&quot;,&quot;shutter_speed&quot;:&quot;0.00025&quot;,&quot;title&quot;:&quot;default&quot;,&quot;orientation&quot;:&quot;1&quot;}\" data-image-title=\"porto\" data-image-description=\"&lt;p&gt;Foto: Claudio Neves&lt;\/p&gt;\" data-image-caption=\"&lt;p&gt;Foto: Claudio Neves&lt;\/p&gt;\" data-medium-file=\"https:\/\/i0.wp.com\/opresenterural.com.br\/wp-content\/uploads\/2025\/08\/portos-porto-Foto-Claudio-Neves-Portos-do-Parana.jpg?fit=300%2C200&amp;ssl=1\" data-large-file=\"https:\/\/i0.wp.com\/opresenterural.com.br\/wp-content\/uploads\/2025\/08\/portos-porto-Foto-Claudio-Neves-Portos-do-Parana.jpg?fit=740%2C493&amp;ssl=1\" class=\"size-medium wp-image-189498\" src=\"https:\/\/i0.wp.com\/opresenterural.com.br\/wp-content\/uploads\/2025\/08\/portos-porto-Foto-Claudio-Neves-Portos-do-Parana.jpg?resize=300%2C200&amp;ssl=1\" alt width=\"300\" height=\"200\" srcset=\"https:\/\/i0.wp.com\/opresenterural.com.br\/wp-content\/uploads\/2025\/08\/portos-porto-Foto-Claudio-Neves-Portos-do-Parana.jpg?resize=300%2C200&amp;ssl=1 300w, https:\/\/i0.wp.com\/opresenterural.com.br\/wp-content\/uploads\/2025\/08\/portos-porto-Foto-Claudio-Neves-Portos-do-Parana.jpg?resize=1024%2C682&amp;ssl=1 1024w, https:\/\/i0.wp.com\/opresenterural.com.br\/wp-content\/uploads\/2025\/08\/portos-porto-Foto-Claudio-Neves-Portos-do-Parana.jpg?resize=768%2C512&amp;ssl=1 768w, https:\/\/i0.wp.com\/opresenterural.com.br\/wp-content\/uploads\/2025\/08\/portos-porto-Foto-Claudio-Neves-Portos-do-Parana.jpg?resize=600%2C400&amp;ssl=1 600w, https:\/\/i0.wp.com\/opresenterural.com.br\/wp-content\/uploads\/2025\/08\/portos-porto-Foto-Claudio-Neves-Portos-do-Parana.jpg?w=1400&amp;ssl=1 1400w\" sizes=\"(max-width: 300px) 100vw, 300px\"><\/p>\n<p class=\"v1MsoNormal\">O levantamento ocorre em um momento em que o Acordo Mercosul-UE, negociado por mais de 25 anos, foi assinado formalmente em janeiro de 2025, criando um mercado integrado com cerca de 720 milh\u00f5es de habitantes e um PIB agregado de aproximadamente US$ 22 trilh\u00f5es. Antes mesmo da implementa\u00e7\u00e3o, a expectativa \u00e9 de que a elimina\u00e7\u00e3o ou redu\u00e7\u00e3o de tarifas gere condi\u00e7\u00f5es mais previs\u00edveis e competitivas para empresas brasileiras e atraia novos investimentos, com efeitos diretos sobre estrat\u00e9gias de internacionaliza\u00e7\u00e3o e cadeias de valor produtivas.<\/p>\n<p class=\"v1MsoNormal\">Al\u00e9m das oportunidades de mercado identificadas, a ApexBrasil tem intensificado iniciativas para preparar as empresas brasileiras \u00e0 nova realidade comercial, em coordena\u00e7\u00e3o com o governo federal, o Congresso e parceiros internacionais. Enquanto o processo de ratifica\u00e7\u00e3o segue em tramita\u00e7\u00e3o no Parlamento Europeu e nos congressos nacionais do Mercosul, a ag\u00eancia ampliou esfor\u00e7os de comunica\u00e7\u00e3o e prospec\u00e7\u00e3o junto a setores privados europeus para refor\u00e7ar a imagem do Brasil como fornecedor competitivo e confi\u00e1vel de bens e servi\u00e7os.<\/p>\n<p class=\"v1MsoNormal\">ApexBrasil destaca que, neste momento, a movimenta\u00e7\u00e3o pol\u00edtica em torno da ratifica\u00e7\u00e3o e a resposta dos mercados ser\u00e3o determinantes para consolidar o potencial identificado, e que uma eventual entrada em vigor do acordo dever\u00e1 transformar significativamente o perfil das exporta\u00e7\u00f5es brasileiras para a Uni\u00e3o Europeia.<\/p>\n<p class=\"v1MsoNormal\"><b>Oportunidades identificadas<\/b><\/p>\n<p><img loading=\"lazy\" data-recalc-dims=\"1\" decoding=\"async\" data-attachment-id=\"182538\" data-permalink=\"https:\/\/opresenterural.com.br\/exportacoes-de-pescados-do-parana-disparam-e-receita-cresce-mais-de-4-600-em-cinco-anos\/exportacao-de-carne-cresce-13-porto-de-paranagua-8\/\" data-orig-file=\"https:\/\/i0.wp.com\/opresenterural.com.br\/wp-content\/uploads\/2025\/05\/porto-foto-claudio-neves.jpg?fit=1400%2C933&amp;ssl=1\" data-orig-size=\"1400,933\" data-comments-opened=\"0\" data-image-meta=\"{&quot;aperture&quot;:&quot;3.5&quot;,&quot;credit&quot;:&quot;Claudio Neves&quot;,&quot;camera&quot;:&quot;Canon EOS 6D Mark II&quot;,&quot;caption&quot;:&quot;Exporta\\u00e7\\u00e3o de carne cresce 13% Porto de Paranagu\\u00e1 -&quot;,&quot;created_timestamp&quot;:&quot;1673533885&quot;,&quot;copyright&quot;:&quot;2020 - Portos do Parana&quot;,&quot;focal_length&quot;:&quot;180&quot;,&quot;iso&quot;:&quot;200&quot;,&quot;shutter_speed&quot;:&quot;0.0003125&quot;,&quot;title&quot;:&quot;Exporta\\u00e7\\u00e3o de carne cresce 13% Porto de Paranagu\\u00e1 -&quot;,&quot;orientation&quot;:&quot;1&quot;}\" data-image-title=\"Exporta\u00e7\u00e3o de carne cresce 13% Porto de Paranagu\u00e1 \u2013\" data-image-description data-image-caption =\"&lt;p&gt;Foto: Claudio Neves\/Portos do Paran\u00e1&lt;\/p&gt;\" data-medium-file=\"https:\/\/i0.wp.com\/opresenterural.com.br\/wp-content\/uploads\/2025\/05\/porto-foto-claudio-neves.jpg?fit=300%2C200&amp;ssl=1\" data-large-file=\"https:\/\/i0.wp.com\/opresenterural.com.br\/wp-content\/uploads\/2025\/05\/porto-foto-claudio-neves.jpg?fit=740%2C493&amp;ssl=1\" class=\"size-medium wp-image-182538\" src=\"https:\/\/i0.wp.com\/opresenterural.com.br\/wp-content\/uploads\/2025\/05\/porto-foto-claudio-neves.jpg?resize=300%2C200&amp;ssl=1\" alt width =\"300\" height=\"200\" srcset=\"https:\/\/i0.wp.com\/opresenterural.com.br\/wp-content\/uploads\/2025\/05\/porto-foto-claudio-neves.jpg?resize=300%2C200&amp;ssl=1 300w, https:\/\/i0.wp.com\/opresenterural.com.br\/wp-content\/uploads\/2025\/05\/porto-foto-claudio-neves.jpg?resize=1024%2C682&amp;ssl=1 1024w, https:\/\/i0.wp.com\/opresenterural.com.br\/wp-content\/uploads\/2025\/05\/porto-foto-claudio-neves.jpg?resize=768%2C512&amp;ssl=1 768w, https:\/\/i0.wp.com\/opresenterural.com.br\/wp-content\/uploads\/2025\/05\/porto-foto-claudio-neves.jpg?resize=600%2C400&amp;ssl=1 600w, https:\/\/i0.wp.com\/opresenterural.com.br\/wp-content\/uploads\/2025\/05\/porto-foto-claudio-neves.jpg?w=1400&amp;ssl=1 1400w\" sizes=\"auto, (max-width: 300px) 100vw, 300px\"><\/p>\n<p class=\"v1MsoNormal\">Do total de oportunidades identificadas, 244 s\u00e3o classificadas como oportunidades de abertura, casos em que o Brasil ainda n\u00e3o possui participa\u00e7\u00e3o relevante nas importa\u00e7\u00f5es da Uni\u00e3o Europeia, mas apresenta competitividade internacional comprovada na exporta\u00e7\u00e3o desses produtos. Trata-se, na avalia\u00e7\u00e3o da ApexBrasil, de um indicativo claro de que o acordo pode contribuir para a diversifica\u00e7\u00e3o da pauta exportadora brasileira, reduzindo a concentra\u00e7\u00e3o em poucos itens tradicionais.<\/p>\n<p class=\"v1MsoNormal\">Entre os segmentos analisados, os materiais em bruto, como sementes para semeadura e farinha de soja, registram atualmente 2,7% de participa\u00e7\u00e3o brasileira nas importa\u00e7\u00f5es da UE. J\u00e1 no grupo de \u00f3leos animais e vegetais, com destaque para o \u00f3leo de milho em bruto, a participa\u00e7\u00e3o do Brasil \u00e9 de 4,5%, percentual considerado baixo frente \u00e0 capacidade produtiva e \u00e0 competitividade do pa\u00eds nesses mercados.<\/p>\n<p class=\"v1MsoNormal\"><b>Agro com combina\u00e7\u00e3o de instrumentos<\/b><\/p>\n<p class=\"v1MsoNormal\">No setor agropecu\u00e1rio, o Acordo Mercosul-Uni\u00e3o Europeia estabelece um modelo combinado de elimina\u00e7\u00e3o tarif\u00e1ria imediata, desgrava\u00e7\u00e3o gradual e cria\u00e7\u00e3o de cotas espec\u00edficas para produtos sens\u00edveis. Entre os principais itens contemplados est\u00e3o carnes bovina, de aves e su\u00edna, a\u00e7\u00facar, etanol, arroz, milho, mel, queijos e cacha\u00e7a, al\u00e9m da elimina\u00e7\u00e3o total de tarifas para frutas, como abacate, lim\u00e3o, lima, mel\u00e3o, melancia, uva de mesa e ma\u00e7\u00e3.<\/p>\n<div id=\"attachment_200457\" style=\"width: 310px\" class=\"wp-caption alignleft\"><img loading=\"lazy\" data-recalc-dims=\"1\" decoding=\"async\" aria-describedby=\"caption-attachment-200457\" data-attachment-id=\"200457\" data-permalink=\"https:\/\/opresenterural.com.br\/brasil-assume-a-lideranca-global-na-producao-de-carne-bovina-em-2025\/shutterstock_1298619424-8\/\" data-orig-file=\"https:\/\/i0.wp.com\/opresenterural.com.br\/wp-content\/uploads\/2025\/12\/shutterstock_1298619424.jpg?fit=1400%2C788&amp;ssl=1\" data-orig-size=\"1400,788\" data-comments-opened=\"0\" data-image-meta=\"{&quot;aperture&quot;:&quot;0&quot;,&quot;credit&quot;:&quot;&quot;,&quot;camera&quot;:&quot;&quot;,&quot;caption&quot;:&quot;&quot;,&quot;created_timestamp&quot;:&quot;0&quot;,&quot;copyright&quot;:&quot;&quot;,&quot;focal_length&quot;:&quot;0&quot;,&quot;iso&quot;:&quot;0&quot;,&quot;shutter_speed&quot;:&quot;0&quot;,&quot;title&quot;:&quot;&quot;,&quot;orientation&quot;:&quot;1&quot;}\" data-image-title=\"carne bovina\" data-image-description data-image-caption =\"&lt;p&gt;Foto: Shutterstock&lt;\/p&gt;\" data-medium-file=\"https:\/\/i0.wp.com\/opresenterural.com.br\/wp-content\/uploads\/2025\/12\/shutterstock_1298619424.jpg?fit=300%2C169&amp;ssl=1\" data-large-file=\"https:\/\/i0.wp.com\/opresenterural.com.br\/wp-content\/uploads\/2025\/12\/shutterstock_1298619424.jpg?fit=740%2C416&amp;ssl=1\" class=\"size-medium wp-image-200457\" src=\"https:\/\/i0.wp.com\/opresenterural.com.br\/wp-content\/uploads\/2025\/12\/shutterstock_1298619424.jpg?resize=300%2C169&amp;ssl=1\" alt width =\"300\" height=\"169\" srcset=\"https:\/\/i0.wp.com\/opresenterural.com.br\/wp-content\/uploads\/2025\/12\/shutterstock_1298619424.jpg?resize=300%2C169&amp;ssl=1 300w, https:\/\/i0.wp.com\/opresenterural.com.br\/wp-content\/uploads\/2025\/12\/shutterstock_1298619424.jpg?resize=1024%2C576&amp;ssl=1 1024w, https:\/\/i0.wp.com\/opresenterural.com.br\/wp-content\/uploads\/2025\/12\/shutterstock_1298619424.jpg?resize=768%2C432&amp;ssl=1 768w, https:\/\/i0.wp.com\/opresenterural.com.br\/wp-content\/uploads\/2025\/12\/shutterstock_1298619424.jpg?resize=600%2C338&amp;ssl=1 600w, https:\/\/i0.wp.com\/opresenterural.com.br\/wp-content\/uploads\/2025\/12\/shutterstock_1298619424.jpg?w=1400&amp;ssl=1 1400w\" sizes=\"auto, (max-width: 300px) 100vw, 300px\"><\/p>\n<p id=\"caption-attachment-200457\" class=\"wp-caption-text\">Photo: Shutterstock<\/p>\n<\/div>\n<p class=\"v1MsoNormal\">No caso da carne bovina, o Brasil exportou ao mundo US$ 11,6 bilh\u00f5es em 2024, enquanto a Uni\u00e3o Europeia importou US$ 2,4 bilh\u00f5es do produto. As vendas brasileiras ao bloco somaram US$ 461,2 milh\u00f5es, com 19,1% de participa\u00e7\u00e3o e volume de 59 mil toneladas. Antes do acordo, a Cota Hilton destinada ao Brasil, de 10 mil toneladas, estava sujeita a tarifa de 20%, enquanto as exporta\u00e7\u00f5es fora da cota enfrentavam uma combina\u00e7\u00e3o tarif\u00e1ria que chegava ao equivalente a 41,8%. Com a entrada em vigor do acordo, a tarifa da Cota Hilton ser\u00e1 zerada de forma imediata, e, ao longo do tempo, ser\u00e1 implementada uma nova cota de 99 mil toneladas em equivalente carca\u00e7a, com crescimento linear em cinco anos e tarifa intracota de 7,5%.<\/p>\n<p class=\"v1MsoNormal\">Para a carne su\u00edna, o potencial de expans\u00e3o \u00e9 ainda mais expressivo. Em 2024, o Brasil exportou US$ 2,7 bilh\u00f5es ao mundo, enquanto a Uni\u00e3o Europeia importou US$ 79,7 milh\u00f5es, sendo apenas US$ 1,1 milh\u00e3o origin\u00e1rios do Brasil, o que corresponde a 1,4% de participa\u00e7\u00e3o e volume de 342 toneladas. Antes do acordo, as tarifas aplicadas pela UE variavam de 46,7 euros a 86,9 euros por 100 quilos. Com o tratado, est\u00e1 prevista a cria\u00e7\u00e3o de uma cota de 25 mil toneladas, com crescimento linear em cinco anos e tarifa intracota de 83 euros por tonelada, ampliando significativamente a competitividade do produto brasileiro.<\/p>\n<div id=\"attachment_175531\" style=\"width: 310px\" class=\"wp-caption alignright\"><img loading=\"lazy\" data-recalc-dims=\"1\" decoding=\"async\" aria-describedby=\"caption-attachment-175531\" data-attachment-id=\"175531\" data-permalink=\"https:\/\/opresenterural.com.br\/parana-lidera-crescimento-absoluto-na-producao-de-frangos-e-suinos-no-brasil\/c_vale_frango_17-2\/\" data-orig-file=\"https:\/\/i0.wp.com\/opresenterural.com.br\/wp-content\/uploads\/2025\/03\/c_vale_frango_17.jpg?fit=1400%2C933&amp;ssl=1\" data-orig-size=\"1400,933\" data-comments-opened=\"0\" data-image-meta=\"{&quot;aperture&quot;:&quot;4&quot;,&quot;credit&quot;:&quot;&quot;,&quot;camera&quot;:&quot;Canon EOS 5D Mark III&quot;,&quot;caption&quot;:&quot;Palotina - 10-10-2020 - Cooperativa C Vale - Industria de Aves e Tilapia  - Foto : Jonathan Campos \\\/ AEN&quot;,&quot;created_timestamp&quot;:&quot;1603191151&quot;,&quot;copyright&quot;:&quot;&quot;,&quot;focal_length&quot;:&quot;29&quot;,&quot;iso&quot;:&quot;2000&quot;,&quot;shutter_speed&quot;:&quot;0.004&quot;,&quot;title&quot;:&quot;&quot;,&quot;orientation&quot;:&quot;1&quot;}\" data-image-title=\"frigorifico carne de frango\" data-image-description data-image-caption =\"&lt;p&gt;Foto: Jonathan Campos&lt;\/p&gt;\" data-medium-file=\"https:\/\/i0.wp.com\/opresenterural.com.br\/wp-content\/uploads\/2025\/03\/c_vale_frango_17.jpg?fit=300%2C200&amp;ssl=1\" data-large-file=\"https:\/\/i0.wp.com\/opresenterural.com.br\/wp-content\/uploads\/2025\/03\/c_vale_frango_17.jpg?fit=740%2C493&amp;ssl=1\" class=\"size-medium wp-image-175531\" src=\"https:\/\/i0.wp.com\/opresenterural.com.br\/wp-content\/uploads\/2025\/03\/c_vale_frango_17.jpg?resize=300%2C200&amp;ssl=1\" alt width =\"300\" height=\"200\" srcset=\"https:\/\/i0.wp.com\/opresenterural.com.br\/wp-content\/uploads\/2025\/03\/c_vale_frango_17.jpg?resize=300%2C200&amp;ssl=1 300w, https:\/\/i0.wp.com\/opresenterural.com.br\/wp-content\/uploads\/2025\/03\/c_vale_frango_17.jpg?resize=1024%2C682&amp;ssl=1 1024w, https:\/\/i0.wp.com\/opresenterural.com.br\/wp-content\/uploads\/2025\/03\/c_vale_frango_17.jpg?resize=768%2C512&amp;ssl=1 768w, https:\/\/i0.wp.com\/opresenterural.com.br\/wp-content\/uploads\/2025\/03\/c_vale_frango_17.jpg?resize=600%2C400&amp;ssl=1 600w, https:\/\/i0.wp.com\/opresenterural.com.br\/wp-content\/uploads\/2025\/03\/c_vale_frango_17.jpg?w=1400&amp;ssl=1 1400w\" sizes=\"auto, (max-width: 300px) 100vw, 300px\"><\/p>\n<p id=\"caption-attachment-175531\" class=\"wp-caption-text\">Photo: Jonathan Campos<\/p>\n<\/div>\n<p class=\"v1MsoNormal\">J\u00e1 nas carnes de aves, o Brasil mant\u00e9m posi\u00e7\u00e3o mais consolidada. As exporta\u00e7\u00f5es brasileiras ao mundo somaram US$ 9,1 bilh\u00f5es em 2024, enquanto as importa\u00e7\u00f5es da UE alcan\u00e7aram US$ 815,1 milh\u00f5es. O Brasil respondeu por US$ 197,3 milh\u00f5es, com 24,2% de participa\u00e7\u00e3o e volume de 72 mil toneladas. Antes do acordo, as tarifas variavam entre 18,7 euros e 102,4 euros por 100 quilos. Pelo novo arranjo, ser\u00e1 criada uma cota de 180 mil toneladas em peso carca\u00e7a, dividida igualmente entre produtos com osso e desossados, com aumento linear em cinco anos e tarifa intracota zerada.<\/p>\n<p class=\"v1MsoNormal\">Na avalia\u00e7\u00e3o da ApexBrasil, os n\u00fameros demonstram que o acordo tem potencial para reposicionar o agroneg\u00f3cio brasileiro no mercado europeu, ampliando volumes, reduzindo custos de acesso e fortalecendo a previsibilidade para investimentos e decis\u00f5es estrat\u00e9gicas. A Ag\u00eancia destaca que o desafio, a partir da ratifica\u00e7\u00e3o, ser\u00e1 transformar o mapeamento t\u00e9cnico em resultados concretos, preparando empresas para atender exig\u00eancias sanit\u00e1rias, ambientais e log\u00edsticas do mercado europeu, ao mesmo tempo em que amplia a presen\u00e7a brasileira em segmentos de maior valor agregado.<\/p>\n<\/div>\n<h6><em>THE <strong>Bela Cereais<\/strong> works with the best grains on the market and also keeps you up to date with the latest news and analyses on agribusiness.<br \/>\nDon&#039;t forget to follow our social networks.<\/em><\/h6>\n<p><a href=\"https:\/\/opresenterural.com.br\/apexbrasil-aponta-543-janelas-de-exportacao-ao-mercado-europeu-com-acordo-mercosul-ue\/\" target=\"_blank\" rel=\"noopener\">Access News Source <\/a><\/p>","protected":false},"excerpt":{"rendered":"<p>A Ag\u00eancia Brasileira de Promo\u00e7\u00e3o de Exporta\u00e7\u00f5es e Investimentos (ApexBrasil) divulgou nesta semana um levantamento&hellip;<\/p>","protected":false},"author":1,"featured_media":26680,"comment_status":"","ping_status":"","sticky":false,"template":"","format":"standard","meta":{"footnotes":""},"categories":[7],"tags":[],"class_list":["post-26679","post","type-post","status-publish","format-standard","has-post-thumbnail","hentry","category-exportacoes"],"_links":{"self":[{"href":"https:\/\/belacereais.com.br\/en\/wp-json\/wp\/v2\/posts\/26679","targetHints":{"allow":["GET"]}}],"collection":[{"href":"https:\/\/belacereais.com.br\/en\/wp-json\/wp\/v2\/posts"}],"about":[{"href":"https:\/\/belacereais.com.br\/en\/wp-json\/wp\/v2\/types\/post"}],"author":[{"embeddable":true,"href":"https:\/\/belacereais.com.br\/en\/wp-json\/wp\/v2\/users\/1"}],"replies":[{"embeddable":true,"href":"https:\/\/belacereais.com.br\/en\/wp-json\/wp\/v2\/comments?post=26679"}],"version-history":[{"count":0,"href":"https:\/\/belacereais.com.br\/en\/wp-json\/wp\/v2\/posts\/26679\/revisions"}],"wp:featuredmedia":[{"embeddable":true,"href":"https:\/\/belacereais.com.br\/en\/wp-json\/wp\/v2\/media\/26680"}],"wp:attachment":[{"href":"https:\/\/belacereais.com.br\/en\/wp-json\/wp\/v2\/media?parent=26679"}],"wp:term":[{"taxonomy":"category","embeddable":true,"href":"https:\/\/belacereais.com.br\/en\/wp-json\/wp\/v2\/categories?post=26679"},{"taxonomy":"post_tag","embeddable":true,"href":"https:\/\/belacereais.com.br\/en\/wp-json\/wp\/v2\/tags?post=26679"}],"curies":[{"name":"wp","href":"https:\/\/api.w.org\/{rel}","templated":true}]}}