{"id":26681,"date":"2026-01-23T16:26:33","date_gmt":"2026-01-23T20:26:33","guid":{"rendered":"https:\/\/belacereais.com.br\/2026\/safra\/capal-reforca-estrutura-para-receber-safra-de-verao-2025-2026\/"},"modified":"2026-01-23T16:26:33","modified_gmt":"2026-01-23T20:26:33","slug":"capal-reforca-estrutura-para-receber-safra-de-verao-2025-2026","status":"publish","type":"post","link":"https:\/\/belacereais.com.br\/en\/2026\/safra\/capal-reforca-estrutura-para-receber-safra-de-verao-2025-2026\/","title":{"rendered":"Capal refor\u00e7a estrutura para receber safra de ver\u00e3o 2025\/2026"},"content":{"rendered":"<p><\/p>\n<div id=\"mvp-content-main\" class=\"left relative\">\n<p>A Capal Cooperativa Agroindustrial reuniu colaboradores em Arapoti\u00a0(PR), na \u00faltima semana, para um evento de sensibiliza\u00e7\u00e3o da safra de ver\u00e3o 2025\/2026. O encontro marca a prepara\u00e7\u00e3o para o recebimento da safra ver\u00e3o na matriz e nas unidades, com \u00eanfase para as culturas de soja e milho, e promove um alinhamento entre os diversos setores da Cooperativa que atuam na frente operacional da recep\u00e7\u00e3o, beneficiamento e armazenagem dos gr\u00e3os. Tamb\u00e9m estiveram presentes representantes das \u00e1reas de apoio diretamente relacionadas \u00e0 recep\u00e7\u00e3o da safra.<\/p>\n<p>Para a diretora industrial da Capal, Valqu\u00edria Demarchi, o envolvimento de todas as \u00e1reas no evento, do operacional ao administrativo, \u00e9 importante para que a cooperativa possa se planejar para um recebimento assertivo e sem incidentes. \u201cO objetivo \u00e9 receber a safra com tranquilidade e atender o cooperado para que ele consiga realizar uma boa gest\u00e3o da safra, colhendo no momento certo e preservando a qualidade dos gr\u00e3os\u201d, explica.<\/p>\n<p>Os temas abordados na reuni\u00e3o incluem cen\u00e1rio do campo, log\u00edstica, gest\u00e3o de pessoas, seguran\u00e7a do trabalho, preserva\u00e7\u00e3o ambiental, obrigatoriedades fiscais, planejamento no p\u00f3s-colheita, beneficiamento e armazenagem dos gr\u00e3os. Com a constru\u00e7\u00e3o de uma nova bateria de silos em Arapoti,\u00a0a capacidade de armazenamento da Capal passa a totalizar 601 mil toneladas, somadas todas as Unidades.<\/p>\n<p>O engenheiro agr\u00f4nomo Eliezer Fatiga Solda, do Departamento de Assist\u00eancia T\u00e9cnica \u2013 Agr\u00edcola da Capal, avalia que a safra atual est\u00e1 dentro das expectativas e que n\u00e3o teve muitas ocorr\u00eancias em rela\u00e7\u00e3o a pragas e doen\u00e7as. \u201cDe maneira geral, o desenvolvimento das lavouras est\u00e1 muito bom. O que tem acontecido \u00e9 uma irregularidade de chuvas, mas, em geral, os campos est\u00e3o recebendo a quantidade de chuva necess\u00e1ria. O potencial produtivo est\u00e1 dentro do esperado, com exce\u00e7\u00e3o de casos espec\u00edficos de d\u00e9ficit h\u00eddrico\u201d, comenta.<\/p>\n<p>Segundo o \u00faltimo boletim do Departamento de Economia Rural (Deral), da Secretaria de Estado da Agricultura e do Abastecimento (Seab), divulgado na semana passada, a soja j\u00e1 ocupa uma \u00e1rea de 4,8 milh\u00f5es de hectares plantados no Paran\u00e1. A estimativa inicial \u00e9 de que sejam colhidas 22 milh\u00f5es de toneladas no estado.<\/p>\n<\/div>\n<h6><em>THE <strong>Bela Cereais<\/strong> works with the best grains on the market and also keeps you up to date with the latest news and analyses on agribusiness.<br \/>\nDon&#039;t forget to follow our social networks.<\/em><\/h6>\n<p><a href=\"https:\/\/opresenterural.com.br\/capal-reforca-estrutura-para-receber-safra-de-verao-2025-2026\/\" target=\"_blank\" rel=\"noopener\">Access News Source <\/a><\/p>","protected":false},"excerpt":{"rendered":"<p>A Capal Cooperativa Agroindustrial reuniu colaboradores em Arapoti\u00a0(PR), na \u00faltima semana, para um evento de&hellip;<\/p>","protected":false},"author":1,"featured_media":26682,"comment_status":"","ping_status":"","sticky":false,"template":"","format":"standard","meta":{"footnotes":""},"categories":[258],"tags":[],"class_list":["post-26681","post","type-post","status-publish","format-standard","has-post-thumbnail","hentry","category-safra"],"_links":{"self":[{"href":"https:\/\/belacereais.com.br\/en\/wp-json\/wp\/v2\/posts\/26681","targetHints":{"allow":["GET"]}}],"collection":[{"href":"https:\/\/belacereais.com.br\/en\/wp-json\/wp\/v2\/posts"}],"about":[{"href":"https:\/\/belacereais.com.br\/en\/wp-json\/wp\/v2\/types\/post"}],"author":[{"embeddable":true,"href":"https:\/\/belacereais.com.br\/en\/wp-json\/wp\/v2\/users\/1"}],"replies":[{"embeddable":true,"href":"https:\/\/belacereais.com.br\/en\/wp-json\/wp\/v2\/comments?post=26681"}],"version-history":[{"count":0,"href":"https:\/\/belacereais.com.br\/en\/wp-json\/wp\/v2\/posts\/26681\/revisions"}],"wp:featuredmedia":[{"embeddable":true,"href":"https:\/\/belacereais.com.br\/en\/wp-json\/wp\/v2\/media\/26682"}],"wp:attachment":[{"href":"https:\/\/belacereais.com.br\/en\/wp-json\/wp\/v2\/media?parent=26681"}],"wp:term":[{"taxonomy":"category","embeddable":true,"href":"https:\/\/belacereais.com.br\/en\/wp-json\/wp\/v2\/categories?post=26681"},{"taxonomy":"post_tag","embeddable":true,"href":"https:\/\/belacereais.com.br\/en\/wp-json\/wp\/v2\/tags?post=26681"}],"curies":[{"name":"wp","href":"https:\/\/api.w.org\/{rel}","templated":true}]}}