{"id":26685,"date":"2026-01-26T08:51:47","date_gmt":"2026-01-26T12:51:47","guid":{"rendered":"https:\/\/belacereais.com.br\/2026\/soja\/recuperacao-no-sul-e-clima-favoravel-deve-fazer-brasil-colher-1795-milhoes-de-toneladas-de-soja\/"},"modified":"2026-01-26T08:51:47","modified_gmt":"2026-01-26T12:51:47","slug":"recuperacao-no-sul-e-clima-favoravel-deve-fazer-brasil-colher-1795-milhoes-de-toneladas-de-soja","status":"publish","type":"post","link":"https:\/\/belacereais.com.br\/en\/2026\/soja\/recuperacao-no-sul-e-clima-favoravel-deve-fazer-brasil-colher-1795-milhoes-de-toneladas-de-soja\/","title":{"rendered":"Recupera\u00e7\u00e3o no Sul e clima favor\u00e1vel deve fazer Brasil colher 179,5 milh\u00f5es de toneladas de soja"},"content":{"rendered":"<p><\/p>\n<div id=\"mvp-content-main\" class=\"left relative\">\n<p>A produ\u00e7\u00e3o brasileira de soja na safra 2025\/26 pode alcan\u00e7ar 179,5 milh\u00f5es de toneladas, segundo estimativa revisada pela consultoria internacional de mercado Hedgepoint Global Markets, refor\u00e7ando o cen\u00e1rio de novo recorde nacional. O volume supera a proje\u00e7\u00e3o anterior, de 178 milh\u00f5es de toneladas, e reflete um quadro mais favor\u00e1vel de produtividade nas principais regi\u00f5es produtoras.<\/p>\n<p>A revis\u00e3o considera melhorias nas \u00e1reas plantadas e nas produtividades m\u00e9dias esperadas, impulsionadas por condi\u00e7\u00f5es clim\u00e1ticas amplamente positivas ao longo do ciclo, especialmente a partir de dezembro de 2025. A an\u00e1lise incorpora, entre outros indicadores, dados recentes do Departamento de Agricultura dos Estados Unidos (USDA) sobre o \u00cdndice de Vegeta\u00e7\u00e3o por Diferen\u00e7a Normalizada (NDVI), que sinalizam bom desenvolvimento das lavouras nos principais estados produtores.<\/p>\n<div id=\"attachment_201145\" style=\"width: 310px\" class=\"wp-caption alignright\"><img fetchpriority=\"high\" data-recalc-dims=\"1\" decoding=\"async\" aria-describedby=\"caption-attachment-201145\" data-attachment-id=\"201145\" data-permalink=\"https:\/\/opresenterural.com.br\/adapar-amplia-prazo-de-plantio-da-soja-para-produtores-de-sementes-no-parana\/soja-plantacao-fotosjaelson-lucas-arquivo-aen-2\/\" data-orig-file=\"https:\/\/i0.wp.com\/opresenterural.com.br\/wp-content\/uploads\/2026\/01\/usar_esta.jpg?fit=1400%2C933&amp;ssl=1\" data-orig-size=\"1400,933\" data-comments-opened=\"0\" data-image-meta=\"{&quot;aperture&quot;:&quot;22&quot;,&quot;credit&quot;:&quot;Jaelson Lucas\\\/Arquivo AEN&quot;,&quot;camera&quot;:&quot;Canon EOS 5D Mark III&quot;,&quot;caption&quot;:&quot;Soja - planta\\u00e7\\u00e3o. Fotos:Jaelson Lucas \\\/ Arquivo AEN&quot;,&quot;created_timestamp&quot;:&quot;1583148263&quot;,&quot;copyright&quot;:&quot;&quot;,&quot;focal_length&quot;:&quot;105&quot;,&quot;iso&quot;:&quot;500&quot;,&quot;shutter_speed&quot;:&quot;0.004&quot;,&quot;title&quot;:&quot;Soja - planta\\u00e7\\u00e3o. Fotos:Jaelson Lucas \\\/ Arquivo AEN&quot;,&quot;orientation&quot;:&quot;1&quot;}\" data-image-title=\"soja, semente, planta\u00e7\u00e3o, gr\u00e3os soja\" data-image-description data-image-caption=\"&lt;p&gt;Fotos: Jaelson Lucas \/ Arquivo AEN&lt;\/p&gt;\" data-medium-file=\"https:\/\/i0.wp.com\/opresenterural.com.br\/wp-content\/uploads\/2026\/01\/usar_esta.jpg?fit=300%2C200&amp;ssl=1\" data-large-file=\"https:\/\/i0.wp.com\/opresenterural.com.br\/wp-content\/uploads\/2026\/01\/usar_esta.jpg?fit=740%2C493&amp;ssl=1\" class=\"size-medium wp-image-201145\" src=\"https:\/\/i0.wp.com\/opresenterural.com.br\/wp-content\/uploads\/2026\/01\/usar_esta.jpg?resize=300%2C200&amp;ssl=1\" alt width=\"300\" height=\"200\" srcset=\"https:\/\/i0.wp.com\/opresenterural.com.br\/wp-content\/uploads\/2026\/01\/usar_esta.jpg?resize=300%2C200&amp;ssl=1 300w, https:\/\/i0.wp.com\/opresenterural.com.br\/wp-content\/uploads\/2026\/01\/usar_esta.jpg?resize=1024%2C682&amp;ssl=1 1024w, https:\/\/i0.wp.com\/opresenterural.com.br\/wp-content\/uploads\/2026\/01\/usar_esta.jpg?resize=768%2C512&amp;ssl=1 768w, https:\/\/i0.wp.com\/opresenterural.com.br\/wp-content\/uploads\/2026\/01\/usar_esta.jpg?resize=600%2C400&amp;ssl=1 600w, https:\/\/i0.wp.com\/opresenterural.com.br\/wp-content\/uploads\/2026\/01\/usar_esta.jpg?w=1400&amp;ssl=1 1400w\" sizes=\"(max-width: 300px) 100vw, 300px\"><\/p>\n<p id=\"caption-attachment-201145\" class=\"wp-caption-text\">Photo: Jaelson Lucas<\/p>\n<\/div>\n<p>No Rio Grande do Sul, ap\u00f3s tr\u00eas safras consecutivas marcadas por adversidades clim\u00e1ticas, a soja apresenta recupera\u00e7\u00e3o expressiva em 2025\/26, com n\u00edveis elevados de NDVI. A retomada da produtividade no estado \u00e9 apontada como um dos fatores mais relevantes para a eleva\u00e7\u00e3o da estimativa nacional e para a consolida\u00e7\u00e3o do recorde.<\/p>\n<p>J\u00e1 Mato Grosso e Paran\u00e1, os dois maiores produtores do pa\u00eds, seguem com condi\u00e7\u00f5es clim\u00e1ticas favor\u00e1veis e \u00edndices robustos de vegeta\u00e7\u00e3o, sustentando expectativas positivas de rendimento. O mesmo cen\u00e1rio \u00e9 observado em Goi\u00e1s, Mato Grosso do Sul, Minas Gerais e Bahia, que tamb\u00e9m registram altos n\u00edveis de NDVI, indicando potencial produtivo disseminado.<\/p>\n<p>A colheita da soja come\u00e7ou em ritmo mais acelerado neste in\u00edcio de safra. At\u00e9 16 de janeiro, cerca de 3% da \u00e1rea nacional j\u00e1 havia sido colhida, percentual superior aos 1,1% registrados no mesmo per\u00edodo do ano passado e pr\u00f3ximo da m\u00e9dia hist\u00f3rica de 2,7%. Apesar de atrasos no plantio em setembro e outubro, n\u00e3o h\u00e1, at\u00e9 o momento, indica\u00e7\u00e3o de impactos relevantes sobre a produtividade.<\/p>\n<div id=\"attachment_195775\" style=\"width: 310px\" class=\"wp-caption alignleft\"><img data-recalc-dims=\"1\" decoding=\"async\" aria-describedby=\"caption-attachment-195775\" data-attachment-id=\"195775\" data-permalink=\"https:\/\/opresenterural.com.br\/inscricoes-para-novo-concurso-publico-da-adapar-terminam-nesta-quarta-feira\/24-02-2021-cascavel-colheita-de-soja-39\/\" data-orig-file=\"https:\/\/i0.wp.com\/opresenterural.com.br\/wp-content\/uploads\/2025\/10\/colheita_de_soja_-_gilson_abreu_aen.jpg?fit=1400%2C933&amp;ssl=1\" data-orig-size=\"1400,933\" data-comments-opened=\"0\" data-image-meta=\"{&quot;aperture&quot;:&quot;2.8&quot;,&quot;credit&quot;:&quot;Gilson Abreu\\\/AEN&quot;,&quot;camera&quot;:&quot;FC2103&quot;,&quot;caption&quot;:&quot;24\\\/02\\\/2021 - Cascavel, colheita de Soja&quot;,&quot;created_timestamp&quot;:&quot;1614186607&quot;,&quot;copyright&quot;:&quot;&quot;,&quot;focal_length&quot;:&quot;4.5&quot;,&quot;iso&quot;:&quot;100&quot;,&quot;shutter_speed&quot;:&quot;0.003448275862069&quot;,&quot;title&quot;:&quot;24\\\/02\\\/2021 - Cascavel, colheita de Soja&quot;,&quot;orientation&quot;:&quot;1&quot;}\" data-image-title=\"24\/02\/2021 \u2013 Cascavel, colheita de Soja\" data-image-description data-image-caption=\"&lt;p&gt;Foto: Gilson Abreu\/AEN&lt;\/p&gt;\" data-medium-file=\"https:\/\/i0.wp.com\/opresenterural.com.br\/wp-content\/uploads\/2025\/10\/colheita_de_soja_-_gilson_abreu_aen.jpg?fit=300%2C200&amp;ssl=1\" data-large-file=\"https:\/\/i0.wp.com\/opresenterural.com.br\/wp-content\/uploads\/2025\/10\/colheita_de_soja_-_gilson_abreu_aen.jpg?fit=740%2C493&amp;ssl=1\" class=\"size-medium wp-image-195775\" src=\"https:\/\/i0.wp.com\/opresenterural.com.br\/wp-content\/uploads\/2025\/10\/colheita_de_soja_-_gilson_abreu_aen.jpg?resize=300%2C200&amp;ssl=1\" alt width=\"300\" height=\"200\" srcset=\"https:\/\/i0.wp.com\/opresenterural.com.br\/wp-content\/uploads\/2025\/10\/colheita_de_soja_-_gilson_abreu_aen.jpg?resize=300%2C200&amp;ssl=1 300w, https:\/\/i0.wp.com\/opresenterural.com.br\/wp-content\/uploads\/2025\/10\/colheita_de_soja_-_gilson_abreu_aen.jpg?resize=1024%2C682&amp;ssl=1 1024w, https:\/\/i0.wp.com\/opresenterural.com.br\/wp-content\/uploads\/2025\/10\/colheita_de_soja_-_gilson_abreu_aen.jpg?resize=768%2C512&amp;ssl=1 768w, https:\/\/i0.wp.com\/opresenterural.com.br\/wp-content\/uploads\/2025\/10\/colheita_de_soja_-_gilson_abreu_aen.jpg?resize=600%2C400&amp;ssl=1 600w, https:\/\/i0.wp.com\/opresenterural.com.br\/wp-content\/uploads\/2025\/10\/colheita_de_soja_-_gilson_abreu_aen.jpg?w=1400&amp;ssl=1 1400w\" sizes=\"(max-width: 300px) 100vw, 300px\"><\/p>\n<p id=\"caption-attachment-195775\" class=\"wp-caption-text\">Photo: Gilson Abreu<\/p>\n<\/div>\n<p>As proje\u00e7\u00f5es clim\u00e1ticas seguem favor\u00e1veis para o andamento da safra. No curto prazo, entre 21 e 27 de janeiro, s\u00e3o esperadas chuvas mais intensas no Centro-Norte do pa\u00eds, o que pode limitar temporariamente o avan\u00e7o das colheitadeiras em Mato Grosso. Em contrapartida, Sul e Sudeste devem registrar volumes menores de precipita\u00e7\u00e3o, favorecendo o ritmo dos trabalhos, especialmente no Paran\u00e1.<\/p>\n<p>Para fevereiro, a previs\u00e3o indica chuvas abaixo da m\u00e9dia no Sudeste, Centro-Oeste e Nordeste, cen\u00e1rio que tende a contribuir para maior fluidez da colheita na faixa central do pa\u00eds. No Sul, a expectativa de umidade acima da m\u00e9dia deve beneficiar o Rio Grande do Sul, refor\u00e7ando a recupera\u00e7\u00e3o das lavouras. No Nordeste, o monitoramento permanece necess\u00e1rio, j\u00e1 que parte das \u00e1reas foi semeada mais tardiamente e ainda depende de boa disponibilidade h\u00eddrica para a consolida\u00e7\u00e3o dos rendimentos.<\/p>\n<\/div>\n<h6><em>THE <strong>Bela Cereais<\/strong> works with the best grains on the market and also keeps you up to date with the latest news and analyses on agribusiness.<br \/>\nDon&#039;t forget to follow our social networks.<\/em><\/h6>\n<p><a href=\"https:\/\/opresenterural.com.br\/recuperacao-no-sul-e-clima-favoravel-deve-fazer-brasil-colher-1795-milhoes-de-toneladas-de-soja\/\" target=\"_blank\" rel=\"noopener\">Access News Source <\/a><\/p>","protected":false},"excerpt":{"rendered":"<p>A produ\u00e7\u00e3o brasileira de soja na safra 2025\/26 pode alcan\u00e7ar 179,5 milh\u00f5es de toneladas, segundo&hellip;<\/p>","protected":false},"author":1,"featured_media":26315,"comment_status":"","ping_status":"","sticky":false,"template":"","format":"standard","meta":{"footnotes":""},"categories":[259],"tags":[],"class_list":["post-26685","post","type-post","status-publish","format-standard","has-post-thumbnail","hentry","category-soja"],"_links":{"self":[{"href":"https:\/\/belacereais.com.br\/en\/wp-json\/wp\/v2\/posts\/26685","targetHints":{"allow":["GET"]}}],"collection":[{"href":"https:\/\/belacereais.com.br\/en\/wp-json\/wp\/v2\/posts"}],"about":[{"href":"https:\/\/belacereais.com.br\/en\/wp-json\/wp\/v2\/types\/post"}],"author":[{"embeddable":true,"href":"https:\/\/belacereais.com.br\/en\/wp-json\/wp\/v2\/users\/1"}],"replies":[{"embeddable":true,"href":"https:\/\/belacereais.com.br\/en\/wp-json\/wp\/v2\/comments?post=26685"}],"version-history":[{"count":0,"href":"https:\/\/belacereais.com.br\/en\/wp-json\/wp\/v2\/posts\/26685\/revisions"}],"wp:featuredmedia":[{"embeddable":true,"href":"https:\/\/belacereais.com.br\/en\/wp-json\/wp\/v2\/media\/26315"}],"wp:attachment":[{"href":"https:\/\/belacereais.com.br\/en\/wp-json\/wp\/v2\/media?parent=26685"}],"wp:term":[{"taxonomy":"category","embeddable":true,"href":"https:\/\/belacereais.com.br\/en\/wp-json\/wp\/v2\/categories?post=26685"},{"taxonomy":"post_tag","embeddable":true,"href":"https:\/\/belacereais.com.br\/en\/wp-json\/wp\/v2\/tags?post=26685"}],"curies":[{"name":"wp","href":"https:\/\/api.w.org\/{rel}","templated":true}]}}