{"id":26686,"date":"2026-01-26T09:17:55","date_gmt":"2026-01-26T13:17:55","guid":{"rendered":"https:\/\/belacereais.com.br\/2026\/milho\/preco-do-milho-recua-com-avanco-da-colheita-e-demanda-interna-enfraquecida\/"},"modified":"2026-01-26T09:17:55","modified_gmt":"2026-01-26T13:17:55","slug":"preco-do-milho-recua-com-avanco-da-colheita-e-demanda-interna-enfraquecida","status":"publish","type":"post","link":"https:\/\/belacereais.com.br\/en\/2026\/milho\/preco-do-milho-recua-com-avanco-da-colheita-e-demanda-interna-enfraquecida\/","title":{"rendered":"Pre\u00e7o do milho recua com avan\u00e7o da colheita e demanda interna enfraquecida"},"content":{"rendered":"<p><\/p>\n<div id=\"mvp-content-main\" class=\"left relative\">\n<div class=\"flex flex-col text-sm pb-25\">\n<article class=\"text-token-text-primary w-full focus:outline-none [--shadow-height:45px] has-data-writing-block:pointer-events-none has-data-writing-block:-mt-(--shadow-height) has-data-writing-block:pt-(--shadow-height) [&amp;:has([data-writing-block])&gt;*]:pointer-events-auto [content-visibility:auto] supports-[content-visibility:auto]:[contain-intrinsic-size:auto_100lvh] scroll-mt-[calc(var(--header-height)+min(200px,max(70px,20svh)))]\" dir=\"auto\" tabindex=\"-1\" data-turn-id=\"399e2e3e-6ca7-4193-b3bb-93e59137fcf2\" data-testid=\"conversation-turn-2\" data-scroll-anchor=\"true\" data-turn=\"assistant\">\n<div class=\"text-base my-auto mx-auto pb-10 [--thread-content-margin:--spacing(4)] @w-sm\/main:[--thread-content-margin:--spacing(6)] @w-lg\/main:[--thread-content-margin:--spacing(16)] px-(--thread-content-margin)\">\n<div class=\"[--thread-content-max-width:40rem] @w-lg\/main:[--thread-content-max-width:48rem] mx-auto max-w-(--thread-content-max-width) flex-1 group\/turn-messages focus-visible:outline-hidden relative flex w-full min-w-0 flex-col agent-turn\" tabindex=\"-1\">\n<div class=\"flex max-w-full flex-col grow\">\n<div class=\"min-h-8 text-message relative flex w-full flex-col items-end gap-2 text-start break-words whitespace-normal [.text-message+&amp;]:mt-1\" dir=\"auto\" data-message-author-role=\"assistant\" data-message-id=\"3a7c52ce-afcd-4727-bc52-6a649d80ce3d\" data-message-model-slug=\"gpt-5-2\">\n<div class=\"flex w-full flex-col gap-1 empty:hidden first:pt-[1px]\">\n<div class=\"markdown prose dark:prose-invert w-full wrap-break-word light markdown-new-styling\">\n<p data-start=\"260\" data-end=\"655\">Os pre\u00e7os do milho seguem em trajet\u00f3ria de queda nas principais regi\u00f5es produtoras acompanhadas pelo Centro de Estudos Avan\u00e7ados em Economia Aplicada (Cepea). De acordo com pesquisadores do Centro, o movimento \u00e9 explicado por um conjunto de fatores que atuam simultaneamente sobre o mercado, com destaque para o aumento da oferta neste come\u00e7o de ano e para a menor demanda interna.<\/p>\n<div id=\"attachment_173720\" style=\"width: 310px\" class=\"wp-caption alignright\"><img fetchpriority=\"high\" data-recalc-dims=\"1\" decoding=\"async\" aria-describedby=\"caption-attachment-173720\" data-attachment-id=\"173720\" data-permalink=\"https:\/\/opresenterural.com.br\/1a-safra-de-milho-pode-ter-resultado-historico-no-parana-2a-safra-tem-chance-de-ser-recorde\/colheita-de-milho-na-regiao-de-campo-mourao-norte-do-parana-colheitadeira-colhendo-milho-14\/\" data-orig-file=\"https:\/\/i0.wp.com\/opresenterural.com.br\/wp-content\/uploads\/2025\/02\/milho_03.jpg?fit=1400%2C933&amp;ssl=1\" data-orig-size=\"1400,933\" data-comments-opened=\"0\" data-image-meta=\"{&quot;aperture&quot;:&quot;7.1&quot;,&quot;credit&quot;:&quot;Albari Rosa \\\/ AEN&quot;,&quot;camera&quot;:&quot;Canon EOS-1D X&quot;,&quot;caption&quot;:&quot;Colheita de milho na regi\\u00e3o de CAmpo Mour\\u00e3o, norte do Paran\\u00e1 - colheitadeira colhendo milho -&quot;,&quot;created_timestamp&quot;:&quot;1659372649&quot;,&quot;copyright&quot;:&quot;&quot;,&quot;focal_length&quot;:&quot;280&quot;,&quot;iso&quot;:&quot;200&quot;,&quot;shutter_speed&quot;:&quot;0.0025&quot;,&quot;title&quot;:&quot;Colheita de milho na regi\\u00e3o de CAmpo Mour\\u00e3o, norte do Paran\\u00e1 - colheitadeira colhendo milho -&quot;,&quot;orientation&quot;:&quot;1&quot;}\" data-image-title=\"Colheita de milho na regi\u00e3o de CAmpo Mour\u00e3o, norte do Paran\u00e1 \u2013 colheitadeira colhendo milho \u2013\" data-image-description data-image-caption=\"&lt;p&gt;Foto: Albari Rosa&lt;\/p&gt;\" data-medium-file=\"https:\/\/i0.wp.com\/opresenterural.com.br\/wp-content\/uploads\/2025\/02\/milho_03.jpg?fit=300%2C200&amp;ssl=1\" data-large-file=\"https:\/\/i0.wp.com\/opresenterural.com.br\/wp-content\/uploads\/2025\/02\/milho_03.jpg?fit=740%2C493&amp;ssl=1\" class=\"size-medium wp-image-173720\" src=\"https:\/\/i0.wp.com\/opresenterural.com.br\/wp-content\/uploads\/2025\/02\/milho_03.jpg?resize=300%2C200&amp;ssl=1\" alt width=\"300\" height=\"200\" srcset=\"https:\/\/i0.wp.com\/opresenterural.com.br\/wp-content\/uploads\/2025\/02\/milho_03.jpg?resize=300%2C200&amp;ssl=1 300w, https:\/\/i0.wp.com\/opresenterural.com.br\/wp-content\/uploads\/2025\/02\/milho_03.jpg?resize=1024%2C682&amp;ssl=1 1024w, https:\/\/i0.wp.com\/opresenterural.com.br\/wp-content\/uploads\/2025\/02\/milho_03.jpg?resize=768%2C512&amp;ssl=1 768w, https:\/\/i0.wp.com\/opresenterural.com.br\/wp-content\/uploads\/2025\/02\/milho_03.jpg?resize=600%2C400&amp;ssl=1 600w, https:\/\/i0.wp.com\/opresenterural.com.br\/wp-content\/uploads\/2025\/02\/milho_03.jpg?w=1400&amp;ssl=1 1400w\" sizes=\"(max-width: 300px) 100vw, 300px\"><\/p>\n<p id=\"caption-attachment-173720\" class=\"wp-caption-text\">Photo: Albari Rosa<\/p>\n<\/div>\n<p data-start=\"657\" data-end=\"946\">A disponibilidade do cereal \u00e9 refor\u00e7ada pelo clima favor\u00e1vel ao desenvolvimento das lavouras no Brasil e pelo avan\u00e7o da colheita da safra de ver\u00e3o, especialmente nas regi\u00f5es Sul e Sudeste. Esse cen\u00e1rio amplia o volume de gr\u00e3os dispon\u00edvel no mercado f\u00edsico e reduz a sustenta\u00e7\u00e3o dos pre\u00e7os.<\/p>\n<p data-start=\"948\" data-end=\"1388\">Pelo lado da demanda, o Cepea observa que os compradores seguem cautelosos. Muitos agentes t\u00eam priorizado a utiliza\u00e7\u00e3o de lotes adquiridos anteriormente, o que limita novas negocia\u00e7\u00f5es no curto prazo. Parte desses consumidores, al\u00e9m de contar com estoques, avalia que o avan\u00e7o da colheita da soja deve aumentar a necessidade de espa\u00e7o nos armaz\u00e9ns, levando vendedores de milho a ofertar o produto para liberar capacidade e refor\u00e7ar o caixa.<\/p>\n<div id=\"attachment_166577\" style=\"width: 310px\" class=\"wp-caption alignleft\"><img data-recalc-dims=\"1\" decoding=\"async\" aria-describedby=\"caption-attachment-166577\" data-attachment-id=\"166577\" data-permalink=\"https:\/\/opresenterural.com.br\/safra-24-25-do-parana-pode-chegar-a-253-milhoes-de-toneladas-de-graos\/colheita-de-milho-na-regiao-de-campo-mourao-norte-do-parana-colheitadeira-colhendo-milho-12\/\" data-orig-file=\"https:\/\/i0.wp.com\/opresenterural.com.br\/wp-content\/uploads\/2024\/12\/milho_01.jpg?fit=1400%2C933&amp;ssl=1\" data-orig-size=\"1400,933\" data-comments-opened=\"0\" data-image-meta=\"{&quot;aperture&quot;:&quot;7.1&quot;,&quot;credit&quot;:&quot;Albari Rosa \\\/ AEN&quot;,&quot;camera&quot;:&quot;Canon EOS-1D X&quot;,&quot;caption&quot;:&quot;Colheita de milho na regi\\u00e3o de CAmpo Mour\\u00e3o, norte do Paran\\u00e1 - colheitadeira colhendo milho -&quot;,&quot;created_timestamp&quot;:&quot;1659372479&quot;,&quot;copyright&quot;:&quot;&quot;,&quot;focal_length&quot;:&quot;280&quot;,&quot;iso&quot;:&quot;200&quot;,&quot;shutter_speed&quot;:&quot;0.003125&quot;,&quot;title&quot;:&quot;Colheita de milho na regi\\u00e3o de CAmpo Mour\\u00e3o, norte do Paran\\u00e1 - colheitadeira colhendo milho -&quot;,&quot;orientation&quot;:&quot;1&quot;}\" data-image-title=\"Colheita de milho na regi\u00e3o de CAmpo Mour\u00e3o, norte do Paran\u00e1 \u2013 colheitadeira colhendo milho \u2013\" data-image-description data-image-caption=\"&lt;p&gt;Foto: Albari Rosa&lt;\/p&gt;\" data-medium-file=\"https:\/\/i0.wp.com\/opresenterural.com.br\/wp-content\/uploads\/2024\/12\/milho_01.jpg?fit=300%2C200&amp;ssl=1\" data-large-file=\"https:\/\/i0.wp.com\/opresenterural.com.br\/wp-content\/uploads\/2024\/12\/milho_01.jpg?fit=740%2C493&amp;ssl=1\" class=\"size-medium wp-image-166577\" src=\"https:\/\/i0.wp.com\/opresenterural.com.br\/wp-content\/uploads\/2024\/12\/milho_01.jpg?resize=300%2C200&amp;ssl=1\" alt width=\"300\" height=\"200\" srcset=\"https:\/\/i0.wp.com\/opresenterural.com.br\/wp-content\/uploads\/2024\/12\/milho_01.jpg?resize=300%2C200&amp;ssl=1 300w, https:\/\/i0.wp.com\/opresenterural.com.br\/wp-content\/uploads\/2024\/12\/milho_01.jpg?resize=1024%2C682&amp;ssl=1 1024w, https:\/\/i0.wp.com\/opresenterural.com.br\/wp-content\/uploads\/2024\/12\/milho_01.jpg?resize=768%2C512&amp;ssl=1 768w, https:\/\/i0.wp.com\/opresenterural.com.br\/wp-content\/uploads\/2024\/12\/milho_01.jpg?resize=600%2C400&amp;ssl=1 600w, https:\/\/i0.wp.com\/opresenterural.com.br\/wp-content\/uploads\/2024\/12\/milho_01.jpg?w=1400&amp;ssl=1 1400w\" sizes=\"(max-width: 300px) 100vw, 300px\"><\/p>\n<p id=\"caption-attachment-166577\" class=\"wp-caption-text\">Photo: Albari Rosa<\/p>\n<\/div>\n<p data-start=\"1390\" data-end=\"1749\">No campo, o calend\u00e1rio agr\u00edcola avan\u00e7a em duas frentes. Enquanto a colheita da safra de ver\u00e3o ganha ritmo no Sul e no Sudeste, a semeadura da segunda safra j\u00e1 come\u00e7ou em algumas regi\u00f5es do Sul e do Centro-Oeste. Esse movimento contribui para a percep\u00e7\u00e3o de continuidade da oferta ao longo dos pr\u00f3ximos meses, o que tamb\u00e9m pesa sobre as expectativas de pre\u00e7os.<\/p>\n<p data-start=\"1751\" data-end=\"2061\" data-is-last-node data-is-only-node>Segundo o Cepea, a combina\u00e7\u00e3o entre oferta crescente, demanda retra\u00edda e expectativa de maior disponibilidade adiante mant\u00e9m o mercado pressionado, com compradores mais confort\u00e1veis para postergar aquisi\u00e7\u00f5es e vendedores encontrando dificuldades para sustentar as cota\u00e7\u00f5es nos n\u00edveis observados no fim de 2025.<\/p>\n<\/div>\n<\/div>\n<\/div>\n<\/div>\n<div class=\"z-0 flex min-h-[46px] justify-start\"><\/div>\n<div class=\"mt-3 w-full empty:hidden\">\n<div class=\"text-center\"><\/div>\n<\/div>\n<\/div>\n<\/div>\n<\/article>\n<\/div>\n<div class=\"pointer-events-none h-px w-px absolute bottom-0\" aria-hidden=\"true\" data-edge=\"true\"><\/div>\n<\/div>\n<h6><em>THE <strong>Bela Cereais<\/strong> works with the best grains on the market and also keeps you up to date with the latest news and analyses on agribusiness.<br \/>\nDon&#039;t forget to follow our social networks.<\/em><\/h6>\n<p><a href=\"https:\/\/opresenterural.com.br\/preco-do-milho-recua-com-avanco-da-colheita-e-demanda-interna-enfraquecida\/\" target=\"_blank\" rel=\"noopener\">Access News Source <\/a><\/p>","protected":false},"excerpt":{"rendered":"<p>Os pre\u00e7os do milho seguem em trajet\u00f3ria de queda nas principais regi\u00f5es produtoras acompanhadas pelo&hellip;<\/p>","protected":false},"author":1,"featured_media":24894,"comment_status":"","ping_status":"","sticky":false,"template":"","format":"standard","meta":{"footnotes":""},"categories":[223],"tags":[],"class_list":["post-26686","post","type-post","status-publish","format-standard","has-post-thumbnail","hentry","category-milho"],"_links":{"self":[{"href":"https:\/\/belacereais.com.br\/en\/wp-json\/wp\/v2\/posts\/26686","targetHints":{"allow":["GET"]}}],"collection":[{"href":"https:\/\/belacereais.com.br\/en\/wp-json\/wp\/v2\/posts"}],"about":[{"href":"https:\/\/belacereais.com.br\/en\/wp-json\/wp\/v2\/types\/post"}],"author":[{"embeddable":true,"href":"https:\/\/belacereais.com.br\/en\/wp-json\/wp\/v2\/users\/1"}],"replies":[{"embeddable":true,"href":"https:\/\/belacereais.com.br\/en\/wp-json\/wp\/v2\/comments?post=26686"}],"version-history":[{"count":0,"href":"https:\/\/belacereais.com.br\/en\/wp-json\/wp\/v2\/posts\/26686\/revisions"}],"wp:featuredmedia":[{"embeddable":true,"href":"https:\/\/belacereais.com.br\/en\/wp-json\/wp\/v2\/media\/24894"}],"wp:attachment":[{"href":"https:\/\/belacereais.com.br\/en\/wp-json\/wp\/v2\/media?parent=26686"}],"wp:term":[{"taxonomy":"category","embeddable":true,"href":"https:\/\/belacereais.com.br\/en\/wp-json\/wp\/v2\/categories?post=26686"},{"taxonomy":"post_tag","embeddable":true,"href":"https:\/\/belacereais.com.br\/en\/wp-json\/wp\/v2\/tags?post=26686"}],"curies":[{"name":"wp","href":"https:\/\/api.w.org\/{rel}","templated":true}]}}