{"id":26687,"date":"2026-01-26T09:39:44","date_gmt":"2026-01-26T13:39:44","guid":{"rendered":"https:\/\/belacereais.com.br\/2026\/safra\/soja-recua-no-mercado-interno-com-dolar-mais-fraco-e-expectativa-de-safra-recorde\/"},"modified":"2026-01-26T09:39:44","modified_gmt":"2026-01-26T13:39:44","slug":"soja-recua-no-mercado-interno-com-dolar-mais-fraco-e-expectativa-de-safra-recorde","status":"publish","type":"post","link":"https:\/\/belacereais.com.br\/en\/2026\/safra\/soja-recua-no-mercado-interno-com-dolar-mais-fraco-e-expectativa-de-safra-recorde\/","title":{"rendered":"Soja recua no mercado interno com d\u00f3lar mais fraco e expectativa de safra recorde"},"content":{"rendered":"<p><\/p>\n<div id=\"mvp-content-main\" class=\"left relative\">\n<div class=\"flex max-w-full flex-col grow\">\n<div class=\"min-h-8 text-message relative flex w-full flex-col items-end gap-2 text-start break-words whitespace-normal [.text-message+&amp;]:mt-1\" dir=\"auto\" data-message-author-role=\"assistant\" data-message-id=\"163c6395-ec64-400d-a2cc-009db7b01758\" data-message-model-slug=\"gpt-5-2\">\n<div class=\"flex w-full flex-col gap-1 empty:hidden first:pt-[1px]\">\n<div class=\"markdown prose dark:prose-invert w-full wrap-break-word light markdown-new-styling\">\n<p data-start=\"270\" data-end=\"602\">As cota\u00e7\u00f5es internas da soja registraram queda na \u00faltima semana, pressionadas principalmente pela desvaloriza\u00e7\u00e3o do d\u00f3lar frente ao Real, que reduziu a competitividade da oleaginosa brasileira no mercado internacional. O movimento \u00e9 apontado em levantamento do Centro de Estudos Avan\u00e7ados em Economia Aplicada (Cepea).<\/p>\n<div id=\"attachment_196725\" style=\"width: 310px\" class=\"wp-caption alignleft\"><img fetchpriority=\"high\" data-recalc-dims=\"1\" decoding=\"async\" aria-describedby=\"caption-attachment-196725\" data-attachment-id=\"196725\" data-permalink=\"https:\/\/opresenterural.com.br\/governo-do-parana-apoia-reivindicacoes-para-amortizar-dividas-de-produtores-apos-temporais\/plantacao-de-soja-foto-jose-fernando-ogura-aen-18\/\" data-orig-file=\"https:\/\/i0.wp.com\/opresenterural.com.br\/wp-content\/uploads\/2025\/11\/chuva-Foto-Jose-Fernando-Ogura-AEN1.jpg?fit=1400%2C933&amp;ssl=1\" data-orig-size=\"1400,933\" data-comments-opened=\"0\" data-image-meta=\"{&quot;aperture&quot;:&quot;2.2&quot;,&quot;credit&quot;:&quot;Jos\\u00e9 Fernando Ogura\\\/AEN&quot;,&quot;camera&quot;:&quot;FC220&quot;,&quot;caption&quot;:&quot;Planta\\u00e7\\u00e3o de soja. Foto: Jos\\u00e9 Fernando Ogura\\\/AEN&quot;,&quot;created_timestamp&quot;:&quot;1610460890&quot;,&quot;copyright&quot;:&quot;&quot;,&quot;focal_length&quot;:&quot;4.73&quot;,&quot;iso&quot;:&quot;100&quot;,&quot;shutter_speed&quot;:&quot;0.0030730000014774&quot;,&quot;title&quot;:&quot;Planta\\u00e7\\u00e3o de soja. Foto: Jos\\u00e9 Fernando Ogura\\\/AEN&quot;,&quot;orientation&quot;:&quot;1&quot;}\" data-image-title=\"Planta\u00e7\u00e3o de soja. Foto: Jos\u00e9 Fernando Ogura\/AEN\" data-image-description data-image-caption=\"&lt;p&gt;Foto: Jos\u00e9 Fernando Ogura\/AEN&lt;\/p&gt;\" data-medium-file=\"https:\/\/i0.wp.com\/opresenterural.com.br\/wp-content\/uploads\/2025\/11\/chuva-Foto-Jose-Fernando-Ogura-AEN1.jpg?fit=300%2C200&amp;ssl=1\" data-large-file=\"https:\/\/i0.wp.com\/opresenterural.com.br\/wp-content\/uploads\/2025\/11\/chuva-Foto-Jose-Fernando-Ogura-AEN1.jpg?fit=740%2C493&amp;ssl=1\" class=\"size-medium wp-image-196725\" src=\"https:\/\/i0.wp.com\/opresenterural.com.br\/wp-content\/uploads\/2025\/11\/chuva-Foto-Jose-Fernando-Ogura-AEN1.jpg?resize=300%2C200&amp;ssl=1\" alt width=\"300\" height=\"200\" srcset=\"https:\/\/i0.wp.com\/opresenterural.com.br\/wp-content\/uploads\/2025\/11\/chuva-Foto-Jose-Fernando-Ogura-AEN1.jpg?resize=300%2C200&amp;ssl=1 300w, https:\/\/i0.wp.com\/opresenterural.com.br\/wp-content\/uploads\/2025\/11\/chuva-Foto-Jose-Fernando-Ogura-AEN1.jpg?resize=1024%2C682&amp;ssl=1 1024w, https:\/\/i0.wp.com\/opresenterural.com.br\/wp-content\/uploads\/2025\/11\/chuva-Foto-Jose-Fernando-Ogura-AEN1.jpg?resize=768%2C512&amp;ssl=1 768w, https:\/\/i0.wp.com\/opresenterural.com.br\/wp-content\/uploads\/2025\/11\/chuva-Foto-Jose-Fernando-Ogura-AEN1.jpg?resize=600%2C400&amp;ssl=1 600w, https:\/\/i0.wp.com\/opresenterural.com.br\/wp-content\/uploads\/2025\/11\/chuva-Foto-Jose-Fernando-Ogura-AEN1.jpg?w=1400&amp;ssl=1 1400w\" sizes=\"(max-width: 300px) 100vw, 300px\"><\/p>\n<p id=\"caption-attachment-196725\" class=\"wp-caption-text\">Photo: Jose Fernando Ogura<\/p>\n<\/div>\n<p data-start=\"604\" data-end=\"899\">Segundo os pesquisadores, o c\u00e2mbio mais fraco diminui a atratividade das exporta\u00e7\u00f5es e limita a sustenta\u00e7\u00e3o dos pre\u00e7os no mercado dom\u00e9stico. Esse cen\u00e1rio cambial se soma a outro fator relevante: a expectativa de uma safra recorde no Brasil, que tem refor\u00e7ado a postura cautelosa dos compradores.<\/p>\n<p data-start=\"901\" data-end=\"1225\">De acordo com o Cepea, parte dos demandantes tem postergado novas aquisi\u00e7\u00f5es \u00e0 espera do avan\u00e7o da colheita, o que reduz a liquidez no mercado f\u00edsico. Essa combina\u00e7\u00e3o de menor apetite comprador e perspectiva de ampla oferta tem levado \u00e0 desvaloriza\u00e7\u00e3o dos pr\u00eamios de exporta\u00e7\u00e3o, ampliando a press\u00e3o sobre os pre\u00e7os internos.<\/p>\n<p data-start=\"1227\" data-end=\"1579\">Os dados mais recentes da Companhia Nacional de Abastecimento (Conab) indicam que 3,2%<\/p>\n<div id=\"attachment_190436\" style=\"width: 310px\" class=\"wp-caption alignright\"><img data-recalc-dims=\"1\" decoding=\"async\" aria-describedby=\"caption-attachment-190436\" data-attachment-id=\"190436\" data-permalink=\"https:\/\/opresenterural.com.br\/financiamento-climatico-abre-novas-oportunidades-na-cadeia-da-soja-com-impactos-diretos-na-competitividade-global\/beautifulrurallandscapeofavastsoybeanfieldatsunset-2\/\" data-orig-file=\"https:\/\/i0.wp.com\/opresenterural.com.br\/wp-content\/uploads\/2025\/08\/shutterstock_2448573965.jpg?fit=1400%2C933&amp;ssl=1\" data-orig-size=\"1400,933\" data-comments-opened=\"0\" data-image-meta=\"{&quot;aperture&quot;:&quot;0&quot;,&quot;credit&quot;:&quot;Shutterstock&quot;,&quot;camera&quot;:&quot;&quot;,&quot;caption&quot;:&quot;&quot;,&quot;created_timestamp&quot;:&quot;0&quot;,&quot;copyright&quot;:&quot;Copyright (c) 2024 oticki\\\/Shutterstock.  No use without permission.&quot;,&quot;focal_length&quot;:&quot;0&quot;,&quot;iso&quot;:&quot;0&quot;,&quot;shutter_speed&quot;:&quot;0&quot;,&quot;title&quot;:&quot;Beautiful,Rural,Landscape,Of,A,Vast,Soybean,Field,At,Sunset&quot;,&quot;orientation&quot;:&quot;1&quot;}\" data-image-title=\"soja\" data-image-description data-image-caption=\"&lt;p&gt;Foto: Shutterstock&lt;\/p&gt;\" data-medium-file=\"https:\/\/i0.wp.com\/opresenterural.com.br\/wp-content\/uploads\/2025\/08\/shutterstock_2448573965.jpg?fit=300%2C200&amp;ssl=1\" data-large-file=\"https:\/\/i0.wp.com\/opresenterural.com.br\/wp-content\/uploads\/2025\/08\/shutterstock_2448573965.jpg?fit=740%2C493&amp;ssl=1\" class=\"size-medium wp-image-190436\" src=\"https:\/\/i0.wp.com\/opresenterural.com.br\/wp-content\/uploads\/2025\/08\/shutterstock_2448573965.jpg?resize=300%2C200&amp;ssl=1\" alt width=\"300\" height=\"200\" srcset=\"https:\/\/i0.wp.com\/opresenterural.com.br\/wp-content\/uploads\/2025\/08\/shutterstock_2448573965.jpg?resize=300%2C200&amp;ssl=1 300w, https:\/\/i0.wp.com\/opresenterural.com.br\/wp-content\/uploads\/2025\/08\/shutterstock_2448573965.jpg?resize=1024%2C682&amp;ssl=1 1024w, https:\/\/i0.wp.com\/opresenterural.com.br\/wp-content\/uploads\/2025\/08\/shutterstock_2448573965.jpg?resize=768%2C512&amp;ssl=1 768w, https:\/\/i0.wp.com\/opresenterural.com.br\/wp-content\/uploads\/2025\/08\/shutterstock_2448573965.jpg?resize=600%2C400&amp;ssl=1 600w, https:\/\/i0.wp.com\/opresenterural.com.br\/wp-content\/uploads\/2025\/08\/shutterstock_2448573965.jpg?w=1400&amp;ssl=1 1400w\" sizes=\"(max-width: 300px) 100vw, 300px\"><\/p>\n<p id=\"caption-attachment-190436\" class=\"wp-caption-text\">Photo: Shutterstock<\/p>\n<\/div>\n<p data-start=\"1227\" data-end=\"1579\">da \u00e1rea nacional de soja havia sido colhida at\u00e9 17 de janeiro, percentual superior ao 1,2% observado no mesmo per\u00edodo da temporada passada. O ritmo mais adiantado dos trabalhos de campo refor\u00e7a a percep\u00e7\u00e3o de aumento da disponibilidade do gr\u00e3o nas pr\u00f3ximas semanas.<\/p>\n<p data-start=\"1581\" data-end=\"1832\" data-is-last-node data-is-only-node>Para o Cepea, enquanto o avan\u00e7o da colheita e o comportamento do c\u00e2mbio permanecerem desfavor\u00e1veis, o mercado tende a seguir marcado por cautela, com compradores aguardando maior oferta e vendedores enfrentando dificuldades para sustentar as cota\u00e7\u00f5es.<\/p>\n<\/div>\n<\/div>\n<\/div>\n<\/div>\n<div class=\"z-0 flex min-h-[46px] justify-start\"><\/div>\n<div class=\"mt-3 w-full empty:hidden\">\n<div class=\"text-center\">\n<div>\n<div class=\"inline-flex border border-gray-100 dark:border-gray-700 rounded-xl\">\n<div class=\"text-token-text-secondary flex items-center justify-center gap-4 px-4 py-2.5 text-sm whitespace-nowrap\"><\/div>\n<\/div>\n<\/div>\n<\/div>\n<\/div>\n<\/div>\n<h6><em>THE <strong>Bela Cereais<\/strong> works with the best grains on the market and also keeps you up to date with the latest news and analyses on agribusiness.<br \/>\nDon&#039;t forget to follow our social networks.<\/em><\/h6>\n<p><a href=\"https:\/\/opresenterural.com.br\/soja-recua-no-mercado-interno-com-dolar-mais-fraco-e-expectativa-de-safra-recorde\/\" target=\"_blank\" rel=\"noopener\">Access News Source <\/a><\/p>","protected":false},"excerpt":{"rendered":"<p>As cota\u00e7\u00f5es internas da soja registraram queda na \u00faltima semana, pressionadas principalmente pela desvaloriza\u00e7\u00e3o do&hellip;<\/p>","protected":false},"author":1,"featured_media":25026,"comment_status":"","ping_status":"","sticky":false,"template":"","format":"standard","meta":{"footnotes":""},"categories":[258],"tags":[],"class_list":["post-26687","post","type-post","status-publish","format-standard","has-post-thumbnail","hentry","category-safra"],"_links":{"self":[{"href":"https:\/\/belacereais.com.br\/en\/wp-json\/wp\/v2\/posts\/26687","targetHints":{"allow":["GET"]}}],"collection":[{"href":"https:\/\/belacereais.com.br\/en\/wp-json\/wp\/v2\/posts"}],"about":[{"href":"https:\/\/belacereais.com.br\/en\/wp-json\/wp\/v2\/types\/post"}],"author":[{"embeddable":true,"href":"https:\/\/belacereais.com.br\/en\/wp-json\/wp\/v2\/users\/1"}],"replies":[{"embeddable":true,"href":"https:\/\/belacereais.com.br\/en\/wp-json\/wp\/v2\/comments?post=26687"}],"version-history":[{"count":0,"href":"https:\/\/belacereais.com.br\/en\/wp-json\/wp\/v2\/posts\/26687\/revisions"}],"wp:featuredmedia":[{"embeddable":true,"href":"https:\/\/belacereais.com.br\/en\/wp-json\/wp\/v2\/media\/25026"}],"wp:attachment":[{"href":"https:\/\/belacereais.com.br\/en\/wp-json\/wp\/v2\/media?parent=26687"}],"wp:term":[{"taxonomy":"category","embeddable":true,"href":"https:\/\/belacereais.com.br\/en\/wp-json\/wp\/v2\/categories?post=26687"},{"taxonomy":"post_tag","embeddable":true,"href":"https:\/\/belacereais.com.br\/en\/wp-json\/wp\/v2\/tags?post=26687"}],"curies":[{"name":"wp","href":"https:\/\/api.w.org\/{rel}","templated":true}]}}